{"id":9004,"date":"2026-09-04T17:53:59","date_gmt":"2026-09-04T15:53:59","guid":{"rendered":"https:\/\/meteo-sain-bel.fr\/wp\/blog\/le-4-septembre-2026-a-15h53-apres-les-40c-des-orages-violents-pourraient-ils-surprendre-la-france\/"},"modified":"2026-09-04T17:53:59","modified_gmt":"2026-09-04T15:53:59","slug":"le-4-septembre-2026-a-15h53-apres-les-40c-des-orages-violents-pourraient-ils-surprendre-la-france","status":"publish","type":"post","link":"https:\/\/meteo-sain-bel.fr\/wp\/blog\/le-4-septembre-2026-a-15h53-apres-les-40c-des-orages-violents-pourraient-ils-surprendre-la-france\/","title":{"rendered":"le 4 septembre 2026 \u00e0 15h53  Apr\u00e8s les 40\u00b0C, des orages violents pourraient-ils surprendre la France\u00a0?"},"content":{"rendered":"<p>M\u00e9t\u00e9o\u00a0 Republi\u00e9 via Innoreader <a href=\"https:\/\/www.meteo-paris.com\/actualites\/apres-les-400c-des-orages-violents-pourraient-surprendre-la-france\" target=\"_blank\" class=\"feedzy-rss-link-icon\">Lire la Suite<\/a><\/p>\n<p><img decoding=\"async\" alt=\"\" src=\"https:\/\/www.meteo-paris.com\/uploads\/actu\/risque%20orage%20illustration%20septembre.jpg\" \/><\/p>\n<p><em><strong>Alors que l&#8217;\u00e9t\u00e9 m\u00e9t\u00e9orologique vient de se terminer, la France et notamment le sud du pays subit une nouvelle p\u00e9riode caniculaire. Une p\u00e9riode de chaleur tardive qui pourrait bien se terminer sous les orages sur une partie du pays.\u00a0<\/strong><\/em><\/p>\n<p>\u00a0<\/p>\n<h2>La chaleur va bient\u00f4t prendre fin<\/h2>\n<p>\u00a0<\/p>\n<p>Un nouveau regain de chaleur tardif est observ\u00e9 sur notre pays cette semaine. De l&#8217;air tr\u00e8s chaud, notamment pour un d\u00e9but septembre, remonte en effet du nord-ouest de l&#8217;Afrique vers la France gr\u00e2ce \u00e0 la mise en place d&#8217;un flux de sud\/sud-ouest en altitude.<\/p>\n<p>\u00a0<\/p>\n<p>Cet air tr\u00e8s chaud concerne notamment le sud de la France en cette fin de semaine avec des valeurs parfois records observ\u00e9es et un pic attendu pour la journ\u00e9e de dimanche. Dans le m\u00eame temps, le nord-ouest du pays conserve un air bien plus respirable, parfois m\u00eame assez frais le long des c\u00f4tes de la Manche en raison d&#8217;une influence restant plus oc\u00e9anique sur ces r\u00e9gions.<\/p>\n<p>\u00a0<\/p>\n<p>Si un tel conflit de masse d&#8217;air peut s&#8217;av\u00e9rer synonyme d&#8217;orages dans certaines situation, l&#8217;anticyclone des A\u00e7ores \u00e9tend son influence vers la France depuis maintenant plusieurs jours, maintenant un temps majoritairement calme, sec et globalement ensoleill\u00e9 sur notre pays.<\/p>\n<p><img decoding=\"async\" alt=\"\" src=\"https:\/\/www.meteo-paris.com\/uploads\/actu\/situation%204%20septembre%202026.png\" \/><\/p>\n<p><em><strong>Situation du vendredi 4 septembre 2026 sur l&#8217;Europe <\/strong><\/em>\u2013 Mod\u00e8le ECMWF via WX CHARTS<\/p>\n<p>\u00a0<\/p>\n<p>La situation va n\u00e9anmoins \u00e9voluer d&#8217;ici le d\u00e9but de semaine prochaine. Une vaste zone d\u00e9pressionnaire circulera en effet de l&#8217;Atlantique vers le nord des \u00eeles britanniques puis vers la mer du Nord en premi\u00e8re partie de semaine prochaine tandis que l&#8217;anticyclone des A\u00e7ores reculera vers l&#8217;ouest, permettant \u00e0 l&#8217;air oc\u00e9anique de s&#8217;engouffrer plus franchement vers la France par le nord-ouest.<\/p>\n<p>\u00a0<\/p>\n<p>La chaleur marqu\u00e9e pour la p\u00e9riode sur le sud du pays sera ainsi repouss\u00e9e vers le sud-est, concernant plut\u00f4t la M\u00e9diterran\u00e9e et la p\u00e9ninsule ib\u00e9rique d&#8217;ici le milieu de semaine prochaine.<\/p>\n<p><img decoding=\"async\" alt=\"\" src=\"https:\/\/www.meteo-paris.com\/uploads\/actu\/situation%208%20septembre%202026.png\" \/><\/p>\n<p><em><strong>Situation du mardi 8 septembre 2026 <\/strong><\/em>\u2013 Mod\u00e8le ECMWF via WX CHARTS<\/p>\n<p>\u00a0<\/p>\n<p>Comment souvent dans ce genre de situation, l&#8217;arriv\u00e9e d&#8217;air oc\u00e9anique plus d\u00e9pressionnaire sur de l&#8217;air encore chaud en basses couches sera synonyme d&#8217;un risque d&#8217;orage potentiellement marqu\u00e9 sur notre pays.<\/p>\n<p>\u00a0<\/p>\n<h2>Des orages parfois virulents au programme\u00a0?<\/h2>\n<p>\u00a0<\/p>\n<p>Les premiers orages devraient \u00eatre observ\u00e9s entre dimanche et lundi sur notre pays. En journ\u00e9e de dimanche, des orages parfois actifs devraient d\u00e9border de l&#8217;Atlantique vers le centre-ouest avant de se propager peu \u00e0 peu vers l&#8217;est d&#8217;ici la nuit suivante. Ceux-ci devraient rester le plus souvent mod\u00e9r\u00e9s m\u00eame si des ph\u00e9nom\u00e8nes localement forts ne sont pas exclus sur le centre-ouest. Dans le m\u00eame temps, quelques orages plus isol\u00e9s et peu actifs pourraient se d\u00e9velopper sur les reliefs du sud.<\/p>\n<p>\u00a0<\/p>\n<p>Lundi, le risque d&#8217;orage se cantonnerait plut\u00f4t aux abords des reliefs du sud, notamment entre le Massif Central et les Alpes avec l\u00e0 encore des orages le plus souvent mod\u00e9r\u00e9es, tr\u00e8s localement forts, capables de produire des pluies intenses et des chutes de gr\u00eale localis\u00e9es.<\/p>\n<p><img decoding=\"async\" alt=\"\" src=\"https:\/\/www.meteo-paris.com\/uploads\/actu\/orages%20dimanche%206%20lundi%207%20septembre.png\" \/><\/p>\n<p><em><strong>Risque d&#8217;orage entre dimanche 6 et lundi 7 septembre 2026 sur la France<\/strong><\/em> \u2013 ECMWF via meteologix<\/p>\n<p>\u00a0<\/p>\n<p>Un thalweg d&#8217;altitude devrait ensuite balayer la France entre mardi et mercredi avec de l&#8217;air plus oc\u00e9anique envahissant plus franchement notre pays.<\/p>\n<p>\u00a0<\/p>\n<p>Contrairement \u00e0 la majorit\u00e9 des d\u00e9gradations orageuses de fin d&#8217;\u00e9t\u00e9, le risque d&#8217;orage devrait n\u00e9anmoins rester assez limit\u00e9 sur une large partie du pays. En effet, c&#8217;est en allant vers le sud-est que ce risque devrait se montrer le plus franc, zone o\u00f9 le conflit entre air chaud et air plus frais en altitude sera la plus marqu\u00e9.<\/p>\n<p>\u00a0<\/p>\n<p>Mardi, le risque orageux devrait rester limit\u00e9 sur la France alors qu&#8217;un front pluvieux d\u00e9bordera du sur le nord-ouest du pays. C&#8217;est ensuite entre la nuit suivante et la journ\u00e9e de mercredi que des orages pourraient se former \u00e0 l&#8217;avant imm\u00e9diat puis au passage du front, notamment des Pyr\u00e9n\u00e9es aux Alpes puis \u00e0 la Corse, ces r\u00e9gions profitant d&#8217;une instabilit\u00e9 plus franche de la masse d&#8217;air.<\/p>\n<p><img decoding=\"async\" alt=\"\" src=\"https:\/\/www.meteo-paris.com\/uploads\/actu\/risque%20orage%208%209%20septembre.png\" \/><\/p>\n<p><em><strong>Risque d&#8217;orage sur la France pour mardi 8 et mercredi 9 septembre 2026 <\/strong><\/em>\u2013 M\u00e9t\u00e9o-Villes<\/p>\n<p>\u00a0<\/p>\n<p>Sur les secteurs cit\u00e9s pr\u00e9c\u00e9demment, des orages localement virulents ne seront pas exclus lors de cette d\u00e9gradation, bien que la situation restera \u00e0 confirmer dans les prochains jours.<\/p>\n<p>\u00a0<\/p>\n<p>Pour le moment, aucune d\u00e9gradation orageuse particuli\u00e8rement virulente et g\u00e9n\u00e9ralis\u00e9e n&#8217;est donc attendue sur notre pays malgr\u00e9 le retour de l&#8217;air plus oc\u00e9anique apr\u00e8s ce nouveau coup de chaud.<\/p>\n<p>\u00a0<\/p>\n<p><strong>\u00c0 lire \u00e9galement <\/strong>:<\/p>\n<p>&gt;&gt;&gt;\u00a0<a href=\"https:\/\/www.meteo-paris.com\/actualites\/jamais-plus-de-410c-en-septembre-en-france-ce-record-historique-pourrait-tomber-ce-week-end\">Jamais 42\u00b0C en septembre en France : le record pourrait tomber dimanche<\/a><\/p>\n<p>&gt;&gt;&gt;\u00a0<a href=\"https:\/\/www.meteo-paris.com\/actualites\/meteo-france-declenche-une-vigilance-orange-canicule-une-situation-rarissime-en-septembre\">M\u00e9t\u00e9o-France d\u00e9clenche une vigilance orange canicule, une situation rarissime en septembre<\/a><\/p>\n<p>&gt;&gt;&gt;\u00a0<a href=\"https:\/\/www.meteo-paris.com\/actualites\/l-hiver-montre-deja-ses-premiers-signes-dans-l-hemisphere-nord\">L\u2019hiver montre d\u00e9j\u00e0 ses premiers signes dans l\u2019h\u00e9misph\u00e8re Nord<\/a><\/p>\n<p>&gt;&gt;&gt; <a href=\"https:\/\/www.meteo-paris.com\/chronique\">Notre chronique sur les \u00e9v\u00e8nements climatiques en France, depuis 1850<\/a><\/p>\n<p>&gt;&gt;&gt; <a href=\"https:\/\/www.meteo-villes.com\/france\/previsions\">Notre bulletin m\u00e9t\u00e9o r\u00e9actualis\u00e9 quotidiennement<\/a><\/p>\n<p>&gt;&gt;&gt; <a href=\"https:\/\/x.com\/Meteovilles\">Notre compte Twitter tr\u00e8s suivi et r\u00e9f\u00e9rence dans tous les m\u00e9dias !<\/a><\/p>\n<p>\u00a0<\/p>\n<p>Auteur : <a href=\"https:\/\/x.com\/BergenTristan\">Tristan Bergen<\/a><\/p>","protected":false},"excerpt":{"rendered":"<p>M\u00e9t\u00e9o\u00a0 Republi\u00e9 via Innoreader Lire la Suite Alors que l&#8217;\u00e9t\u00e9 m\u00e9t\u00e9orologique vient de se terminer, la France et notamment le sud du pays subit une [&hellip;]<\/p>\n","protected":false},"author":1,"featured_media":9005,"comment_status":"open","ping_status":"open","sticky":false,"template":"","format":"standard","meta":{"content-type":"","_uag_custom_page_level_css":"","site-sidebar-layout":"default","site-content-layout":"","ast-site-content-layout":"default","site-content-style":"default","site-sidebar-style":"default","ast-global-header-display":"","ast-banner-title-visibility":"","ast-main-header-display":"","ast-hfb-above-header-display":"","ast-hfb-below-header-display":"","ast-hfb-mobile-header-display":"","site-post-title":"","ast-breadcrumbs-content":"","ast-featured-img":"","footer-sml-layout":"","ast-disable-related-posts":"","theme-transparent-header-meta":"","adv-header-id-meta":"","stick-header-meta":"","header-above-stick-meta":"","header-main-stick-meta":"","header-below-stick-meta":"","astra-migrate-meta-layouts":"default","ast-page-background-enabled":"default","ast-page-background-meta":{"desktop":{"background-color":"var(--ast-global-color-4)","background-image":"","background-repeat":"repeat","background-position":"center center","background-size":"auto","background-attachment":"scroll","background-type":"","background-media":"","overlay-type":"","overlay-color":"","overlay-opacity":"","overlay-gradient":""},"tablet":{"background-color":"","background-image":"","background-repeat":"repeat","background-position":"center center","background-size":"auto","background-attachment":"scroll","background-type":"","background-media":"","overlay-type":"","overlay-color":"","overlay-opacity":"","overlay-gradient":""},"mobile":{"background-color":"","background-image":"","background-repeat":"repeat","background-position":"center center","background-size":"auto","background-attachment":"scroll","background-type":"","background-media":"","overlay-type":"","overlay-color":"","overlay-opacity":"","overlay-gradient":""}},"ast-content-background-meta":{"desktop":{"background-color":"var(--ast-global-color-5)","background-image":"","background-repeat":"repeat","background-position":"center center","background-size":"auto","background-attachment":"scroll","background-type":"","background-media":"","overlay-type":"","overlay-color":"","overlay-opacity":"","overlay-gradient":""},"tablet":{"background-color":"var(--ast-global-color-5)","background-image":"","background-repeat":"repeat","background-position":"center center","background-size":"auto","background-attachment":"scroll","background-type":"","background-media":"","overlay-type":"","overlay-color":"","overlay-opacity":"","overlay-gradient":""},"mobile":{"background-color":"var(--ast-global-color-5)","background-image":"","background-repeat":"repeat","background-position":"center center","background-size":"auto","background-attachment":"scroll","background-type":"","background-media":"","overlay-type":"","overlay-color":"","overlay-opacity":"","overlay-gradient":""}},"footnotes":""},"categories":[6],"tags":[],"class_list":["post-9004","post","type-post","status-publish","format-standard","has-post-thumbnail","hentry","category-externes"],"yoast_head":"<!-- This site is optimized with the Yoast SEO plugin v28.4 - https:\/\/yoast.com\/product\/yoast-seo-wordpress\/ -->\n<title>le 4 septembre 2026 \u00e0 15h53 Apr\u00e8s les 40\u00b0C, des orages violents pourraient-ils surprendre la France\u00a0? - Meteo Sain-Bel<\/title>\n<meta name=\"robots\" content=\"index, follow, max-snippet:-1, max-image-preview:large, max-video-preview:-1\" \/>\n<link rel=\"canonical\" href=\"https:\/\/meteo-sain-bel.fr\/wp\/blog\/le-4-septembre-2026-a-15h53-apres-les-40c-des-orages-violents-pourraient-ils-surprendre-la-france\/\" \/>\n<meta property=\"og:locale\" content=\"fr_FR\" \/>\n<meta property=\"og:type\" content=\"article\" \/>\n<meta property=\"og:title\" content=\"le 4 septembre 2026 \u00e0 15h53 Apr\u00e8s les 40\u00b0C, des orages violents pourraient-ils surprendre la France\u00a0? - Meteo Sain-Bel\" \/>\n<meta property=\"og:description\" content=\"M\u00e9t\u00e9o\u00a0 Republi\u00e9 via Innoreader Lire la Suite Alors que l&#8217;\u00e9t\u00e9 m\u00e9t\u00e9orologique vient de se terminer, la France et notamment le sud du pays subit une [&hellip;]\" \/>\n<meta property=\"og:url\" content=\"https:\/\/meteo-sain-bel.fr\/wp\/blog\/le-4-septembre-2026-a-15h53-apres-les-40c-des-orages-violents-pourraient-ils-surprendre-la-france\/\" \/>\n<meta property=\"og:site_name\" content=\"Meteo Sain-Bel\" \/>\n<meta property=\"article:publisher\" content=\"https:\/\/www.facebook.com\/meteosainbel\" \/>\n<meta property=\"article:published_time\" content=\"2026-09-04T15:53:59+00:00\" \/>\n<meta property=\"og:image\" content=\"https:\/\/www.meteo-paris.com\/uploads\/actu\/risque%20orage%20illustration%20septembre.jpg\" \/>\n<meta name=\"author\" content=\"Webmaster Meteo Sain-Bel\" \/>\n<meta name=\"twitter:card\" content=\"summary_large_image\" \/>\n<meta name=\"twitter:creator\" content=\"@pichej\" \/>\n<meta name=\"twitter:site\" content=\"@pichej\" \/>\n<script type=\"application\/ld+json\" class=\"yoast-schema-graph\">{\"@context\":\"https:\\\/\\\/schema.org\",\"@graph\":[{\"@type\":\"Article\",\"@id\":\"https:\\\/\\\/meteo-sain-bel.fr\\\/wp\\\/blog\\\/le-4-septembre-2026-a-15h53-apres-les-40c-des-orages-violents-pourraient-ils-surprendre-la-france\\\/#article\",\"isPartOf\":{\"@id\":\"https:\\\/\\\/meteo-sain-bel.fr\\\/wp\\\/blog\\\/le-4-septembre-2026-a-15h53-apres-les-40c-des-orages-violents-pourraient-ils-surprendre-la-france\\\/\"},\"author\":{\"name\":\"Webmaster Meteo Sain-Bel\",\"@id\":\"https:\\\/\\\/meteo-sain-bel.fr\\\/wp\\\/#\\\/schema\\\/person\\\/01aaa16bd38fc34093b74f9fe631ce9f\"},\"headline\":\"le 4 septembre 2026 \u00e0 15h53 Apr\u00e8s les 40\u00b0C, des orages violents pourraient-ils surprendre la France\u00a0?\",\"datePublished\":\"2026-09-04T15:53:59+00:00\",\"mainEntityOfPage\":{\"@id\":\"https:\\\/\\\/meteo-sain-bel.fr\\\/wp\\\/blog\\\/le-4-septembre-2026-a-15h53-apres-les-40c-des-orages-violents-pourraient-ils-surprendre-la-france\\\/\"},\"wordCount\":883,\"commentCount\":0,\"publisher\":{\"@id\":\"https:\\\/\\\/meteo-sain-bel.fr\\\/wp\\\/#organization\"},\"image\":{\"@id\":\"https:\\\/\\\/meteo-sain-bel.fr\\\/wp\\\/blog\\\/le-4-septembre-2026-a-15h53-apres-les-40c-des-orages-violents-pourraient-ils-surprendre-la-france\\\/#primaryimage\"},\"thumbnailUrl\":\"https:\\\/\\\/meteo-sain-bel.fr\\\/wp\\\/wp-content\\\/uploads\\\/2026\\\/09\\\/risque20orage20illustration20septembre-oNZNJj.jpg\",\"articleSection\":[\"Sources Externes\"],\"inLanguage\":\"fr-FR\",\"potentialAction\":[{\"@type\":\"CommentAction\",\"name\":\"Comment\",\"target\":[\"https:\\\/\\\/meteo-sain-bel.fr\\\/wp\\\/blog\\\/le-4-septembre-2026-a-15h53-apres-les-40c-des-orages-violents-pourraient-ils-surprendre-la-france\\\/#respond\"]}]},{\"@type\":\"WebPage\",\"@id\":\"https:\\\/\\\/meteo-sain-bel.fr\\\/wp\\\/blog\\\/le-4-septembre-2026-a-15h53-apres-les-40c-des-orages-violents-pourraient-ils-surprendre-la-france\\\/\",\"url\":\"https:\\\/\\\/meteo-sain-bel.fr\\\/wp\\\/blog\\\/le-4-septembre-2026-a-15h53-apres-les-40c-des-orages-violents-pourraient-ils-surprendre-la-france\\\/\",\"name\":\"le 4 septembre 2026 \u00e0 15h53 Apr\u00e8s les 40\u00b0C, des orages violents pourraient-ils surprendre la France\u00a0? - Meteo Sain-Bel\",\"isPartOf\":{\"@id\":\"https:\\\/\\\/meteo-sain-bel.fr\\\/wp\\\/#website\"},\"primaryImageOfPage\":{\"@id\":\"https:\\\/\\\/meteo-sain-bel.fr\\\/wp\\\/blog\\\/le-4-septembre-2026-a-15h53-apres-les-40c-des-orages-violents-pourraient-ils-surprendre-la-france\\\/#primaryimage\"},\"image\":{\"@id\":\"https:\\\/\\\/meteo-sain-bel.fr\\\/wp\\\/blog\\\/le-4-septembre-2026-a-15h53-apres-les-40c-des-orages-violents-pourraient-ils-surprendre-la-france\\\/#primaryimage\"},\"thumbnailUrl\":\"https:\\\/\\\/meteo-sain-bel.fr\\\/wp\\\/wp-content\\\/uploads\\\/2026\\\/09\\\/risque20orage20illustration20septembre-oNZNJj.jpg\",\"datePublished\":\"2026-09-04T15:53:59+00:00\",\"breadcrumb\":{\"@id\":\"https:\\\/\\\/meteo-sain-bel.fr\\\/wp\\\/blog\\\/le-4-septembre-2026-a-15h53-apres-les-40c-des-orages-violents-pourraient-ils-surprendre-la-france\\\/#breadcrumb\"},\"inLanguage\":\"fr-FR\",\"potentialAction\":[{\"@type\":\"ReadAction\",\"target\":[\"https:\\\/\\\/meteo-sain-bel.fr\\\/wp\\\/blog\\\/le-4-septembre-2026-a-15h53-apres-les-40c-des-orages-violents-pourraient-ils-surprendre-la-france\\\/\"]}]},{\"@type\":\"ImageObject\",\"inLanguage\":\"fr-FR\",\"@id\":\"https:\\\/\\\/meteo-sain-bel.fr\\\/wp\\\/blog\\\/le-4-septembre-2026-a-15h53-apres-les-40c-des-orages-violents-pourraient-ils-surprendre-la-france\\\/#primaryimage\",\"url\":\"https:\\\/\\\/meteo-sain-bel.fr\\\/wp\\\/wp-content\\\/uploads\\\/2026\\\/09\\\/risque20orage20illustration20septembre-oNZNJj.jpg\",\"contentUrl\":\"https:\\\/\\\/meteo-sain-bel.fr\\\/wp\\\/wp-content\\\/uploads\\\/2026\\\/09\\\/risque20orage20illustration20septembre-oNZNJj.jpg\",\"width\":1518,\"height\":1036},{\"@type\":\"BreadcrumbList\",\"@id\":\"https:\\\/\\\/meteo-sain-bel.fr\\\/wp\\\/blog\\\/le-4-septembre-2026-a-15h53-apres-les-40c-des-orages-violents-pourraient-ils-surprendre-la-france\\\/#breadcrumb\",\"itemListElement\":[{\"@type\":\"ListItem\",\"position\":1,\"name\":\"Accueil\",\"item\":\"https:\\\/\\\/meteo-sain-bel.fr\\\/wp\\\/\"},{\"@type\":\"ListItem\",\"position\":2,\"name\":\"le 4 septembre 2026 \u00e0 15h53 Apr\u00e8s les 40\u00b0C, des orages violents pourraient-ils surprendre la France\u00a0?\"}]},{\"@type\":\"WebSite\",\"@id\":\"https:\\\/\\\/meteo-sain-bel.fr\\\/wp\\\/#website\",\"url\":\"https:\\\/\\\/meteo-sain-bel.fr\\\/wp\\\/\",\"name\":\"Meteo Sain-Bel\",\"description\":\"Station m\u00e9t\u00e9orologique, donn\u00e9es en temps r\u00e9el 24h\\\/24 et Webcam \u00e0 Sain-Bel (69210) Pays de l\u2019Arbresle, 69 Rh\u00f4ne, France\",\"publisher\":{\"@id\":\"https:\\\/\\\/meteo-sain-bel.fr\\\/wp\\\/#organization\"},\"alternateName\":\"Site m\u00e9t\u00e9o de Sain-Bel, Rh\u00f4ne\",\"potentialAction\":[{\"@type\":\"SearchAction\",\"target\":{\"@type\":\"EntryPoint\",\"urlTemplate\":\"https:\\\/\\\/meteo-sain-bel.fr\\\/wp\\\/?s={search_term_string}\"},\"query-input\":{\"@type\":\"PropertyValueSpecification\",\"valueRequired\":true,\"valueName\":\"search_term_string\"}}],\"inLanguage\":\"fr-FR\"},{\"@type\":\"Organization\",\"@id\":\"https:\\\/\\\/meteo-sain-bel.fr\\\/wp\\\/#organization\",\"name\":\"Meteo Sain-Bel\",\"url\":\"https:\\\/\\\/meteo-sain-bel.fr\\\/wp\\\/\",\"logo\":{\"@type\":\"ImageObject\",\"inLanguage\":\"fr-FR\",\"@id\":\"https:\\\/\\\/meteo-sain-bel.fr\\\/wp\\\/#\\\/schema\\\/logo\\\/image\\\/\",\"url\":\"https:\\\/\\\/meteo-sain-bel.fr\\\/wp\\\/wp-content\\\/uploads\\\/2026\\\/08\\\/cropped-logoMeteo2026sansfond-1.png\",\"contentUrl\":\"https:\\\/\\\/meteo-sain-bel.fr\\\/wp\\\/wp-content\\\/uploads\\\/2026\\\/08\\\/cropped-logoMeteo2026sansfond-1.png\",\"width\":397,\"height\":396,\"caption\":\"Meteo Sain-Bel\"},\"image\":{\"@id\":\"https:\\\/\\\/meteo-sain-bel.fr\\\/wp\\\/#\\\/schema\\\/logo\\\/image\\\/\"},\"sameAs\":[\"https:\\\/\\\/www.facebook.com\\\/meteosainbel\",\"https:\\\/\\\/x.com\\\/pichej\",\"https:\\\/\\\/www.instagram.com\\\/pichej\"]},{\"@type\":\"Person\",\"@id\":\"https:\\\/\\\/meteo-sain-bel.fr\\\/wp\\\/#\\\/schema\\\/person\\\/01aaa16bd38fc34093b74f9fe631ce9f\",\"name\":\"Webmaster Meteo Sain-Bel\",\"image\":{\"@type\":\"ImageObject\",\"inLanguage\":\"fr-FR\",\"@id\":\"https:\\\/\\\/secure.gravatar.com\\\/avatar\\\/fbbe8b1b88f3bedc77cf954f56a4f23bb0cac63f504868560f513f1ccb1405ee?s=96&r=g\",\"url\":\"https:\\\/\\\/secure.gravatar.com\\\/avatar\\\/fbbe8b1b88f3bedc77cf954f56a4f23bb0cac63f504868560f513f1ccb1405ee?s=96&r=g\",\"contentUrl\":\"https:\\\/\\\/secure.gravatar.com\\\/avatar\\\/fbbe8b1b88f3bedc77cf954f56a4f23bb0cac63f504868560f513f1ccb1405ee?s=96&r=g\",\"caption\":\"Webmaster Meteo Sain-Bel\"},\"sameAs\":[\"http:\\\/\\\/meteo-sain-bel.fr\\\/wp\"],\"url\":\"https:\\\/\\\/meteo-sain-bel.fr\\\/wp\\\/blog\\\/author\\\/admin\\\/\"}]}<\/script>\n<!-- \/ Yoast SEO plugin. -->","yoast_head_json":{"title":"le 4 septembre 2026 \u00e0 15h53 Apr\u00e8s les 40\u00b0C, des orages violents pourraient-ils surprendre la France\u00a0? - Meteo Sain-Bel","robots":{"index":"index","follow":"follow","max-snippet":"max-snippet:-1","max-image-preview":"max-image-preview:large","max-video-preview":"max-video-preview:-1"},"canonical":"https:\/\/meteo-sain-bel.fr\/wp\/blog\/le-4-septembre-2026-a-15h53-apres-les-40c-des-orages-violents-pourraient-ils-surprendre-la-france\/","og_locale":"fr_FR","og_type":"article","og_title":"le 4 septembre 2026 \u00e0 15h53 Apr\u00e8s les 40\u00b0C, des orages violents pourraient-ils surprendre la France\u00a0? - Meteo Sain-Bel","og_description":"M\u00e9t\u00e9o\u00a0 Republi\u00e9 via Innoreader Lire la Suite Alors que l&#8217;\u00e9t\u00e9 m\u00e9t\u00e9orologique vient de se terminer, la France et notamment le sud du pays subit une [&hellip;]","og_url":"https:\/\/meteo-sain-bel.fr\/wp\/blog\/le-4-septembre-2026-a-15h53-apres-les-40c-des-orages-violents-pourraient-ils-surprendre-la-france\/","og_site_name":"Meteo Sain-Bel","article_publisher":"https:\/\/www.facebook.com\/meteosainbel","article_published_time":"2026-09-04T15:53:59+00:00","og_image":[{"url":"https:\/\/www.meteo-paris.com\/uploads\/actu\/risque%20orage%20illustration%20septembre.jpg","type":"","width":"","height":""}],"author":"Webmaster Meteo Sain-Bel","twitter_card":"summary_large_image","twitter_creator":"@pichej","twitter_site":"@pichej","schema":{"@context":"https:\/\/schema.org","@graph":[{"@type":"Article","@id":"https:\/\/meteo-sain-bel.fr\/wp\/blog\/le-4-septembre-2026-a-15h53-apres-les-40c-des-orages-violents-pourraient-ils-surprendre-la-france\/#article","isPartOf":{"@id":"https:\/\/meteo-sain-bel.fr\/wp\/blog\/le-4-septembre-2026-a-15h53-apres-les-40c-des-orages-violents-pourraient-ils-surprendre-la-france\/"},"author":{"name":"Webmaster Meteo Sain-Bel","@id":"https:\/\/meteo-sain-bel.fr\/wp\/#\/schema\/person\/01aaa16bd38fc34093b74f9fe631ce9f"},"headline":"le 4 septembre 2026 \u00e0 15h53 Apr\u00e8s les 40\u00b0C, des orages violents pourraient-ils surprendre la France\u00a0?","datePublished":"2026-09-04T15:53:59+00:00","mainEntityOfPage":{"@id":"https:\/\/meteo-sain-bel.fr\/wp\/blog\/le-4-septembre-2026-a-15h53-apres-les-40c-des-orages-violents-pourraient-ils-surprendre-la-france\/"},"wordCount":883,"commentCount":0,"publisher":{"@id":"https:\/\/meteo-sain-bel.fr\/wp\/#organization"},"image":{"@id":"https:\/\/meteo-sain-bel.fr\/wp\/blog\/le-4-septembre-2026-a-15h53-apres-les-40c-des-orages-violents-pourraient-ils-surprendre-la-france\/#primaryimage"},"thumbnailUrl":"https:\/\/meteo-sain-bel.fr\/wp\/wp-content\/uploads\/2026\/09\/risque20orage20illustration20septembre-oNZNJj.jpg","articleSection":["Sources Externes"],"inLanguage":"fr-FR","potentialAction":[{"@type":"CommentAction","name":"Comment","target":["https:\/\/meteo-sain-bel.fr\/wp\/blog\/le-4-septembre-2026-a-15h53-apres-les-40c-des-orages-violents-pourraient-ils-surprendre-la-france\/#respond"]}]},{"@type":"WebPage","@id":"https:\/\/meteo-sain-bel.fr\/wp\/blog\/le-4-septembre-2026-a-15h53-apres-les-40c-des-orages-violents-pourraient-ils-surprendre-la-france\/","url":"https:\/\/meteo-sain-bel.fr\/wp\/blog\/le-4-septembre-2026-a-15h53-apres-les-40c-des-orages-violents-pourraient-ils-surprendre-la-france\/","name":"le 4 septembre 2026 \u00e0 15h53 Apr\u00e8s les 40\u00b0C, des orages violents pourraient-ils surprendre la France\u00a0? - Meteo Sain-Bel","isPartOf":{"@id":"https:\/\/meteo-sain-bel.fr\/wp\/#website"},"primaryImageOfPage":{"@id":"https:\/\/meteo-sain-bel.fr\/wp\/blog\/le-4-septembre-2026-a-15h53-apres-les-40c-des-orages-violents-pourraient-ils-surprendre-la-france\/#primaryimage"},"image":{"@id":"https:\/\/meteo-sain-bel.fr\/wp\/blog\/le-4-septembre-2026-a-15h53-apres-les-40c-des-orages-violents-pourraient-ils-surprendre-la-france\/#primaryimage"},"thumbnailUrl":"https:\/\/meteo-sain-bel.fr\/wp\/wp-content\/uploads\/2026\/09\/risque20orage20illustration20septembre-oNZNJj.jpg","datePublished":"2026-09-04T15:53:59+00:00","breadcrumb":{"@id":"https:\/\/meteo-sain-bel.fr\/wp\/blog\/le-4-septembre-2026-a-15h53-apres-les-40c-des-orages-violents-pourraient-ils-surprendre-la-france\/#breadcrumb"},"inLanguage":"fr-FR","potentialAction":[{"@type":"ReadAction","target":["https:\/\/meteo-sain-bel.fr\/wp\/blog\/le-4-septembre-2026-a-15h53-apres-les-40c-des-orages-violents-pourraient-ils-surprendre-la-france\/"]}]},{"@type":"ImageObject","inLanguage":"fr-FR","@id":"https:\/\/meteo-sain-bel.fr\/wp\/blog\/le-4-septembre-2026-a-15h53-apres-les-40c-des-orages-violents-pourraient-ils-surprendre-la-france\/#primaryimage","url":"https:\/\/meteo-sain-bel.fr\/wp\/wp-content\/uploads\/2026\/09\/risque20orage20illustration20septembre-oNZNJj.jpg","contentUrl":"https:\/\/meteo-sain-bel.fr\/wp\/wp-content\/uploads\/2026\/09\/risque20orage20illustration20septembre-oNZNJj.jpg","width":1518,"height":1036},{"@type":"BreadcrumbList","@id":"https:\/\/meteo-sain-bel.fr\/wp\/blog\/le-4-septembre-2026-a-15h53-apres-les-40c-des-orages-violents-pourraient-ils-surprendre-la-france\/#breadcrumb","itemListElement":[{"@type":"ListItem","position":1,"name":"Accueil","item":"https:\/\/meteo-sain-bel.fr\/wp\/"},{"@type":"ListItem","position":2,"name":"le 4 septembre 2026 \u00e0 15h53 Apr\u00e8s les 40\u00b0C, des orages violents pourraient-ils surprendre la France\u00a0?"}]},{"@type":"WebSite","@id":"https:\/\/meteo-sain-bel.fr\/wp\/#website","url":"https:\/\/meteo-sain-bel.fr\/wp\/","name":"Meteo Sain-Bel","description":"Station m\u00e9t\u00e9orologique, donn\u00e9es en temps r\u00e9el 24h\/24 et Webcam \u00e0 Sain-Bel (69210) Pays de l\u2019Arbresle, 69 Rh\u00f4ne, France","publisher":{"@id":"https:\/\/meteo-sain-bel.fr\/wp\/#organization"},"alternateName":"Site m\u00e9t\u00e9o de Sain-Bel, Rh\u00f4ne","potentialAction":[{"@type":"SearchAction","target":{"@type":"EntryPoint","urlTemplate":"https:\/\/meteo-sain-bel.fr\/wp\/?s={search_term_string}"},"query-input":{"@type":"PropertyValueSpecification","valueRequired":true,"valueName":"search_term_string"}}],"inLanguage":"fr-FR"},{"@type":"Organization","@id":"https:\/\/meteo-sain-bel.fr\/wp\/#organization","name":"Meteo Sain-Bel","url":"https:\/\/meteo-sain-bel.fr\/wp\/","logo":{"@type":"ImageObject","inLanguage":"fr-FR","@id":"https:\/\/meteo-sain-bel.fr\/wp\/#\/schema\/logo\/image\/","url":"https:\/\/meteo-sain-bel.fr\/wp\/wp-content\/uploads\/2026\/08\/cropped-logoMeteo2026sansfond-1.png","contentUrl":"https:\/\/meteo-sain-bel.fr\/wp\/wp-content\/uploads\/2026\/08\/cropped-logoMeteo2026sansfond-1.png","width":397,"height":396,"caption":"Meteo Sain-Bel"},"image":{"@id":"https:\/\/meteo-sain-bel.fr\/wp\/#\/schema\/logo\/image\/"},"sameAs":["https:\/\/www.facebook.com\/meteosainbel","https:\/\/x.com\/pichej","https:\/\/www.instagram.com\/pichej"]},{"@type":"Person","@id":"https:\/\/meteo-sain-bel.fr\/wp\/#\/schema\/person\/01aaa16bd38fc34093b74f9fe631ce9f","name":"Webmaster Meteo Sain-Bel","image":{"@type":"ImageObject","inLanguage":"fr-FR","@id":"https:\/\/secure.gravatar.com\/avatar\/fbbe8b1b88f3bedc77cf954f56a4f23bb0cac63f504868560f513f1ccb1405ee?s=96&r=g","url":"https:\/\/secure.gravatar.com\/avatar\/fbbe8b1b88f3bedc77cf954f56a4f23bb0cac63f504868560f513f1ccb1405ee?s=96&r=g","contentUrl":"https:\/\/secure.gravatar.com\/avatar\/fbbe8b1b88f3bedc77cf954f56a4f23bb0cac63f504868560f513f1ccb1405ee?s=96&r=g","caption":"Webmaster Meteo Sain-Bel"},"sameAs":["http:\/\/meteo-sain-bel.fr\/wp"],"url":"https:\/\/meteo-sain-bel.fr\/wp\/blog\/author\/admin\/"}]}},"uagb_featured_image_src":{"full":["https:\/\/meteo-sain-bel.fr\/wp\/wp-content\/uploads\/2026\/09\/risque20orage20illustration20septembre-oNZNJj.jpg",1518,1036,false],"thumbnail":["https:\/\/meteo-sain-bel.fr\/wp\/wp-content\/uploads\/2026\/09\/risque20orage20illustration20septembre-oNZNJj-150x150.jpg",150,150,true],"medium":["https:\/\/meteo-sain-bel.fr\/wp\/wp-content\/uploads\/2026\/09\/risque20orage20illustration20septembre-oNZNJj-300x205.jpg",300,205,true],"medium_large":["https:\/\/meteo-sain-bel.fr\/wp\/wp-content\/uploads\/2026\/09\/risque20orage20illustration20septembre-oNZNJj-768x524.jpg",768,524,true],"large":["https:\/\/meteo-sain-bel.fr\/wp\/wp-content\/uploads\/2026\/09\/risque20orage20illustration20septembre-oNZNJj-1024x699.jpg",1024,699,true],"1536x1536":["https:\/\/meteo-sain-bel.fr\/wp\/wp-content\/uploads\/2026\/09\/risque20orage20illustration20septembre-oNZNJj.jpg",1518,1036,false],"2048x2048":["https:\/\/meteo-sain-bel.fr\/wp\/wp-content\/uploads\/2026\/09\/risque20orage20illustration20septembre-oNZNJj.jpg",1518,1036,false]},"uagb_author_info":{"display_name":"Webmaster Meteo Sain-Bel","author_link":"https:\/\/meteo-sain-bel.fr\/wp\/blog\/author\/admin\/"},"uagb_comment_info":0,"uagb_excerpt":"M\u00e9t\u00e9o\u00a0 Republi\u00e9 via Innoreader Lire la Suite Alors que l&#8217;\u00e9t\u00e9 m\u00e9t\u00e9orologique vient de se terminer, la France et notamment le sud du pays subit une [&hellip;]","_links":{"self":[{"href":"https:\/\/meteo-sain-bel.fr\/wp\/wp-json\/wp\/v2\/posts\/9004","targetHints":{"allow":["GET"]}}],"collection":[{"href":"https:\/\/meteo-sain-bel.fr\/wp\/wp-json\/wp\/v2\/posts"}],"about":[{"href":"https:\/\/meteo-sain-bel.fr\/wp\/wp-json\/wp\/v2\/types\/post"}],"author":[{"embeddable":true,"href":"https:\/\/meteo-sain-bel.fr\/wp\/wp-json\/wp\/v2\/users\/1"}],"replies":[{"embeddable":true,"href":"https:\/\/meteo-sain-bel.fr\/wp\/wp-json\/wp\/v2\/comments?post=9004"}],"version-history":[{"count":0,"href":"https:\/\/meteo-sain-bel.fr\/wp\/wp-json\/wp\/v2\/posts\/9004\/revisions"}],"wp:featuredmedia":[{"embeddable":true,"href":"https:\/\/meteo-sain-bel.fr\/wp\/wp-json\/wp\/v2\/media\/9005"}],"wp:attachment":[{"href":"https:\/\/meteo-sain-bel.fr\/wp\/wp-json\/wp\/v2\/media?parent=9004"}],"wp:term":[{"taxonomy":"category","embeddable":true,"href":"https:\/\/meteo-sain-bel.fr\/wp\/wp-json\/wp\/v2\/categories?post=9004"},{"taxonomy":"post_tag","embeddable":true,"href":"https:\/\/meteo-sain-bel.fr\/wp\/wp-json\/wp\/v2\/tags?post=9004"}],"curies":[{"name":"wp","href":"https:\/\/api.w.org\/{rel}","templated":true}]}}