{"id":9002,"date":"2026-09-04T11:52:31","date_gmt":"2026-09-04T09:52:31","guid":{"rendered":"https:\/\/meteo-sain-bel.fr\/wp\/blog\/le-4-septembre-2026-a-9h52-apres-pres-de-40c-lautomne-pourrait-brutalement-sinstaller-en-france\/"},"modified":"2026-09-04T11:52:31","modified_gmt":"2026-09-04T09:52:31","slug":"le-4-septembre-2026-a-9h52-apres-pres-de-40c-lautomne-pourrait-brutalement-sinstaller-en-france","status":"publish","type":"post","link":"https:\/\/meteo-sain-bel.fr\/wp\/blog\/le-4-septembre-2026-a-9h52-apres-pres-de-40c-lautomne-pourrait-brutalement-sinstaller-en-france\/","title":{"rendered":"le 4 septembre 2026 \u00e0 9h52  Apr\u00e8s pr\u00e8s de 40\u00b0C, l\u2019automne pourrait brutalement s\u2019installer en France"},"content":{"rendered":"<p>M\u00e9t\u00e9o\u00a0 Republi\u00e9 via Innoreader <a href=\"https:\/\/www.meteo-paris.com\/actualites\/apres-pres-de-400c-l-automne-pourrait-brutalement-s-installer-en-france\" target=\"_blank\" class=\"feedzy-rss-link-icon\">Lire la Suite<\/a><\/p>\n<h1><img decoding=\"async\" alt=\"\" src=\"https:\/\/www.meteo-paris.com\/uploads\/actu\/carte_automne-FRANCE_Google_Discover.jpg\" \/><\/h1>\n<h1>\u00a0<\/h1>\n<h1>De 38\u00b0C \u00e0 20\u00b0C : l\u2019automne va brutalement s\u2019imposer en France<\/h1>\n<p>Apr\u00e8s des temp\u00e9ratures proches de 40\u00b0C ce week-end, la situation m\u00e9t\u00e9o va radicalement changer en France. D\u00e8s le milieu de la semaine prochaine, les temp\u00e9ratures pourraient perdre 10 \u00e0 15\u00b0C et passer sous les normales saisonni\u00e8res. Plus remarquable encore : cette s\u00e9quence tr\u00e8s fra\u00eeche et beaucoup plus humide pourrait se prolonger au-del\u00e0 de la semaine prochaine.<\/p>\n<p>Alors qu\u2019une nouvelle pouss\u00e9e de chaleur exceptionnelle concerne la France en cette fin de semaine, avec une vigilance orange canicule d\u00e9clench\u00e9e dans plusieurs d\u00e9partements du sud, l\u2019atmosph\u00e8re pourrait basculer dans l\u2019exc\u00e8s inverse quelques jours seulement plus tard.<\/p>\n<p>Et contrairement \u00e0 un simple rafra\u00eechissement passager, les derni\u00e8res projections du mod\u00e8le europ\u00e9en envisagent d\u00e9sormais une p\u00e9riode fra\u00eeche et perturb\u00e9e susceptible de s\u2019installer durant plusieurs jours.<\/p>\n<p>\u00a0<\/p>\n<h2>Pr\u00e8s de 40\u00b0C dimanche dans le Sud-Ouest<\/h2>\n<p>La chaleur va encore s\u2019accentuer au cours du week-end et devrait culminer dimanche 6 septembre, notamment dans le Sud-Ouest.<\/p>\n<p>Selon nos derni\u00e8res pr\u00e9visions, les temp\u00e9ratures maximales pourraient atteindre <strong>37 \u00e0 38\u00b0C dans le Sud-Ouest<\/strong>, avec <strong>35 \u00e0 36\u00b0C sur une grande partie de l\u2019Aquitaine et du Midi<\/strong>.<\/p>\n<p>La chaleur gagnera \u00e9galement une grande partie du pays avec <strong>33 \u00e0 34\u00b0C dans le Centre<\/strong>, <strong>31\u00b0C \u00e0 Paris<\/strong> et souvent <strong>29 \u00e0 32\u00b0C entre la Bretagne, le Bassin parisien et le Grand Est<\/strong>.<\/p>\n<p>La masse d\u2019air sera elle aussi exceptionnellement chaude pour un d\u00e9but de mois de septembre. Le mod\u00e8le europ\u00e9en pr\u00e9voit dimanche des temp\u00e9ratures situ\u00e9es tr\u00e8s largement au-dessus des normales vers 1500 m\u00e8tres d\u2019altitude, avec localement des anomalies sup\u00e9rieures \u00e0 <strong>+10\u00b0C<\/strong>.<\/p>\n<p><img decoding=\"async\" alt=\"\" src=\"https:\/\/www.meteo-paris.com\/uploads\/actu\/temperatures%20maximales%20dimanche.png\" \/><\/p>\n<p><em>La chaleur devrait culminer dimanche 6 septembre, avec jusqu\u2019\u00e0 37 \u00e0 38\u00b0C dans le Sud-Ouest et plus de 30\u00b0C sur une grande partie de la France.<\/em><\/p>\n<p>\u00a0<\/p>\n<h2>Quatre jours plus tard, parfois \u00e0 peine 20\u00b0C<\/h2>\n<p>Le contraste avec la deuxi\u00e8me partie de la semaine prochaine pourrait \u00eatre spectaculaire.<\/p>\n<p>Une descente d\u2019air beaucoup plus frais en provenance de l\u2019Atlantique et du nord-ouest de l\u2019Europe devrait progressivement chasser la masse d\u2019air subtropicale.<\/p>\n<p>D\u00e8s jeudi 10 septembre, les temp\u00e9ratures maximales pourraient ne plus atteindre que <strong>19 \u00e0 23\u00b0C sur une grande partie de la France<\/strong>.<\/p>\n<p>On passerait ainsi approximativement de <strong>31\u00b0C dimanche \u00e0 21\u00b0C jeudi \u00e0 Paris<\/strong>, de <strong>38\u00b0C \u00e0 24\u00b0C dans le Sud-Ouest<\/strong>, ou encore de <strong>34 \u00e0 35\u00b0C \u00e0 seulement 19 \u00e0 22\u00b0C dans certaines r\u00e9gions du Centre et de l\u2019Ouest<\/strong>.<\/p>\n<p>En seulement quatre jours, la baisse pourrait donc atteindre <strong>10 \u00e0 15\u00b0C<\/strong>, voire ponctuellement davantage.<\/p>\n<p>Seules les r\u00e9gions m\u00e9diterran\u00e9ennes et la Corse conserveraient des temp\u00e9ratures encore proches de <strong>26 \u00e0 29\u00b0C<\/strong>.<\/p>\n<p>\u00a0<\/p>\n<p><img decoding=\"async\" alt=\"\" src=\"https:\/\/www.meteo-paris.com\/uploads\/actu\/temperatures%20maximales%20jeudi.png\" \/><\/p>\n<p><em>Jeudi 10 septembre, les temp\u00e9ratures maximales pourraient ne plus d\u00e9passer 19 \u00e0 24\u00b0C sur une grande partie de la France.<\/em><\/p>\n<h2>\u00a0<\/h2>\n<h2>Apr\u00e8s l\u2019exc\u00e8s chaud, l\u2019exc\u00e8s inverse ?<\/h2>\n<p>Le plus remarquable n\u2019est pas seulement la chute des temp\u00e9ratures.<\/p>\n<p>Les derni\u00e8res simulations du mod\u00e8le europ\u00e9en indiquent qu\u2019\u00e0 partir du milieu de la semaine prochaine, la France pourrait passer <strong>sous les normales saisonni\u00e8res<\/strong>.<\/p>\n<p>Sur une grande partie du pays, les temp\u00e9ratures seraient alors inf\u00e9rieures de <strong>2 \u00e0 5\u00b0C aux moyennes habituelles<\/strong>, avec localement un d\u00e9ficit encore plus important.<\/p>\n<p>Autrement dit, certaines r\u00e9gions pourraient passer en quelques jours seulement d\u2019une chaleur exceptionnelle pour un d\u00e9but septembre \u00e0 une ambiance nettement trop fra\u00eeche pour la saison.<\/p>\n<p>Ce v\u00e9ritable basculement d\u2019un extr\u00eame \u00e0 l\u2019autre constituerait l\u2019une des \u00e9volutions m\u00e9t\u00e9o les plus marquantes de ce d\u00e9but d\u2019automne m\u00e9t\u00e9orologique.<\/p>\n<p>\u00a0<\/p>\n<p><img decoding=\"async\" alt=\"\" src=\"https:\/\/www.meteo-paris.com\/uploads\/actu\/2026-09-10T18_00_00Z-FRANCE.jpg\" \/><\/p>\n<p><em>Apr\u00e8s l\u2019exc\u00e8s de chaleur du week-end, les temp\u00e9ratures pourraient basculer sous les normales d\u00e8s le milieu de la semaine prochaine.<\/em><\/p>\n<p>\u00a0<\/p>\n<h2>Le plus \u00e9tonnant : cette fra\u00eecheur pourrait durer<\/h2>\n<p>Les derni\u00e8res cartes vont m\u00eame plus loin.<\/p>\n<p>Le rafra\u00eechissement ne serait pas n\u00e9cessairement limit\u00e9 \u00e0 deux ou trois journ\u00e9es. Le mod\u00e8le europ\u00e9en continue de faire circuler de l\u2019air frais sur une grande partie de l\u2019Europe occidentale <strong>jusqu\u2019aux alentours du 17 septembre<\/strong>.<\/p>\n<p>\u00c0 cette \u00e9ch\u00e9ance, les anomalies de temp\u00e9ratures resteraient encore n\u00e9gatives sur une grande partie de la France.<\/p>\n<p>Il convient \u00e9videmment de rester prudent \u00e0 pr\u00e8s de deux semaines d\u2019\u00e9ch\u00e9ance : les d\u00e9tails de la situation \u00e9volueront encore fortement. <strong>Mais ce signal n\u2019est pas isol\u00e9. Les pr\u00e9visions d\u2019ensemble, qui regroupent plusieurs dizaines de sc\u00e9narios possibles, vont elles aussi majoritairement dans le sens d\u2019un rafra\u00eechissement durable apr\u00e8s le milieu de la semaine prochaine. L\u2019exemple de Paris illustre bien cette tendance, avec peu de sc\u00e9narios envisageant un retour rapide \u00e0 des temp\u00e9ratures comparables \u00e0 celles de ce week-end.<\/strong><\/p>\n<p>La r\u00e9p\u00e9tition de ce signal sur plusieurs \u00e9ch\u00e9ances renforce donc l\u2019hypoth\u00e8se d\u2019un changement de r\u00e9gime plus durable, avec des temp\u00e9ratures souvent inf\u00e9rieures aux normales et une ambiance plus perturb\u00e9e.<\/p>\n<p>Nous pourrions ainsi passer, en l\u2019espace de quelques jours, <strong>d\u2019un \u00e9pisode caniculaire exceptionnel \u00e0 une p\u00e9riode franchement automnale susceptible de se prolonger jusqu\u2019\u00e0 la mi-septembre.<\/strong><\/p>\n<p>\u00a0<\/p>\n<h2>Avec un retour marqu\u00e9 des pluies<\/h2>\n<p>Cette fra\u00eecheur pourrait \u00e9galement s\u2019accompagner d\u2019un changement radical concernant les pr\u00e9cipitations.<\/p>\n<p>Les projections du mod\u00e8le europ\u00e9en jusqu\u2019au dimanche 13 septembre envisagent des cumuls atteignant fr\u00e9quemment <strong>20 \u00e0 50 mm sur une grande partie de la France<\/strong>, avec parfois <strong>50 \u00e0 80 mm<\/strong>, voire davantage sur certains reliefs ou sous les passages pluvieux les plus actifs.<\/p>\n<p>Apr\u00e8s un \u00e9t\u00e9 2026 exceptionnellement chaud et souvent tr\u00e8s sec, le contraste serait donc particuli\u00e8rement marqu\u00e9.<\/p>\n<p>Le milieu du mois de septembre pourrait ainsi offrir une m\u00e9t\u00e9o presque \u00e0 l\u2019oppos\u00e9 de celle observ\u00e9e ce week-end : <strong>beaucoup moins chaude, plus humide, plus perturb\u00e9e et parfois franchement automnale<\/strong>.<\/p>\n<p>\u00a0<\/p>\n<p><img decoding=\"async\" alt=\"\" src=\"https:\/\/www.meteo-paris.com\/uploads\/actu\/ecmwffr-25-234.png\" \/><\/p>\n<p><em>D\u2019ici au 13 septembre, plusieurs dizaines de millim\u00e8tres de pluie pourraient tomber sur une grande partie du pays, confirmant un changement profond de r\u00e9gime m\u00e9t\u00e9o.<\/em><\/p>\n<p>\u00a0<\/p>\n<p>Auteur : <a href=\"https:\/\/www.meteo-paris.com\/guillaume-sechet\">Guillaume S\u00e9chet &gt;&gt;&gt;<\/a><\/p>\n<p>\u00a0<\/p>\n<p>\u00a0<\/p>\n<p>\u00a0<\/p>","protected":false},"excerpt":{"rendered":"<p>M\u00e9t\u00e9o\u00a0 Republi\u00e9 via Innoreader Lire la Suite \u00a0 De 38\u00b0C \u00e0 20\u00b0C : l\u2019automne va brutalement s\u2019imposer en France Apr\u00e8s des temp\u00e9ratures proches de 40\u00b0C [&hellip;]<\/p>\n","protected":false},"author":1,"featured_media":9003,"comment_status":"open","ping_status":"open","sticky":false,"template":"","format":"standard","meta":{"content-type":"","_uag_custom_page_level_css":"","site-sidebar-layout":"default","site-content-layout":"","ast-site-content-layout":"default","site-content-style":"default","site-sidebar-style":"default","ast-global-header-display":"","ast-banner-title-visibility":"","ast-main-header-display":"","ast-hfb-above-header-display":"","ast-hfb-below-header-display":"","ast-hfb-mobile-header-display":"","site-post-title":"","ast-breadcrumbs-content":"","ast-featured-img":"","footer-sml-layout":"","ast-disable-related-posts":"","theme-transparent-header-meta":"","adv-header-id-meta":"","stick-header-meta":"","header-above-stick-meta":"","header-main-stick-meta":"","header-below-stick-meta":"","astra-migrate-meta-layouts":"default","ast-page-background-enabled":"default","ast-page-background-meta":{"desktop":{"background-color":"var(--ast-global-color-4)","background-image":"","background-repeat":"repeat","background-position":"center center","background-size":"auto","background-attachment":"scroll","background-type":"","background-media":"","overlay-type":"","overlay-color":"","overlay-opacity":"","overlay-gradient":""},"tablet":{"background-color":"","background-image":"","background-repeat":"repeat","background-position":"center center","background-size":"auto","background-attachment":"scroll","background-type":"","background-media":"","overlay-type":"","overlay-color":"","overlay-opacity":"","overlay-gradient":""},"mobile":{"background-color":"","background-image":"","background-repeat":"repeat","background-position":"center center","background-size":"auto","background-attachment":"scroll","background-type":"","background-media":"","overlay-type":"","overlay-color":"","overlay-opacity":"","overlay-gradient":""}},"ast-content-background-meta":{"desktop":{"background-color":"var(--ast-global-color-5)","background-image":"","background-repeat":"repeat","background-position":"center center","background-size":"auto","background-attachment":"scroll","background-type":"","background-media":"","overlay-type":"","overlay-color":"","overlay-opacity":"","overlay-gradient":""},"tablet":{"background-color":"var(--ast-global-color-5)","background-image":"","background-repeat":"repeat","background-position":"center center","background-size":"auto","background-attachment":"scroll","background-type":"","background-media":"","overlay-type":"","overlay-color":"","overlay-opacity":"","overlay-gradient":""},"mobile":{"background-color":"var(--ast-global-color-5)","background-image":"","background-repeat":"repeat","background-position":"center center","background-size":"auto","background-attachment":"scroll","background-type":"","background-media":"","overlay-type":"","overlay-color":"","overlay-opacity":"","overlay-gradient":""}},"footnotes":""},"categories":[6],"tags":[],"class_list":["post-9002","post","type-post","status-publish","format-standard","has-post-thumbnail","hentry","category-externes"],"yoast_head":"<!-- This site is optimized with the Yoast SEO plugin v28.4 - https:\/\/yoast.com\/product\/yoast-seo-wordpress\/ -->\n<title>le 4 septembre 2026 \u00e0 9h52 Apr\u00e8s pr\u00e8s de 40\u00b0C, l\u2019automne pourrait brutalement s\u2019installer en France - Meteo Sain-Bel<\/title>\n<meta name=\"robots\" content=\"index, follow, max-snippet:-1, max-image-preview:large, max-video-preview:-1\" \/>\n<link rel=\"canonical\" href=\"https:\/\/meteo-sain-bel.fr\/wp\/blog\/le-4-septembre-2026-a-9h52-apres-pres-de-40c-lautomne-pourrait-brutalement-sinstaller-en-france\/\" \/>\n<meta property=\"og:locale\" content=\"fr_FR\" \/>\n<meta property=\"og:type\" content=\"article\" \/>\n<meta property=\"og:title\" content=\"le 4 septembre 2026 \u00e0 9h52 Apr\u00e8s pr\u00e8s de 40\u00b0C, l\u2019automne pourrait brutalement s\u2019installer en France - Meteo Sain-Bel\" \/>\n<meta property=\"og:description\" content=\"M\u00e9t\u00e9o\u00a0 Republi\u00e9 via Innoreader Lire la Suite \u00a0 De 38\u00b0C \u00e0 20\u00b0C : l\u2019automne va brutalement s\u2019imposer en France Apr\u00e8s des temp\u00e9ratures proches de 40\u00b0C [&hellip;]\" \/>\n<meta property=\"og:url\" content=\"https:\/\/meteo-sain-bel.fr\/wp\/blog\/le-4-septembre-2026-a-9h52-apres-pres-de-40c-lautomne-pourrait-brutalement-sinstaller-en-france\/\" \/>\n<meta property=\"og:site_name\" content=\"Meteo Sain-Bel\" \/>\n<meta property=\"article:publisher\" content=\"https:\/\/www.facebook.com\/meteosainbel\" \/>\n<meta property=\"article:published_time\" content=\"2026-09-04T09:52:31+00:00\" \/>\n<meta property=\"og:image\" content=\"https:\/\/www.meteo-paris.com\/uploads\/actu\/carte_automne-FRANCE_Google_Discover.jpg\" \/>\n<meta name=\"author\" content=\"Webmaster Meteo Sain-Bel\" \/>\n<meta name=\"twitter:card\" content=\"summary_large_image\" \/>\n<meta name=\"twitter:creator\" content=\"@pichej\" \/>\n<meta name=\"twitter:site\" content=\"@pichej\" \/>\n<script type=\"application\/ld+json\" class=\"yoast-schema-graph\">{\"@context\":\"https:\\\/\\\/schema.org\",\"@graph\":[{\"@type\":\"Article\",\"@id\":\"https:\\\/\\\/meteo-sain-bel.fr\\\/wp\\\/blog\\\/le-4-septembre-2026-a-9h52-apres-pres-de-40c-lautomne-pourrait-brutalement-sinstaller-en-france\\\/#article\",\"isPartOf\":{\"@id\":\"https:\\\/\\\/meteo-sain-bel.fr\\\/wp\\\/blog\\\/le-4-septembre-2026-a-9h52-apres-pres-de-40c-lautomne-pourrait-brutalement-sinstaller-en-france\\\/\"},\"author\":{\"name\":\"Webmaster Meteo Sain-Bel\",\"@id\":\"https:\\\/\\\/meteo-sain-bel.fr\\\/wp\\\/#\\\/schema\\\/person\\\/01aaa16bd38fc34093b74f9fe631ce9f\"},\"headline\":\"le 4 septembre 2026 \u00e0 9h52 Apr\u00e8s pr\u00e8s de 40\u00b0C, l\u2019automne pourrait brutalement s\u2019installer en France\",\"datePublished\":\"2026-09-04T09:52:31+00:00\",\"mainEntityOfPage\":{\"@id\":\"https:\\\/\\\/meteo-sain-bel.fr\\\/wp\\\/blog\\\/le-4-septembre-2026-a-9h52-apres-pres-de-40c-lautomne-pourrait-brutalement-sinstaller-en-france\\\/\"},\"wordCount\":1024,\"commentCount\":0,\"publisher\":{\"@id\":\"https:\\\/\\\/meteo-sain-bel.fr\\\/wp\\\/#organization\"},\"image\":{\"@id\":\"https:\\\/\\\/meteo-sain-bel.fr\\\/wp\\\/blog\\\/le-4-septembre-2026-a-9h52-apres-pres-de-40c-lautomne-pourrait-brutalement-sinstaller-en-france\\\/#primaryimage\"},\"thumbnailUrl\":\"https:\\\/\\\/meteo-sain-bel.fr\\\/wp\\\/wp-content\\\/uploads\\\/2026\\\/09\\\/carte_automne-FRANCE_Google_Discover-EOSrzy.jpg\",\"articleSection\":[\"Sources Externes\"],\"inLanguage\":\"fr-FR\",\"potentialAction\":[{\"@type\":\"CommentAction\",\"name\":\"Comment\",\"target\":[\"https:\\\/\\\/meteo-sain-bel.fr\\\/wp\\\/blog\\\/le-4-septembre-2026-a-9h52-apres-pres-de-40c-lautomne-pourrait-brutalement-sinstaller-en-france\\\/#respond\"]}]},{\"@type\":\"WebPage\",\"@id\":\"https:\\\/\\\/meteo-sain-bel.fr\\\/wp\\\/blog\\\/le-4-septembre-2026-a-9h52-apres-pres-de-40c-lautomne-pourrait-brutalement-sinstaller-en-france\\\/\",\"url\":\"https:\\\/\\\/meteo-sain-bel.fr\\\/wp\\\/blog\\\/le-4-septembre-2026-a-9h52-apres-pres-de-40c-lautomne-pourrait-brutalement-sinstaller-en-france\\\/\",\"name\":\"le 4 septembre 2026 \u00e0 9h52 Apr\u00e8s pr\u00e8s de 40\u00b0C, l\u2019automne pourrait brutalement s\u2019installer en France - Meteo Sain-Bel\",\"isPartOf\":{\"@id\":\"https:\\\/\\\/meteo-sain-bel.fr\\\/wp\\\/#website\"},\"primaryImageOfPage\":{\"@id\":\"https:\\\/\\\/meteo-sain-bel.fr\\\/wp\\\/blog\\\/le-4-septembre-2026-a-9h52-apres-pres-de-40c-lautomne-pourrait-brutalement-sinstaller-en-france\\\/#primaryimage\"},\"image\":{\"@id\":\"https:\\\/\\\/meteo-sain-bel.fr\\\/wp\\\/blog\\\/le-4-septembre-2026-a-9h52-apres-pres-de-40c-lautomne-pourrait-brutalement-sinstaller-en-france\\\/#primaryimage\"},\"thumbnailUrl\":\"https:\\\/\\\/meteo-sain-bel.fr\\\/wp\\\/wp-content\\\/uploads\\\/2026\\\/09\\\/carte_automne-FRANCE_Google_Discover-EOSrzy.jpg\",\"datePublished\":\"2026-09-04T09:52:31+00:00\",\"breadcrumb\":{\"@id\":\"https:\\\/\\\/meteo-sain-bel.fr\\\/wp\\\/blog\\\/le-4-septembre-2026-a-9h52-apres-pres-de-40c-lautomne-pourrait-brutalement-sinstaller-en-france\\\/#breadcrumb\"},\"inLanguage\":\"fr-FR\",\"potentialAction\":[{\"@type\":\"ReadAction\",\"target\":[\"https:\\\/\\\/meteo-sain-bel.fr\\\/wp\\\/blog\\\/le-4-septembre-2026-a-9h52-apres-pres-de-40c-lautomne-pourrait-brutalement-sinstaller-en-france\\\/\"]}]},{\"@type\":\"ImageObject\",\"inLanguage\":\"fr-FR\",\"@id\":\"https:\\\/\\\/meteo-sain-bel.fr\\\/wp\\\/blog\\\/le-4-septembre-2026-a-9h52-apres-pres-de-40c-lautomne-pourrait-brutalement-sinstaller-en-france\\\/#primaryimage\",\"url\":\"https:\\\/\\\/meteo-sain-bel.fr\\\/wp\\\/wp-content\\\/uploads\\\/2026\\\/09\\\/carte_automne-FRANCE_Google_Discover-EOSrzy.jpg\",\"contentUrl\":\"https:\\\/\\\/meteo-sain-bel.fr\\\/wp\\\/wp-content\\\/uploads\\\/2026\\\/09\\\/carte_automne-FRANCE_Google_Discover-EOSrzy.jpg\",\"width\":1538,\"height\":1023},{\"@type\":\"BreadcrumbList\",\"@id\":\"https:\\\/\\\/meteo-sain-bel.fr\\\/wp\\\/blog\\\/le-4-septembre-2026-a-9h52-apres-pres-de-40c-lautomne-pourrait-brutalement-sinstaller-en-france\\\/#breadcrumb\",\"itemListElement\":[{\"@type\":\"ListItem\",\"position\":1,\"name\":\"Accueil\",\"item\":\"https:\\\/\\\/meteo-sain-bel.fr\\\/wp\\\/\"},{\"@type\":\"ListItem\",\"position\":2,\"name\":\"le 4 septembre 2026 \u00e0 9h52 Apr\u00e8s pr\u00e8s de 40\u00b0C, l\u2019automne pourrait brutalement s\u2019installer en France\"}]},{\"@type\":\"WebSite\",\"@id\":\"https:\\\/\\\/meteo-sain-bel.fr\\\/wp\\\/#website\",\"url\":\"https:\\\/\\\/meteo-sain-bel.fr\\\/wp\\\/\",\"name\":\"Meteo Sain-Bel\",\"description\":\"Station m\u00e9t\u00e9orologique, donn\u00e9es en temps r\u00e9el 24h\\\/24 et Webcam \u00e0 Sain-Bel (69210) Pays de l\u2019Arbresle, 69 Rh\u00f4ne, France\",\"publisher\":{\"@id\":\"https:\\\/\\\/meteo-sain-bel.fr\\\/wp\\\/#organization\"},\"alternateName\":\"Site m\u00e9t\u00e9o de Sain-Bel, Rh\u00f4ne\",\"potentialAction\":[{\"@type\":\"SearchAction\",\"target\":{\"@type\":\"EntryPoint\",\"urlTemplate\":\"https:\\\/\\\/meteo-sain-bel.fr\\\/wp\\\/?s={search_term_string}\"},\"query-input\":{\"@type\":\"PropertyValueSpecification\",\"valueRequired\":true,\"valueName\":\"search_term_string\"}}],\"inLanguage\":\"fr-FR\"},{\"@type\":\"Organization\",\"@id\":\"https:\\\/\\\/meteo-sain-bel.fr\\\/wp\\\/#organization\",\"name\":\"Meteo Sain-Bel\",\"url\":\"https:\\\/\\\/meteo-sain-bel.fr\\\/wp\\\/\",\"logo\":{\"@type\":\"ImageObject\",\"inLanguage\":\"fr-FR\",\"@id\":\"https:\\\/\\\/meteo-sain-bel.fr\\\/wp\\\/#\\\/schema\\\/logo\\\/image\\\/\",\"url\":\"https:\\\/\\\/meteo-sain-bel.fr\\\/wp\\\/wp-content\\\/uploads\\\/2026\\\/08\\\/cropped-logoMeteo2026sansfond-1.png\",\"contentUrl\":\"https:\\\/\\\/meteo-sain-bel.fr\\\/wp\\\/wp-content\\\/uploads\\\/2026\\\/08\\\/cropped-logoMeteo2026sansfond-1.png\",\"width\":397,\"height\":396,\"caption\":\"Meteo Sain-Bel\"},\"image\":{\"@id\":\"https:\\\/\\\/meteo-sain-bel.fr\\\/wp\\\/#\\\/schema\\\/logo\\\/image\\\/\"},\"sameAs\":[\"https:\\\/\\\/www.facebook.com\\\/meteosainbel\",\"https:\\\/\\\/x.com\\\/pichej\",\"https:\\\/\\\/www.instagram.com\\\/pichej\"]},{\"@type\":\"Person\",\"@id\":\"https:\\\/\\\/meteo-sain-bel.fr\\\/wp\\\/#\\\/schema\\\/person\\\/01aaa16bd38fc34093b74f9fe631ce9f\",\"name\":\"Webmaster Meteo Sain-Bel\",\"image\":{\"@type\":\"ImageObject\",\"inLanguage\":\"fr-FR\",\"@id\":\"https:\\\/\\\/secure.gravatar.com\\\/avatar\\\/fbbe8b1b88f3bedc77cf954f56a4f23bb0cac63f504868560f513f1ccb1405ee?s=96&r=g\",\"url\":\"https:\\\/\\\/secure.gravatar.com\\\/avatar\\\/fbbe8b1b88f3bedc77cf954f56a4f23bb0cac63f504868560f513f1ccb1405ee?s=96&r=g\",\"contentUrl\":\"https:\\\/\\\/secure.gravatar.com\\\/avatar\\\/fbbe8b1b88f3bedc77cf954f56a4f23bb0cac63f504868560f513f1ccb1405ee?s=96&r=g\",\"caption\":\"Webmaster Meteo Sain-Bel\"},\"sameAs\":[\"http:\\\/\\\/meteo-sain-bel.fr\\\/wp\"],\"url\":\"https:\\\/\\\/meteo-sain-bel.fr\\\/wp\\\/blog\\\/author\\\/admin\\\/\"}]}<\/script>\n<!-- \/ Yoast SEO plugin. -->","yoast_head_json":{"title":"le 4 septembre 2026 \u00e0 9h52 Apr\u00e8s pr\u00e8s de 40\u00b0C, l\u2019automne pourrait brutalement s\u2019installer en France - Meteo Sain-Bel","robots":{"index":"index","follow":"follow","max-snippet":"max-snippet:-1","max-image-preview":"max-image-preview:large","max-video-preview":"max-video-preview:-1"},"canonical":"https:\/\/meteo-sain-bel.fr\/wp\/blog\/le-4-septembre-2026-a-9h52-apres-pres-de-40c-lautomne-pourrait-brutalement-sinstaller-en-france\/","og_locale":"fr_FR","og_type":"article","og_title":"le 4 septembre 2026 \u00e0 9h52 Apr\u00e8s pr\u00e8s de 40\u00b0C, l\u2019automne pourrait brutalement s\u2019installer en France - Meteo Sain-Bel","og_description":"M\u00e9t\u00e9o\u00a0 Republi\u00e9 via Innoreader Lire la Suite \u00a0 De 38\u00b0C \u00e0 20\u00b0C : l\u2019automne va brutalement s\u2019imposer en France Apr\u00e8s des temp\u00e9ratures proches de 40\u00b0C [&hellip;]","og_url":"https:\/\/meteo-sain-bel.fr\/wp\/blog\/le-4-septembre-2026-a-9h52-apres-pres-de-40c-lautomne-pourrait-brutalement-sinstaller-en-france\/","og_site_name":"Meteo Sain-Bel","article_publisher":"https:\/\/www.facebook.com\/meteosainbel","article_published_time":"2026-09-04T09:52:31+00:00","og_image":[{"url":"https:\/\/www.meteo-paris.com\/uploads\/actu\/carte_automne-FRANCE_Google_Discover.jpg","type":"","width":"","height":""}],"author":"Webmaster Meteo Sain-Bel","twitter_card":"summary_large_image","twitter_creator":"@pichej","twitter_site":"@pichej","schema":{"@context":"https:\/\/schema.org","@graph":[{"@type":"Article","@id":"https:\/\/meteo-sain-bel.fr\/wp\/blog\/le-4-septembre-2026-a-9h52-apres-pres-de-40c-lautomne-pourrait-brutalement-sinstaller-en-france\/#article","isPartOf":{"@id":"https:\/\/meteo-sain-bel.fr\/wp\/blog\/le-4-septembre-2026-a-9h52-apres-pres-de-40c-lautomne-pourrait-brutalement-sinstaller-en-france\/"},"author":{"name":"Webmaster Meteo Sain-Bel","@id":"https:\/\/meteo-sain-bel.fr\/wp\/#\/schema\/person\/01aaa16bd38fc34093b74f9fe631ce9f"},"headline":"le 4 septembre 2026 \u00e0 9h52 Apr\u00e8s pr\u00e8s de 40\u00b0C, l\u2019automne pourrait brutalement s\u2019installer en France","datePublished":"2026-09-04T09:52:31+00:00","mainEntityOfPage":{"@id":"https:\/\/meteo-sain-bel.fr\/wp\/blog\/le-4-septembre-2026-a-9h52-apres-pres-de-40c-lautomne-pourrait-brutalement-sinstaller-en-france\/"},"wordCount":1024,"commentCount":0,"publisher":{"@id":"https:\/\/meteo-sain-bel.fr\/wp\/#organization"},"image":{"@id":"https:\/\/meteo-sain-bel.fr\/wp\/blog\/le-4-septembre-2026-a-9h52-apres-pres-de-40c-lautomne-pourrait-brutalement-sinstaller-en-france\/#primaryimage"},"thumbnailUrl":"https:\/\/meteo-sain-bel.fr\/wp\/wp-content\/uploads\/2026\/09\/carte_automne-FRANCE_Google_Discover-EOSrzy.jpg","articleSection":["Sources Externes"],"inLanguage":"fr-FR","potentialAction":[{"@type":"CommentAction","name":"Comment","target":["https:\/\/meteo-sain-bel.fr\/wp\/blog\/le-4-septembre-2026-a-9h52-apres-pres-de-40c-lautomne-pourrait-brutalement-sinstaller-en-france\/#respond"]}]},{"@type":"WebPage","@id":"https:\/\/meteo-sain-bel.fr\/wp\/blog\/le-4-septembre-2026-a-9h52-apres-pres-de-40c-lautomne-pourrait-brutalement-sinstaller-en-france\/","url":"https:\/\/meteo-sain-bel.fr\/wp\/blog\/le-4-septembre-2026-a-9h52-apres-pres-de-40c-lautomne-pourrait-brutalement-sinstaller-en-france\/","name":"le 4 septembre 2026 \u00e0 9h52 Apr\u00e8s pr\u00e8s de 40\u00b0C, l\u2019automne pourrait brutalement s\u2019installer en France - Meteo Sain-Bel","isPartOf":{"@id":"https:\/\/meteo-sain-bel.fr\/wp\/#website"},"primaryImageOfPage":{"@id":"https:\/\/meteo-sain-bel.fr\/wp\/blog\/le-4-septembre-2026-a-9h52-apres-pres-de-40c-lautomne-pourrait-brutalement-sinstaller-en-france\/#primaryimage"},"image":{"@id":"https:\/\/meteo-sain-bel.fr\/wp\/blog\/le-4-septembre-2026-a-9h52-apres-pres-de-40c-lautomne-pourrait-brutalement-sinstaller-en-france\/#primaryimage"},"thumbnailUrl":"https:\/\/meteo-sain-bel.fr\/wp\/wp-content\/uploads\/2026\/09\/carte_automne-FRANCE_Google_Discover-EOSrzy.jpg","datePublished":"2026-09-04T09:52:31+00:00","breadcrumb":{"@id":"https:\/\/meteo-sain-bel.fr\/wp\/blog\/le-4-septembre-2026-a-9h52-apres-pres-de-40c-lautomne-pourrait-brutalement-sinstaller-en-france\/#breadcrumb"},"inLanguage":"fr-FR","potentialAction":[{"@type":"ReadAction","target":["https:\/\/meteo-sain-bel.fr\/wp\/blog\/le-4-septembre-2026-a-9h52-apres-pres-de-40c-lautomne-pourrait-brutalement-sinstaller-en-france\/"]}]},{"@type":"ImageObject","inLanguage":"fr-FR","@id":"https:\/\/meteo-sain-bel.fr\/wp\/blog\/le-4-septembre-2026-a-9h52-apres-pres-de-40c-lautomne-pourrait-brutalement-sinstaller-en-france\/#primaryimage","url":"https:\/\/meteo-sain-bel.fr\/wp\/wp-content\/uploads\/2026\/09\/carte_automne-FRANCE_Google_Discover-EOSrzy.jpg","contentUrl":"https:\/\/meteo-sain-bel.fr\/wp\/wp-content\/uploads\/2026\/09\/carte_automne-FRANCE_Google_Discover-EOSrzy.jpg","width":1538,"height":1023},{"@type":"BreadcrumbList","@id":"https:\/\/meteo-sain-bel.fr\/wp\/blog\/le-4-septembre-2026-a-9h52-apres-pres-de-40c-lautomne-pourrait-brutalement-sinstaller-en-france\/#breadcrumb","itemListElement":[{"@type":"ListItem","position":1,"name":"Accueil","item":"https:\/\/meteo-sain-bel.fr\/wp\/"},{"@type":"ListItem","position":2,"name":"le 4 septembre 2026 \u00e0 9h52 Apr\u00e8s pr\u00e8s de 40\u00b0C, l\u2019automne pourrait brutalement s\u2019installer en France"}]},{"@type":"WebSite","@id":"https:\/\/meteo-sain-bel.fr\/wp\/#website","url":"https:\/\/meteo-sain-bel.fr\/wp\/","name":"Meteo Sain-Bel","description":"Station m\u00e9t\u00e9orologique, donn\u00e9es en temps r\u00e9el 24h\/24 et Webcam \u00e0 Sain-Bel (69210) Pays de l\u2019Arbresle, 69 Rh\u00f4ne, France","publisher":{"@id":"https:\/\/meteo-sain-bel.fr\/wp\/#organization"},"alternateName":"Site m\u00e9t\u00e9o de Sain-Bel, Rh\u00f4ne","potentialAction":[{"@type":"SearchAction","target":{"@type":"EntryPoint","urlTemplate":"https:\/\/meteo-sain-bel.fr\/wp\/?s={search_term_string}"},"query-input":{"@type":"PropertyValueSpecification","valueRequired":true,"valueName":"search_term_string"}}],"inLanguage":"fr-FR"},{"@type":"Organization","@id":"https:\/\/meteo-sain-bel.fr\/wp\/#organization","name":"Meteo Sain-Bel","url":"https:\/\/meteo-sain-bel.fr\/wp\/","logo":{"@type":"ImageObject","inLanguage":"fr-FR","@id":"https:\/\/meteo-sain-bel.fr\/wp\/#\/schema\/logo\/image\/","url":"https:\/\/meteo-sain-bel.fr\/wp\/wp-content\/uploads\/2026\/08\/cropped-logoMeteo2026sansfond-1.png","contentUrl":"https:\/\/meteo-sain-bel.fr\/wp\/wp-content\/uploads\/2026\/08\/cropped-logoMeteo2026sansfond-1.png","width":397,"height":396,"caption":"Meteo Sain-Bel"},"image":{"@id":"https:\/\/meteo-sain-bel.fr\/wp\/#\/schema\/logo\/image\/"},"sameAs":["https:\/\/www.facebook.com\/meteosainbel","https:\/\/x.com\/pichej","https:\/\/www.instagram.com\/pichej"]},{"@type":"Person","@id":"https:\/\/meteo-sain-bel.fr\/wp\/#\/schema\/person\/01aaa16bd38fc34093b74f9fe631ce9f","name":"Webmaster Meteo Sain-Bel","image":{"@type":"ImageObject","inLanguage":"fr-FR","@id":"https:\/\/secure.gravatar.com\/avatar\/fbbe8b1b88f3bedc77cf954f56a4f23bb0cac63f504868560f513f1ccb1405ee?s=96&r=g","url":"https:\/\/secure.gravatar.com\/avatar\/fbbe8b1b88f3bedc77cf954f56a4f23bb0cac63f504868560f513f1ccb1405ee?s=96&r=g","contentUrl":"https:\/\/secure.gravatar.com\/avatar\/fbbe8b1b88f3bedc77cf954f56a4f23bb0cac63f504868560f513f1ccb1405ee?s=96&r=g","caption":"Webmaster Meteo Sain-Bel"},"sameAs":["http:\/\/meteo-sain-bel.fr\/wp"],"url":"https:\/\/meteo-sain-bel.fr\/wp\/blog\/author\/admin\/"}]}},"uagb_featured_image_src":{"full":["https:\/\/meteo-sain-bel.fr\/wp\/wp-content\/uploads\/2026\/09\/carte_automne-FRANCE_Google_Discover-EOSrzy.jpg",1538,1023,false],"thumbnail":["https:\/\/meteo-sain-bel.fr\/wp\/wp-content\/uploads\/2026\/09\/carte_automne-FRANCE_Google_Discover-EOSrzy-150x150.jpg",150,150,true],"medium":["https:\/\/meteo-sain-bel.fr\/wp\/wp-content\/uploads\/2026\/09\/carte_automne-FRANCE_Google_Discover-EOSrzy-300x200.jpg",300,200,true],"medium_large":["https:\/\/meteo-sain-bel.fr\/wp\/wp-content\/uploads\/2026\/09\/carte_automne-FRANCE_Google_Discover-EOSrzy-768x511.jpg",768,511,true],"large":["https:\/\/meteo-sain-bel.fr\/wp\/wp-content\/uploads\/2026\/09\/carte_automne-FRANCE_Google_Discover-EOSrzy-1024x681.jpg",1024,681,true],"1536x1536":["https:\/\/meteo-sain-bel.fr\/wp\/wp-content\/uploads\/2026\/09\/carte_automne-FRANCE_Google_Discover-EOSrzy-1536x1022.jpg",1536,1022,true],"2048x2048":["https:\/\/meteo-sain-bel.fr\/wp\/wp-content\/uploads\/2026\/09\/carte_automne-FRANCE_Google_Discover-EOSrzy.jpg",1538,1023,false]},"uagb_author_info":{"display_name":"Webmaster Meteo Sain-Bel","author_link":"https:\/\/meteo-sain-bel.fr\/wp\/blog\/author\/admin\/"},"uagb_comment_info":0,"uagb_excerpt":"M\u00e9t\u00e9o\u00a0 Republi\u00e9 via Innoreader Lire la Suite \u00a0 De 38\u00b0C \u00e0 20\u00b0C : l\u2019automne va brutalement s\u2019imposer en France Apr\u00e8s des temp\u00e9ratures proches de 40\u00b0C [&hellip;]","_links":{"self":[{"href":"https:\/\/meteo-sain-bel.fr\/wp\/wp-json\/wp\/v2\/posts\/9002","targetHints":{"allow":["GET"]}}],"collection":[{"href":"https:\/\/meteo-sain-bel.fr\/wp\/wp-json\/wp\/v2\/posts"}],"about":[{"href":"https:\/\/meteo-sain-bel.fr\/wp\/wp-json\/wp\/v2\/types\/post"}],"author":[{"embeddable":true,"href":"https:\/\/meteo-sain-bel.fr\/wp\/wp-json\/wp\/v2\/users\/1"}],"replies":[{"embeddable":true,"href":"https:\/\/meteo-sain-bel.fr\/wp\/wp-json\/wp\/v2\/comments?post=9002"}],"version-history":[{"count":0,"href":"https:\/\/meteo-sain-bel.fr\/wp\/wp-json\/wp\/v2\/posts\/9002\/revisions"}],"wp:featuredmedia":[{"embeddable":true,"href":"https:\/\/meteo-sain-bel.fr\/wp\/wp-json\/wp\/v2\/media\/9003"}],"wp:attachment":[{"href":"https:\/\/meteo-sain-bel.fr\/wp\/wp-json\/wp\/v2\/media?parent=9002"}],"wp:term":[{"taxonomy":"category","embeddable":true,"href":"https:\/\/meteo-sain-bel.fr\/wp\/wp-json\/wp\/v2\/categories?post=9002"},{"taxonomy":"post_tag","embeddable":true,"href":"https:\/\/meteo-sain-bel.fr\/wp\/wp-json\/wp\/v2\/tags?post=9002"}],"curies":[{"name":"wp","href":"https:\/\/api.w.org\/{rel}","templated":true}]}}