{"id":8978,"date":"2026-09-02T11:08:40","date_gmt":"2026-09-02T09:08:40","guid":{"rendered":"https:\/\/meteo-sain-bel.fr\/wp\/blog\/le-2-septembre-2026-a-9h08-la-chaleur-exceptionnelle-pourrait-durer-plus-longtemps-que-prevu\/"},"modified":"2026-09-02T11:08:40","modified_gmt":"2026-09-02T09:08:40","slug":"le-2-septembre-2026-a-9h08-la-chaleur-exceptionnelle-pourrait-durer-plus-longtemps-que-prevu","status":"publish","type":"post","link":"https:\/\/meteo-sain-bel.fr\/wp\/blog\/le-2-septembre-2026-a-9h08-la-chaleur-exceptionnelle-pourrait-durer-plus-longtemps-que-prevu\/","title":{"rendered":"le 2 septembre 2026 \u00e0 9h08  La chaleur exceptionnelle pourrait durer plus longtemps que pr\u00e9vu"},"content":{"rendered":"<p>M\u00e9t\u00e9o\u00a0 Republi\u00e9 via Innoreader <a href=\"https:\/\/www.meteo-paris.com\/actualites\/la-chaleur-exceptionnelle-pourrait-durer-plus-longtemps-que-prevu\" target=\"_blank\" class=\"feedzy-rss-link-icon\">Lire la Suite<\/a><\/p>\n<p><img decoding=\"async\" alt=\"\" src=\"https:\/\/www.meteo-paris.com\/uploads\/actu\/chaleur-40-france.jpg\" \/><\/p>\n<h1>Pr\u00e8s de 40\u00b0C ce week-end : la chaleur pourrait durer jusqu\u2019\u00e0 mardi<\/h1>\n<p>Une chaleur exceptionnelle, parfois record, va s\u2019installer sur la France \u00e0 partir de vendredi avec des pointes proches de 40\u00b0C ce week-end. Mais contrairement aux premi\u00e8res pr\u00e9visions, cet \u00e9pisode pourrait ne pas s\u2019arr\u00eater dimanche : les fortes chaleurs pourraient persister jusqu\u2019\u00e0 mardi sur une partie du pays.<\/p>\n<p>\u00a0<\/p>\n<h2>Une fin de semaine record !<\/h2>\n<p>La France va vivre un \u00e9ni\u00e8me \u00e9pisode de chaleur record en cette ann\u00e9e 2026 d&#8217;ores et d\u00e9j\u00e0 historique. En effet, une dorsale anticyclonique s&#8217;\u00e9tend des A\u00e7ores vers notre pays et va favoriser la remont\u00e9e d&#8217;un air particuli\u00e8rement chaud en provenance du nord-ouest de l&#8217;Afrique et de p\u00e9ninsule ib\u00e9rique.<\/p>\n<p>Ainsi, la masse d&#8217;air sera de plus en plus chaude sur la France d&#8217;ici \u00e0 la fin de la semaine. Elle atteindra parfois des niveaux records sur une large moiti\u00e9 sud d\u00e8s la journ\u00e9e du vendredi 4 septembre 2026 ainsi qu&#8217;au cours de ce week-end des 5 et 6 septembre.<\/p>\n<p>La carte ci-dessous montre la d\u00e9viation \u00e0 la normale de la masse d&#8217;air pr\u00e9vue en ce premier week-end de septembre. Les zones en rouge figurent dans les 99,5% des masses d&#8217;air les plus chaudes jamais observ\u00e9es \u00e0 cette \u00e9poque de l&#8217;ann\u00e9e et le rose repr\u00e9sente une masse d&#8217;air jamais observ\u00e9e \u00e0 cette saison.<\/p>\n<p>\u00a0<\/p>\n<p><img decoding=\"async\" alt=\"\" src=\"https:\/\/www.meteo-paris.com\/uploads\/actu\/masse-air-5-6sept.jpg\" \/><\/p>\n<p><em><strong>D\u00e9viation \u00e0 la normale de la temp\u00e9rature de la masse d&#8217;air ce week-end des 5 et 6 septembre 2026<\/strong><\/em> &#8211; polarwx.com<\/p>\n<p>\u00a0<\/p>\n<p>\u00a0<\/p>\n<p>Ainsi, les temp\u00e9ratures vont s&#8217;envoler en cette seconde partie de semaine. Les 35\u00b0C seront d\u00e9pass\u00e9s sur de nombreuses villes de la moiti\u00e9 sud d\u00e8s le vendredi 4 septembre 2026. On pr\u00e9voit 35 \u00e0 36\u00b0C sur Rh\u00f4ne-Alpes et souvent autour de 37\u00b0C dans le sud-ouest avec des pointes locales de 38\u00b0C dans les Landes et 39\u00b0C dans l&#8217;Aude !<\/p>\n<p>Ces grosses chaleurs se poursuivront ce week-end avec souvent 34 \u00e0 38\u00b0C sur la moiti\u00e9 sud de la France samedi 5 et dimanche 6 septembre. Des pointes de 40\u00b0C sont probables dans certaines localit\u00e9s, notamment samedi dans l&#8217;Aude o\u00f9 les mod\u00e9lisations vont jusqu&#8217;\u00e0 41\u00b0C !<\/p>\n<p>De telles temp\u00e9ratures vont faire tomber de tr\u00e8s nombreux records. Jamais les 41\u00b0C n&#8217;ont \u00e9t\u00e9 atteints en France au mois de septembre. \u00c0 Lyon, le record mensuel est de 35,8\u00b0C en septembre 1949 et il est de 35,3\u00b0C \u00e0 Toulouse en septembre 1966. Ces records historiques ont de tr\u00e8s grandes chances d&#8217;\u00eatre battus.<\/p>\n<p>\u00a0<\/p>\n<p><img decoding=\"async\" alt=\"\" src=\"https:\/\/www.meteo-paris.com\/uploads\/actu\/tx-3-6septembre.jpg\" \/><\/p>\n<p><em><strong>Temp\u00e9ratures maximales pr\u00e9vues du jeudi 3 au dimanche 6 septembre 2026 <\/strong><\/em>&#8211; M\u00e9t\u00e9o Villes<\/p>\n<p>\u00a0<\/p>\n<p>\u00a0<\/p>\n<h2>Vers une prolongation des fortes chaleurs jusqu&#8217;\u00e0 mardi<\/h2>\n<p>Dans un premier temps, les mod\u00e9lisations avaient envisag\u00e9 un pic de chaleur intense mais bref pour la fin de la semaine. Au fil des jours, les pr\u00e9visions ont \u00e9volu\u00e9 vers une chaleur plus tenace et qui se prolongera probablement jusqu&#8217;au d\u00e9but de la semaine prochaine.<\/p>\n<p>En effet, la masse d&#8217;air surchauff\u00e9e devrait continuer de survoler le sud et l&#8217;est de la France jusqu&#8217;\u00e0 la journ\u00e9e du mardi 8 septembre 2026. L&#8217;air oc\u00e9anique, pilot\u00e9 par le creusement d&#8217;une d\u00e9pression sur les \u00celes Britanniques, commencera \u00e0 pousser par les r\u00e9gions bordant la Manche.<\/p>\n<p>Ainsi, il est probable que les fortes chaleurs concernent toujours les r\u00e9gions du sud, du centre et de l&#8217;est de la France durant les journ\u00e9es des lundi 7 et mardi 8 septembre. M\u00eame si l&#8217;intensit\u00e9 de la chaleur devrait l\u00e9g\u00e8rement baisser, il fera encore 30 \u00e0 35\u00b0C, des niveaux impressionnants en septembre !<\/p>\n<p>\u00a0<\/p>\n<p><img decoding=\"async\" alt=\"\" src=\"https:\/\/www.meteo-paris.com\/uploads\/actu\/masse-air-8sept.jpg\" \/><\/p>\n<p><em><strong>Masse d&#8217;air vers 1500m pour le mardi 8 septembre 2026<\/strong><\/em> &#8211; wxcharts.com<\/p>\n<p>\u00a0<\/p>\n<p>Ensuite, il semble probable que la d\u00e9pression britannique de d\u00e9cale vers la Mer du Nord puis les Pays-Bas en journ\u00e9e du mercredi 9 septembre 2026. Elle pourrait entra\u00eener le passage d&#8217;une perturbation sur la France, apportant une masse d&#8217;air oc\u00e9anique qui chasserait les fortes chaleurs et mettrait un terme \u00e0 cet \u00e9pisode.<\/p>\n<p>\u00a0<\/p>\n<p>\u00a0<\/p>\n<p><strong>\u00c0 lire \u00e9galement <\/strong>:<\/p>\n<p>&gt;&gt;&gt;\u00a0<a href=\"https:\/\/www.meteo-paris.com\/actualites\/pourquoi-septembre-pourrait-rester-anormalement-chaud-en-france\">Apr\u00e8s le week-end, d\u2019autres pics de chaleur en septembre<\/a><\/p>\n<p>&gt;&gt;&gt;\u00a0<a href=\"https:\/\/www.meteo-paris.com\/actualites\/vers-de-nouveaux-records-de-chaleur-dans-les-prochains-jours\">Pr\u00e8s de 40\u00b0C d\u00e9but septembre : des records historiques pourraient tomber<\/a><\/p>\n<p>&gt;&gt;&gt;\u00a0<a href=\"https:\/\/www.meteo-paris.com\/actualites\/l-ete-2026-devient-le-plus-chaud-jamais-observe-en-france\">L\u2019\u00e9t\u00e9 2026 devient le plus chaud jamais observ\u00e9 en France<\/a><\/p>\n<p>&gt;&gt;&gt; <a href=\"https:\/\/www.meteo-paris.com\/chronique\">Notre chronique sur les \u00e9v\u00e8nements climatiques en France, depuis 1850<\/a><\/p>\n<p>&gt;&gt;&gt; <a href=\"https:\/\/www.meteo-villes.com\/france\/previsions\">Notre bulletin m\u00e9t\u00e9o r\u00e9actualis\u00e9 quotidiennement<\/a><\/p>\n<p>&gt;&gt;&gt; <a href=\"https:\/\/x.com\/Meteovilles\">Notre compte Twitter tr\u00e8s suivi et r\u00e9f\u00e9rence dans tous les m\u00e9dias !<\/a><\/p>\n<p>\u00a0<\/p>\n<p>Auteur : Alexandre Slowik<\/p>","protected":false},"excerpt":{"rendered":"<p>M\u00e9t\u00e9o\u00a0 Republi\u00e9 via Innoreader Lire la Suite Pr\u00e8s de 40\u00b0C ce week-end : la chaleur pourrait durer jusqu\u2019\u00e0 mardi Une chaleur exceptionnelle, parfois record, va [&hellip;]<\/p>\n","protected":false},"author":1,"featured_media":8979,"comment_status":"open","ping_status":"open","sticky":false,"template":"","format":"standard","meta":{"content-type":"","_uag_custom_page_level_css":"","site-sidebar-layout":"default","site-content-layout":"","ast-site-content-layout":"default","site-content-style":"default","site-sidebar-style":"default","ast-global-header-display":"","ast-banner-title-visibility":"","ast-main-header-display":"","ast-hfb-above-header-display":"","ast-hfb-below-header-display":"","ast-hfb-mobile-header-display":"","site-post-title":"","ast-breadcrumbs-content":"","ast-featured-img":"","footer-sml-layout":"","ast-disable-related-posts":"","theme-transparent-header-meta":"","adv-header-id-meta":"","stick-header-meta":"","header-above-stick-meta":"","header-main-stick-meta":"","header-below-stick-meta":"","astra-migrate-meta-layouts":"default","ast-page-background-enabled":"default","ast-page-background-meta":{"desktop":{"background-color":"var(--ast-global-color-4)","background-image":"","background-repeat":"repeat","background-position":"center center","background-size":"auto","background-attachment":"scroll","background-type":"","background-media":"","overlay-type":"","overlay-color":"","overlay-opacity":"","overlay-gradient":""},"tablet":{"background-color":"","background-image":"","background-repeat":"repeat","background-position":"center center","background-size":"auto","background-attachment":"scroll","background-type":"","background-media":"","overlay-type":"","overlay-color":"","overlay-opacity":"","overlay-gradient":""},"mobile":{"background-color":"","background-image":"","background-repeat":"repeat","background-position":"center center","background-size":"auto","background-attachment":"scroll","background-type":"","background-media":"","overlay-type":"","overlay-color":"","overlay-opacity":"","overlay-gradient":""}},"ast-content-background-meta":{"desktop":{"background-color":"var(--ast-global-color-5)","background-image":"","background-repeat":"repeat","background-position":"center center","background-size":"auto","background-attachment":"scroll","background-type":"","background-media":"","overlay-type":"","overlay-color":"","overlay-opacity":"","overlay-gradient":""},"tablet":{"background-color":"var(--ast-global-color-5)","background-image":"","background-repeat":"repeat","background-position":"center center","background-size":"auto","background-attachment":"scroll","background-type":"","background-media":"","overlay-type":"","overlay-color":"","overlay-opacity":"","overlay-gradient":""},"mobile":{"background-color":"var(--ast-global-color-5)","background-image":"","background-repeat":"repeat","background-position":"center center","background-size":"auto","background-attachment":"scroll","background-type":"","background-media":"","overlay-type":"","overlay-color":"","overlay-opacity":"","overlay-gradient":""}},"footnotes":""},"categories":[6],"tags":[],"class_list":["post-8978","post","type-post","status-publish","format-standard","has-post-thumbnail","hentry","category-externes"],"yoast_head":"<!-- This site is optimized with the Yoast SEO plugin v28.4 - https:\/\/yoast.com\/product\/yoast-seo-wordpress\/ -->\n<title>le 2 septembre 2026 \u00e0 9h08 La chaleur exceptionnelle pourrait durer plus longtemps que pr\u00e9vu - Meteo Sain-Bel<\/title>\n<meta name=\"robots\" content=\"index, follow, max-snippet:-1, max-image-preview:large, max-video-preview:-1\" \/>\n<link rel=\"canonical\" href=\"https:\/\/meteo-sain-bel.fr\/wp\/blog\/le-2-septembre-2026-a-9h08-la-chaleur-exceptionnelle-pourrait-durer-plus-longtemps-que-prevu\/\" \/>\n<meta property=\"og:locale\" content=\"fr_FR\" \/>\n<meta property=\"og:type\" content=\"article\" \/>\n<meta property=\"og:title\" content=\"le 2 septembre 2026 \u00e0 9h08 La chaleur exceptionnelle pourrait durer plus longtemps que pr\u00e9vu - Meteo Sain-Bel\" \/>\n<meta property=\"og:description\" content=\"M\u00e9t\u00e9o\u00a0 Republi\u00e9 via Innoreader Lire la Suite Pr\u00e8s de 40\u00b0C ce week-end : la chaleur pourrait durer jusqu\u2019\u00e0 mardi Une chaleur exceptionnelle, parfois record, va [&hellip;]\" \/>\n<meta property=\"og:url\" content=\"https:\/\/meteo-sain-bel.fr\/wp\/blog\/le-2-septembre-2026-a-9h08-la-chaleur-exceptionnelle-pourrait-durer-plus-longtemps-que-prevu\/\" \/>\n<meta property=\"og:site_name\" content=\"Meteo Sain-Bel\" \/>\n<meta property=\"article:publisher\" content=\"https:\/\/www.facebook.com\/meteosainbel\" \/>\n<meta property=\"article:published_time\" content=\"2026-09-02T09:08:40+00:00\" \/>\n<meta property=\"og:image\" content=\"https:\/\/www.meteo-paris.com\/uploads\/actu\/chaleur-40-france.jpg\" \/>\n<meta name=\"author\" content=\"Webmaster Meteo Sain-Bel\" \/>\n<meta name=\"twitter:card\" content=\"summary_large_image\" \/>\n<meta name=\"twitter:creator\" content=\"@pichej\" \/>\n<meta name=\"twitter:site\" content=\"@pichej\" \/>\n<script type=\"application\/ld+json\" class=\"yoast-schema-graph\">{\"@context\":\"https:\\\/\\\/schema.org\",\"@graph\":[{\"@type\":\"Article\",\"@id\":\"https:\\\/\\\/meteo-sain-bel.fr\\\/wp\\\/blog\\\/le-2-septembre-2026-a-9h08-la-chaleur-exceptionnelle-pourrait-durer-plus-longtemps-que-prevu\\\/#article\",\"isPartOf\":{\"@id\":\"https:\\\/\\\/meteo-sain-bel.fr\\\/wp\\\/blog\\\/le-2-septembre-2026-a-9h08-la-chaleur-exceptionnelle-pourrait-durer-plus-longtemps-que-prevu\\\/\"},\"author\":{\"name\":\"Webmaster Meteo Sain-Bel\",\"@id\":\"https:\\\/\\\/meteo-sain-bel.fr\\\/wp\\\/#\\\/schema\\\/person\\\/01aaa16bd38fc34093b74f9fe631ce9f\"},\"headline\":\"le 2 septembre 2026 \u00e0 9h08 La chaleur exceptionnelle pourrait durer plus longtemps que pr\u00e9vu\",\"datePublished\":\"2026-09-02T09:08:40+00:00\",\"mainEntityOfPage\":{\"@id\":\"https:\\\/\\\/meteo-sain-bel.fr\\\/wp\\\/blog\\\/le-2-septembre-2026-a-9h08-la-chaleur-exceptionnelle-pourrait-durer-plus-longtemps-que-prevu\\\/\"},\"wordCount\":747,\"commentCount\":0,\"publisher\":{\"@id\":\"https:\\\/\\\/meteo-sain-bel.fr\\\/wp\\\/#organization\"},\"image\":{\"@id\":\"https:\\\/\\\/meteo-sain-bel.fr\\\/wp\\\/blog\\\/le-2-septembre-2026-a-9h08-la-chaleur-exceptionnelle-pourrait-durer-plus-longtemps-que-prevu\\\/#primaryimage\"},\"thumbnailUrl\":\"https:\\\/\\\/meteo-sain-bel.fr\\\/wp\\\/wp-content\\\/uploads\\\/2026\\\/09\\\/chaleur-40-france-u2O4qK.jpg\",\"articleSection\":[\"Sources Externes\"],\"inLanguage\":\"fr-FR\",\"potentialAction\":[{\"@type\":\"CommentAction\",\"name\":\"Comment\",\"target\":[\"https:\\\/\\\/meteo-sain-bel.fr\\\/wp\\\/blog\\\/le-2-septembre-2026-a-9h08-la-chaleur-exceptionnelle-pourrait-durer-plus-longtemps-que-prevu\\\/#respond\"]}]},{\"@type\":\"WebPage\",\"@id\":\"https:\\\/\\\/meteo-sain-bel.fr\\\/wp\\\/blog\\\/le-2-septembre-2026-a-9h08-la-chaleur-exceptionnelle-pourrait-durer-plus-longtemps-que-prevu\\\/\",\"url\":\"https:\\\/\\\/meteo-sain-bel.fr\\\/wp\\\/blog\\\/le-2-septembre-2026-a-9h08-la-chaleur-exceptionnelle-pourrait-durer-plus-longtemps-que-prevu\\\/\",\"name\":\"le 2 septembre 2026 \u00e0 9h08 La chaleur exceptionnelle pourrait durer plus longtemps que pr\u00e9vu - Meteo Sain-Bel\",\"isPartOf\":{\"@id\":\"https:\\\/\\\/meteo-sain-bel.fr\\\/wp\\\/#website\"},\"primaryImageOfPage\":{\"@id\":\"https:\\\/\\\/meteo-sain-bel.fr\\\/wp\\\/blog\\\/le-2-septembre-2026-a-9h08-la-chaleur-exceptionnelle-pourrait-durer-plus-longtemps-que-prevu\\\/#primaryimage\"},\"image\":{\"@id\":\"https:\\\/\\\/meteo-sain-bel.fr\\\/wp\\\/blog\\\/le-2-septembre-2026-a-9h08-la-chaleur-exceptionnelle-pourrait-durer-plus-longtemps-que-prevu\\\/#primaryimage\"},\"thumbnailUrl\":\"https:\\\/\\\/meteo-sain-bel.fr\\\/wp\\\/wp-content\\\/uploads\\\/2026\\\/09\\\/chaleur-40-france-u2O4qK.jpg\",\"datePublished\":\"2026-09-02T09:08:40+00:00\",\"breadcrumb\":{\"@id\":\"https:\\\/\\\/meteo-sain-bel.fr\\\/wp\\\/blog\\\/le-2-septembre-2026-a-9h08-la-chaleur-exceptionnelle-pourrait-durer-plus-longtemps-que-prevu\\\/#breadcrumb\"},\"inLanguage\":\"fr-FR\",\"potentialAction\":[{\"@type\":\"ReadAction\",\"target\":[\"https:\\\/\\\/meteo-sain-bel.fr\\\/wp\\\/blog\\\/le-2-septembre-2026-a-9h08-la-chaleur-exceptionnelle-pourrait-durer-plus-longtemps-que-prevu\\\/\"]}]},{\"@type\":\"ImageObject\",\"inLanguage\":\"fr-FR\",\"@id\":\"https:\\\/\\\/meteo-sain-bel.fr\\\/wp\\\/blog\\\/le-2-septembre-2026-a-9h08-la-chaleur-exceptionnelle-pourrait-durer-plus-longtemps-que-prevu\\\/#primaryimage\",\"url\":\"https:\\\/\\\/meteo-sain-bel.fr\\\/wp\\\/wp-content\\\/uploads\\\/2026\\\/09\\\/chaleur-40-france-u2O4qK.jpg\",\"contentUrl\":\"https:\\\/\\\/meteo-sain-bel.fr\\\/wp\\\/wp-content\\\/uploads\\\/2026\\\/09\\\/chaleur-40-france-u2O4qK.jpg\",\"width\":1200,\"height\":675},{\"@type\":\"BreadcrumbList\",\"@id\":\"https:\\\/\\\/meteo-sain-bel.fr\\\/wp\\\/blog\\\/le-2-septembre-2026-a-9h08-la-chaleur-exceptionnelle-pourrait-durer-plus-longtemps-que-prevu\\\/#breadcrumb\",\"itemListElement\":[{\"@type\":\"ListItem\",\"position\":1,\"name\":\"Accueil\",\"item\":\"https:\\\/\\\/meteo-sain-bel.fr\\\/wp\\\/\"},{\"@type\":\"ListItem\",\"position\":2,\"name\":\"le 2 septembre 2026 \u00e0 9h08 La chaleur exceptionnelle pourrait durer plus longtemps que pr\u00e9vu\"}]},{\"@type\":\"WebSite\",\"@id\":\"https:\\\/\\\/meteo-sain-bel.fr\\\/wp\\\/#website\",\"url\":\"https:\\\/\\\/meteo-sain-bel.fr\\\/wp\\\/\",\"name\":\"Meteo Sain-Bel\",\"description\":\"Station m\u00e9t\u00e9orologique, donn\u00e9es en temps r\u00e9el 24h\\\/24 et Webcam \u00e0 Sain-Bel (69210) Pays de l\u2019Arbresle, 69 Rh\u00f4ne, France\",\"publisher\":{\"@id\":\"https:\\\/\\\/meteo-sain-bel.fr\\\/wp\\\/#organization\"},\"alternateName\":\"Site m\u00e9t\u00e9o de Sain-Bel, Rh\u00f4ne\",\"potentialAction\":[{\"@type\":\"SearchAction\",\"target\":{\"@type\":\"EntryPoint\",\"urlTemplate\":\"https:\\\/\\\/meteo-sain-bel.fr\\\/wp\\\/?s={search_term_string}\"},\"query-input\":{\"@type\":\"PropertyValueSpecification\",\"valueRequired\":true,\"valueName\":\"search_term_string\"}}],\"inLanguage\":\"fr-FR\"},{\"@type\":\"Organization\",\"@id\":\"https:\\\/\\\/meteo-sain-bel.fr\\\/wp\\\/#organization\",\"name\":\"Meteo Sain-Bel\",\"url\":\"https:\\\/\\\/meteo-sain-bel.fr\\\/wp\\\/\",\"logo\":{\"@type\":\"ImageObject\",\"inLanguage\":\"fr-FR\",\"@id\":\"https:\\\/\\\/meteo-sain-bel.fr\\\/wp\\\/#\\\/schema\\\/logo\\\/image\\\/\",\"url\":\"https:\\\/\\\/meteo-sain-bel.fr\\\/wp\\\/wp-content\\\/uploads\\\/2026\\\/08\\\/cropped-logoMeteo2026sansfond-1.png\",\"contentUrl\":\"https:\\\/\\\/meteo-sain-bel.fr\\\/wp\\\/wp-content\\\/uploads\\\/2026\\\/08\\\/cropped-logoMeteo2026sansfond-1.png\",\"width\":397,\"height\":396,\"caption\":\"Meteo Sain-Bel\"},\"image\":{\"@id\":\"https:\\\/\\\/meteo-sain-bel.fr\\\/wp\\\/#\\\/schema\\\/logo\\\/image\\\/\"},\"sameAs\":[\"https:\\\/\\\/www.facebook.com\\\/meteosainbel\",\"https:\\\/\\\/x.com\\\/pichej\",\"https:\\\/\\\/www.instagram.com\\\/pichej\"]},{\"@type\":\"Person\",\"@id\":\"https:\\\/\\\/meteo-sain-bel.fr\\\/wp\\\/#\\\/schema\\\/person\\\/01aaa16bd38fc34093b74f9fe631ce9f\",\"name\":\"Webmaster Meteo Sain-Bel\",\"image\":{\"@type\":\"ImageObject\",\"inLanguage\":\"fr-FR\",\"@id\":\"https:\\\/\\\/secure.gravatar.com\\\/avatar\\\/fbbe8b1b88f3bedc77cf954f56a4f23bb0cac63f504868560f513f1ccb1405ee?s=96&r=g\",\"url\":\"https:\\\/\\\/secure.gravatar.com\\\/avatar\\\/fbbe8b1b88f3bedc77cf954f56a4f23bb0cac63f504868560f513f1ccb1405ee?s=96&r=g\",\"contentUrl\":\"https:\\\/\\\/secure.gravatar.com\\\/avatar\\\/fbbe8b1b88f3bedc77cf954f56a4f23bb0cac63f504868560f513f1ccb1405ee?s=96&r=g\",\"caption\":\"Webmaster Meteo Sain-Bel\"},\"sameAs\":[\"http:\\\/\\\/meteo-sain-bel.fr\\\/wp\"],\"url\":\"https:\\\/\\\/meteo-sain-bel.fr\\\/wp\\\/blog\\\/author\\\/admin\\\/\"}]}<\/script>\n<!-- \/ Yoast SEO plugin. -->","yoast_head_json":{"title":"le 2 septembre 2026 \u00e0 9h08 La chaleur exceptionnelle pourrait durer plus longtemps que pr\u00e9vu - Meteo Sain-Bel","robots":{"index":"index","follow":"follow","max-snippet":"max-snippet:-1","max-image-preview":"max-image-preview:large","max-video-preview":"max-video-preview:-1"},"canonical":"https:\/\/meteo-sain-bel.fr\/wp\/blog\/le-2-septembre-2026-a-9h08-la-chaleur-exceptionnelle-pourrait-durer-plus-longtemps-que-prevu\/","og_locale":"fr_FR","og_type":"article","og_title":"le 2 septembre 2026 \u00e0 9h08 La chaleur exceptionnelle pourrait durer plus longtemps que pr\u00e9vu - Meteo Sain-Bel","og_description":"M\u00e9t\u00e9o\u00a0 Republi\u00e9 via Innoreader Lire la Suite Pr\u00e8s de 40\u00b0C ce week-end : la chaleur pourrait durer jusqu\u2019\u00e0 mardi Une chaleur exceptionnelle, parfois record, va [&hellip;]","og_url":"https:\/\/meteo-sain-bel.fr\/wp\/blog\/le-2-septembre-2026-a-9h08-la-chaleur-exceptionnelle-pourrait-durer-plus-longtemps-que-prevu\/","og_site_name":"Meteo Sain-Bel","article_publisher":"https:\/\/www.facebook.com\/meteosainbel","article_published_time":"2026-09-02T09:08:40+00:00","og_image":[{"url":"https:\/\/www.meteo-paris.com\/uploads\/actu\/chaleur-40-france.jpg","type":"","width":"","height":""}],"author":"Webmaster Meteo Sain-Bel","twitter_card":"summary_large_image","twitter_creator":"@pichej","twitter_site":"@pichej","schema":{"@context":"https:\/\/schema.org","@graph":[{"@type":"Article","@id":"https:\/\/meteo-sain-bel.fr\/wp\/blog\/le-2-septembre-2026-a-9h08-la-chaleur-exceptionnelle-pourrait-durer-plus-longtemps-que-prevu\/#article","isPartOf":{"@id":"https:\/\/meteo-sain-bel.fr\/wp\/blog\/le-2-septembre-2026-a-9h08-la-chaleur-exceptionnelle-pourrait-durer-plus-longtemps-que-prevu\/"},"author":{"name":"Webmaster Meteo Sain-Bel","@id":"https:\/\/meteo-sain-bel.fr\/wp\/#\/schema\/person\/01aaa16bd38fc34093b74f9fe631ce9f"},"headline":"le 2 septembre 2026 \u00e0 9h08 La chaleur exceptionnelle pourrait durer plus longtemps que pr\u00e9vu","datePublished":"2026-09-02T09:08:40+00:00","mainEntityOfPage":{"@id":"https:\/\/meteo-sain-bel.fr\/wp\/blog\/le-2-septembre-2026-a-9h08-la-chaleur-exceptionnelle-pourrait-durer-plus-longtemps-que-prevu\/"},"wordCount":747,"commentCount":0,"publisher":{"@id":"https:\/\/meteo-sain-bel.fr\/wp\/#organization"},"image":{"@id":"https:\/\/meteo-sain-bel.fr\/wp\/blog\/le-2-septembre-2026-a-9h08-la-chaleur-exceptionnelle-pourrait-durer-plus-longtemps-que-prevu\/#primaryimage"},"thumbnailUrl":"https:\/\/meteo-sain-bel.fr\/wp\/wp-content\/uploads\/2026\/09\/chaleur-40-france-u2O4qK.jpg","articleSection":["Sources Externes"],"inLanguage":"fr-FR","potentialAction":[{"@type":"CommentAction","name":"Comment","target":["https:\/\/meteo-sain-bel.fr\/wp\/blog\/le-2-septembre-2026-a-9h08-la-chaleur-exceptionnelle-pourrait-durer-plus-longtemps-que-prevu\/#respond"]}]},{"@type":"WebPage","@id":"https:\/\/meteo-sain-bel.fr\/wp\/blog\/le-2-septembre-2026-a-9h08-la-chaleur-exceptionnelle-pourrait-durer-plus-longtemps-que-prevu\/","url":"https:\/\/meteo-sain-bel.fr\/wp\/blog\/le-2-septembre-2026-a-9h08-la-chaleur-exceptionnelle-pourrait-durer-plus-longtemps-que-prevu\/","name":"le 2 septembre 2026 \u00e0 9h08 La chaleur exceptionnelle pourrait durer plus longtemps que pr\u00e9vu - Meteo Sain-Bel","isPartOf":{"@id":"https:\/\/meteo-sain-bel.fr\/wp\/#website"},"primaryImageOfPage":{"@id":"https:\/\/meteo-sain-bel.fr\/wp\/blog\/le-2-septembre-2026-a-9h08-la-chaleur-exceptionnelle-pourrait-durer-plus-longtemps-que-prevu\/#primaryimage"},"image":{"@id":"https:\/\/meteo-sain-bel.fr\/wp\/blog\/le-2-septembre-2026-a-9h08-la-chaleur-exceptionnelle-pourrait-durer-plus-longtemps-que-prevu\/#primaryimage"},"thumbnailUrl":"https:\/\/meteo-sain-bel.fr\/wp\/wp-content\/uploads\/2026\/09\/chaleur-40-france-u2O4qK.jpg","datePublished":"2026-09-02T09:08:40+00:00","breadcrumb":{"@id":"https:\/\/meteo-sain-bel.fr\/wp\/blog\/le-2-septembre-2026-a-9h08-la-chaleur-exceptionnelle-pourrait-durer-plus-longtemps-que-prevu\/#breadcrumb"},"inLanguage":"fr-FR","potentialAction":[{"@type":"ReadAction","target":["https:\/\/meteo-sain-bel.fr\/wp\/blog\/le-2-septembre-2026-a-9h08-la-chaleur-exceptionnelle-pourrait-durer-plus-longtemps-que-prevu\/"]}]},{"@type":"ImageObject","inLanguage":"fr-FR","@id":"https:\/\/meteo-sain-bel.fr\/wp\/blog\/le-2-septembre-2026-a-9h08-la-chaleur-exceptionnelle-pourrait-durer-plus-longtemps-que-prevu\/#primaryimage","url":"https:\/\/meteo-sain-bel.fr\/wp\/wp-content\/uploads\/2026\/09\/chaleur-40-france-u2O4qK.jpg","contentUrl":"https:\/\/meteo-sain-bel.fr\/wp\/wp-content\/uploads\/2026\/09\/chaleur-40-france-u2O4qK.jpg","width":1200,"height":675},{"@type":"BreadcrumbList","@id":"https:\/\/meteo-sain-bel.fr\/wp\/blog\/le-2-septembre-2026-a-9h08-la-chaleur-exceptionnelle-pourrait-durer-plus-longtemps-que-prevu\/#breadcrumb","itemListElement":[{"@type":"ListItem","position":1,"name":"Accueil","item":"https:\/\/meteo-sain-bel.fr\/wp\/"},{"@type":"ListItem","position":2,"name":"le 2 septembre 2026 \u00e0 9h08 La chaleur exceptionnelle pourrait durer plus longtemps que pr\u00e9vu"}]},{"@type":"WebSite","@id":"https:\/\/meteo-sain-bel.fr\/wp\/#website","url":"https:\/\/meteo-sain-bel.fr\/wp\/","name":"Meteo Sain-Bel","description":"Station m\u00e9t\u00e9orologique, donn\u00e9es en temps r\u00e9el 24h\/24 et Webcam \u00e0 Sain-Bel (69210) Pays de l\u2019Arbresle, 69 Rh\u00f4ne, France","publisher":{"@id":"https:\/\/meteo-sain-bel.fr\/wp\/#organization"},"alternateName":"Site m\u00e9t\u00e9o de Sain-Bel, Rh\u00f4ne","potentialAction":[{"@type":"SearchAction","target":{"@type":"EntryPoint","urlTemplate":"https:\/\/meteo-sain-bel.fr\/wp\/?s={search_term_string}"},"query-input":{"@type":"PropertyValueSpecification","valueRequired":true,"valueName":"search_term_string"}}],"inLanguage":"fr-FR"},{"@type":"Organization","@id":"https:\/\/meteo-sain-bel.fr\/wp\/#organization","name":"Meteo Sain-Bel","url":"https:\/\/meteo-sain-bel.fr\/wp\/","logo":{"@type":"ImageObject","inLanguage":"fr-FR","@id":"https:\/\/meteo-sain-bel.fr\/wp\/#\/schema\/logo\/image\/","url":"https:\/\/meteo-sain-bel.fr\/wp\/wp-content\/uploads\/2026\/08\/cropped-logoMeteo2026sansfond-1.png","contentUrl":"https:\/\/meteo-sain-bel.fr\/wp\/wp-content\/uploads\/2026\/08\/cropped-logoMeteo2026sansfond-1.png","width":397,"height":396,"caption":"Meteo Sain-Bel"},"image":{"@id":"https:\/\/meteo-sain-bel.fr\/wp\/#\/schema\/logo\/image\/"},"sameAs":["https:\/\/www.facebook.com\/meteosainbel","https:\/\/x.com\/pichej","https:\/\/www.instagram.com\/pichej"]},{"@type":"Person","@id":"https:\/\/meteo-sain-bel.fr\/wp\/#\/schema\/person\/01aaa16bd38fc34093b74f9fe631ce9f","name":"Webmaster Meteo Sain-Bel","image":{"@type":"ImageObject","inLanguage":"fr-FR","@id":"https:\/\/secure.gravatar.com\/avatar\/fbbe8b1b88f3bedc77cf954f56a4f23bb0cac63f504868560f513f1ccb1405ee?s=96&r=g","url":"https:\/\/secure.gravatar.com\/avatar\/fbbe8b1b88f3bedc77cf954f56a4f23bb0cac63f504868560f513f1ccb1405ee?s=96&r=g","contentUrl":"https:\/\/secure.gravatar.com\/avatar\/fbbe8b1b88f3bedc77cf954f56a4f23bb0cac63f504868560f513f1ccb1405ee?s=96&r=g","caption":"Webmaster Meteo Sain-Bel"},"sameAs":["http:\/\/meteo-sain-bel.fr\/wp"],"url":"https:\/\/meteo-sain-bel.fr\/wp\/blog\/author\/admin\/"}]}},"uagb_featured_image_src":{"full":["https:\/\/meteo-sain-bel.fr\/wp\/wp-content\/uploads\/2026\/09\/chaleur-40-france-u2O4qK.jpg",1200,675,false],"thumbnail":["https:\/\/meteo-sain-bel.fr\/wp\/wp-content\/uploads\/2026\/09\/chaleur-40-france-u2O4qK-150x150.jpg",150,150,true],"medium":["https:\/\/meteo-sain-bel.fr\/wp\/wp-content\/uploads\/2026\/09\/chaleur-40-france-u2O4qK-300x169.jpg",300,169,true],"medium_large":["https:\/\/meteo-sain-bel.fr\/wp\/wp-content\/uploads\/2026\/09\/chaleur-40-france-u2O4qK-768x432.jpg",768,432,true],"large":["https:\/\/meteo-sain-bel.fr\/wp\/wp-content\/uploads\/2026\/09\/chaleur-40-france-u2O4qK-1024x576.jpg",1024,576,true],"1536x1536":["https:\/\/meteo-sain-bel.fr\/wp\/wp-content\/uploads\/2026\/09\/chaleur-40-france-u2O4qK.jpg",1200,675,false],"2048x2048":["https:\/\/meteo-sain-bel.fr\/wp\/wp-content\/uploads\/2026\/09\/chaleur-40-france-u2O4qK.jpg",1200,675,false]},"uagb_author_info":{"display_name":"Webmaster Meteo Sain-Bel","author_link":"https:\/\/meteo-sain-bel.fr\/wp\/blog\/author\/admin\/"},"uagb_comment_info":0,"uagb_excerpt":"M\u00e9t\u00e9o\u00a0 Republi\u00e9 via Innoreader Lire la Suite Pr\u00e8s de 40\u00b0C ce week-end : la chaleur pourrait durer jusqu\u2019\u00e0 mardi Une chaleur exceptionnelle, parfois record, va [&hellip;]","_links":{"self":[{"href":"https:\/\/meteo-sain-bel.fr\/wp\/wp-json\/wp\/v2\/posts\/8978","targetHints":{"allow":["GET"]}}],"collection":[{"href":"https:\/\/meteo-sain-bel.fr\/wp\/wp-json\/wp\/v2\/posts"}],"about":[{"href":"https:\/\/meteo-sain-bel.fr\/wp\/wp-json\/wp\/v2\/types\/post"}],"author":[{"embeddable":true,"href":"https:\/\/meteo-sain-bel.fr\/wp\/wp-json\/wp\/v2\/users\/1"}],"replies":[{"embeddable":true,"href":"https:\/\/meteo-sain-bel.fr\/wp\/wp-json\/wp\/v2\/comments?post=8978"}],"version-history":[{"count":0,"href":"https:\/\/meteo-sain-bel.fr\/wp\/wp-json\/wp\/v2\/posts\/8978\/revisions"}],"wp:featuredmedia":[{"embeddable":true,"href":"https:\/\/meteo-sain-bel.fr\/wp\/wp-json\/wp\/v2\/media\/8979"}],"wp:attachment":[{"href":"https:\/\/meteo-sain-bel.fr\/wp\/wp-json\/wp\/v2\/media?parent=8978"}],"wp:term":[{"taxonomy":"category","embeddable":true,"href":"https:\/\/meteo-sain-bel.fr\/wp\/wp-json\/wp\/v2\/categories?post=8978"},{"taxonomy":"post_tag","embeddable":true,"href":"https:\/\/meteo-sain-bel.fr\/wp\/wp-json\/wp\/v2\/tags?post=8978"}],"curies":[{"name":"wp","href":"https:\/\/api.w.org\/{rel}","templated":true}]}}