{"id":8953,"date":"2026-08-31T10:20:29","date_gmt":"2026-08-31T08:20:29","guid":{"rendered":"https:\/\/meteo-sain-bel.fr\/wp\/blog\/le-31-aout-2026-a-8h20-%f0%9f%8c%a4%ef%b8%8f-dernier-jour-de-lete-meteorologique-ce-31-aout-lete-meteorologique-touche-deja-a-sa-fin-%e2%98%80%ef%b8%8f%f0%9f%8d%82\/"},"modified":"2026-08-31T10:20:29","modified_gmt":"2026-08-31T08:20:29","slug":"le-31-aout-2026-a-8h20-%f0%9f%8c%a4%ef%b8%8f-dernier-jour-de-lete-meteorologique-ce-31-aout-lete-meteorologique-touche-deja-a-sa-fin-%e2%98%80%ef%b8%8f%f0%9f%8d%82","status":"publish","type":"post","link":"https:\/\/meteo-sain-bel.fr\/wp\/blog\/le-31-aout-2026-a-8h20-%f0%9f%8c%a4%ef%b8%8f-dernier-jour-de-lete-meteorologique-ce-31-aout-lete-meteorologique-touche-deja-a-sa-fin-%e2%98%80%ef%b8%8f%f0%9f%8d%82\/","title":{"rendered":"le 31 ao\u00fbt 2026 \u00e0 8h20  \ud83c\udf24\ufe0f Dernier jour de l\u2019\u00e9t\u00e9 m\u00e9t\u00e9orologique !  \n  \nCe 31 ao\u00fbt, l\u2019\u00e9t\u00e9 m\u00e9t\u00e9orologique touche d\u00e9j\u00e0 \u00e0 sa fin\u2026 \u2600\ufe0f\ud83c\udf42  \nDemain, place \u00e0 l\u2019automne m\u00e9t\u00e9orologique !  \n  \nEt ce matin, la France nous offre un joli contraste de temp\u00e9ratures et d\u2019ambiances \ud83d\udc47  \n  \n\ud83c\udf2b\ufe0f Merci Louis pour ce beau partage !  \nUne l\u00e9g\u00e8re brume s\u2019est install\u00e9e dans le Sud-Ouest, du c\u00f4t\u00e9 de Bagnac-sur-C\u00e9l\u00e9 (46). Une belle ambiance matinale \ud83d\udcf8  \n  \n\ud83c\udf21\ufe0f C\u00f4t\u00e9 temp\u00e9ratures minimales, des \u00e9carts importants relev\u00e9s !  \n  \n&#8211; BASTIA_SAPC (20) : 24,8 \u00b0C  \n&#8211; LA BASTIDE (83) : 7,3 \u00b0C  \n  \n\u27a1\ufe0f17,5 \u00b0C d\u2019\u00e9cart entre ces deux stations pour moins de 300 km!  \n  \nRetrouvez nos cartes m\u00e9t\u00e9o en temps r\u00e9el, les observations et les pr\u00e9visions sur Infoclimat.  \n  \n\ud83d\udc49 Et chez vous, quelle temp\u00e9rature avez-vous relev\u00e9e ce matin ? Dites-nous votre d\u00e9partement en commentaire ! \ud83d\udc47  \n  \n#Infoclimat #M\u00e9t\u00e9o #france #Pr\u00e9visions #observation #temp\u00e9ratures #automne #\u00e9t\u00e9m\u00e9t\u00e9orologique #brouillard #brumePhotos de la publication de Infoclimat"},"content":{"rendered":"<p>M\u00e9t\u00e9o\u00a0 Republi\u00e9 via Innoreader <a href=\"https:\/\/www.facebook.com\/457169573107335\/posts\/1488382233319392\" target=\"_blank\" class=\"feedzy-rss-link-icon\">Lire la Suite<\/a><\/p>\n<p>\ud83c\udf24\ufe0f Dernier jour de l\u2019\u00e9t\u00e9 m\u00e9t\u00e9orologique !<\/p>\n<p>Ce 31 ao\u00fbt, l\u2019\u00e9t\u00e9 m\u00e9t\u00e9orologique touche d\u00e9j\u00e0 \u00e0 sa fin\u2026 \u2600\ufe0f\ud83c\udf42<br \/> <br \/>\nDemain, place \u00e0 l\u2019automne m\u00e9t\u00e9orologique !<\/p>\n<p>Et ce matin, la France nous offre un joli contraste de temp\u00e9ratures et d\u2019ambiances \ud83d\udc47<\/p>\n<p>\ud83c\udf2b\ufe0f Merci Louis pour ce beau partage !<br \/> <br \/>\nUne l\u00e9g\u00e8re brume s\u2019est install\u00e9e dans le Sud-Ouest, du c\u00f4t\u00e9 de Bagnac-sur-C\u00e9l\u00e9 (46). Une belle ambiance matinale \ud83d\udcf8<\/p>\n<p>\ud83c\udf21\ufe0f C\u00f4t\u00e9 temp\u00e9ratures minimales, des \u00e9carts importants relev\u00e9s !<\/p>\n<p>&#8211; BASTIA_SAPC (20) : 24,8 \u00b0C<br \/> <br \/>\n&#8211; LA BASTIDE (83) : 7,3 \u00b0C<\/p>\n<p>\u27a1\ufe0f17,5 \u00b0C d\u2019\u00e9cart entre ces deux stations pour moins de 300 km!<\/p>\n<p>Retrouvez nos cartes m\u00e9t\u00e9o en temps r\u00e9el, les observations et les pr\u00e9visions sur Infoclimat.<\/p>\n<p>\ud83d\udc49 Et chez vous, quelle temp\u00e9rature avez-vous relev\u00e9e ce matin ? Dites-nous votre d\u00e9partement en commentaire ! \ud83d\udc47<\/p>\n<p><a href=\"https:\/\/facebook.com\/hashtag\/Infoclimat\">#Infoclimat<\/a> <a href=\"https:\/\/facebook.com\/hashtag\/M%C3%A9t%C3%A9o\">#M\u00e9t\u00e9o<\/a> <a href=\"https:\/\/facebook.com\/hashtag\/france\">#france<\/a> <a href=\"https:\/\/facebook.com\/hashtag\/Pr%C3%A9visions\">#Pr\u00e9visions<\/a> <a href=\"https:\/\/facebook.com\/hashtag\/observation\">#observation<\/a> <a href=\"https:\/\/facebook.com\/hashtag\/temp%C3%A9ratures\">#temp\u00e9ratures<\/a> <a href=\"https:\/\/facebook.com\/hashtag\/automne\">#automne<\/a> <a href=\"https:\/\/facebook.com\/hashtag\/%C3%A9t%C3%A9m%C3%A9t%C3%A9orologique\">#\u00e9t\u00e9m\u00e9t\u00e9orologique<\/a> <a href=\"https:\/\/facebook.com\/hashtag\/brouillard\">#brouillard<\/a> <a href=\"https:\/\/facebook.com\/hashtag\/brume\">#brume<\/a><\/p>\n<table>\n<tr>\n<td><a href=\"https:\/\/www.facebook.com\/457169573107335\/posts\/1488382233319392\">Photos de la publication de Infoclimat<\/a><\/td>\n<\/tr>\n<tr>\n<td><a href=\"https:\/\/www.facebook.com\/photo.php?fbid=1488374803320135&amp;set=a.457167346440891&amp;type=3\"><img decoding=\"async\" src=\"https:\/\/scontent.fsof8-1.fna.fbcdn.net\/v\/t39.30808-6\/788816594_1488374806653468_1781680750149957218_n.jpg?stp=dst-jpg_s720x720_tt6&amp;_nc_cat=111&amp;ccb=1-7&amp;_nc_sid=127cfc&amp;_nc_ohc=-HhUNZ-y5mYQ7kNvwFdAI9r&amp;_nc_oc=AdrK71HxcNKmQKWRRZZKGS3g0q41Ql01JfoGRu15ePwJci3EWdNB-IylIoSWxwoyzXM&amp;_nc_zt=23&amp;_nc_ht=scontent.fsof8-1.fna&amp;edm=AKIiGfEEAAAA&amp;_nc_gid=I-JucNQDfcgQ2sRmJP6WIA&amp;_nc_tpa=Q5bMBQJRyalnvzovnSoRJxfMZ6Q0Vb009ZOUq-TLBiw2vOiBPrX73Ao1EYAEuJcHIA7OI33B1FPg6zm7&amp;oh=00_AQKnqHG4zXl5-ks7rwzwVFb4GxWulOyoBPUvB2dG_BHvew&amp;oe=6A9B1CC6\" alt=\"788816594_1488374806653468_1781680750149\" \/><\/a><\/td>\n<\/tr>\n<tr>\n<td><a href=\"https:\/\/www.facebook.com\/photo.php?fbid=1488380096652939&amp;set=a.457167346440891&amp;type=3\"><img decoding=\"async\" src=\"https:\/\/scontent.fsof11-1.fna.fbcdn.net\/v\/t39.30808-6\/790969280_1488380099986272_7814978436261612918_n.jpg?stp=cp1_dst-jpg_tt6&amp;_nc_cat=106&amp;ccb=1-7&amp;_nc_sid=127cfc&amp;_nc_ohc=M8xDdOtvpIgQ7kNvwH3dRkh&amp;_nc_oc=AdpWahfJyRAaQ4ARqwCw6fYyf0kv4w0w0cwHzwBM461az6ndEpSSzmLgcHzMXva5OwM&amp;_nc_zt=23&amp;_nc_ht=scontent.fsof11-1.fna&amp;edm=AKIiGfEEAAAA&amp;_nc_gid=I-JucNQDfcgQ2sRmJP6WIA&amp;_nc_tpa=Q5bMBQKt41b_a8sebMP9vN9EK6rKBIdJaTUsPXXUlFUBQjpjYrlh8n-F4F-HgLvo8UznUnnMNT13QzJG&amp;oh=00_AQKsRbjq9WNvPb_owRiHyRSoXlAExp_z_k5cRS3MT2OeJg&amp;oe=6A9B1336\" alt=\"790969280_1488380099986272_7814978436261\" \/><\/a><\/td>\n<\/tr>\n<tr>\n<td><a href=\"https:\/\/www.facebook.com\/photo.php?fbid=1488380149986267&amp;set=a.457167346440891&amp;type=3\"><img decoding=\"async\" src=\"https:\/\/scontent.fsof11-1.fna.fbcdn.net\/v\/t39.30808-6\/787178887_1488380153319600_266256421587653064_n.jpg?stp=dst-jpg_s960x960_tt6&amp;_nc_cat=101&amp;ccb=1-7&amp;_nc_sid=127cfc&amp;_nc_ohc=faDBVvIliNAQ7kNvwE41gr8&amp;_nc_oc=AdqDZaWfUdGXNU7LJdv_-6tjuMJaubXr98DXY16jcbUVuFYLcDUG69kyIx-jwLT64v4&amp;_nc_zt=23&amp;_nc_ht=scontent.fsof11-1.fna&amp;edm=AKIiGfEEAAAA&amp;_nc_gid=I-JucNQDfcgQ2sRmJP6WIA&amp;_nc_tpa=Q5bMBQKE8nFv9ztBE5gHeaOGwBgVLW9q6svvf24RI3NUue-g0KCzWDQiJoDZyi-I26HjBHzjQRjz_wzU&amp;oh=00_AQIDTrN7pAd2pQjf5fk3k8Db8A1dpjPPmWrRDclYTiPsFg&amp;oe=6A9B14F4\" alt=\"787178887_1488380153319600_2662564215876\" \/><\/a><\/td>\n<\/tr>\n<tr>\n<td><a href=\"https:\/\/www.facebook.com\/photo.php?fbid=1488380126652936&amp;set=a.457167346440891&amp;type=3\"><img decoding=\"async\" src=\"https:\/\/scontent.fsof11-1.fna.fbcdn.net\/v\/t39.30808-6\/788816592_1488380136652935_4182615380005027771_n.jpg?stp=dst-jpg_s960x960_tt6&amp;_nc_cat=103&amp;ccb=1-7&amp;_nc_sid=127cfc&amp;_nc_ohc=cf6rBEdTCzkQ7kNvwHA_VQa&amp;_nc_oc=Adp7s2xlPeV8CDP3BI52IAH07QGIrwWrkBcAlBHHxMnzTSqo1qmxn9phbkt25Qq5BVc&amp;_nc_zt=23&amp;_nc_ht=scontent.fsof11-1.fna&amp;edm=AKIiGfEEAAAA&amp;_nc_gid=I-JucNQDfcgQ2sRmJP6WIA&amp;_nc_tpa=Q5bMBQJ4uqHXjpPDKKphWPPgMm4NIsl4AgbweASNAoH4fTvUxxdmWi2coNyTyrc6NAw2_yAdZlROyeW6&amp;oh=00_AQKgDK-8nXTMTcazng15GNbsGk06xoWkm4KYq-HtANugHA&amp;oe=6A9B096F\" alt=\"788816592_1488380136652935_4182615380005\" \/><\/a><\/td>\n<\/tr>\n<\/table>","protected":false},"excerpt":{"rendered":"<p>M\u00e9t\u00e9o\u00a0 Republi\u00e9 via Innoreader Lire la Suite \ud83c\udf24\ufe0f Dernier jour de l\u2019\u00e9t\u00e9 m\u00e9t\u00e9orologique ! Ce 31 ao\u00fbt, l\u2019\u00e9t\u00e9 m\u00e9t\u00e9orologique touche d\u00e9j\u00e0 \u00e0 sa fin\u2026 \u2600\ufe0f\ud83c\udf42 [&hellip;]<\/p>\n","protected":false},"author":1,"featured_media":8954,"comment_status":"open","ping_status":"open","sticky":false,"template":"","format":"standard","meta":{"content-type":"","_uag_custom_page_level_css":"","site-sidebar-layout":"default","site-content-layout":"","ast-site-content-layout":"default","site-content-style":"default","site-sidebar-style":"default","ast-global-header-display":"","ast-banner-title-visibility":"","ast-main-header-display":"","ast-hfb-above-header-display":"","ast-hfb-below-header-display":"","ast-hfb-mobile-header-display":"","site-post-title":"","ast-breadcrumbs-content":"","ast-featured-img":"","footer-sml-layout":"","ast-disable-related-posts":"","theme-transparent-header-meta":"","adv-header-id-meta":"","stick-header-meta":"","header-above-stick-meta":"","header-main-stick-meta":"","header-below-stick-meta":"","astra-migrate-meta-layouts":"default","ast-page-background-enabled":"default","ast-page-background-meta":{"desktop":{"background-color":"var(--ast-global-color-4)","background-image":"","background-repeat":"repeat","background-position":"center center","background-size":"auto","background-attachment":"scroll","background-type":"","background-media":"","overlay-type":"","overlay-color":"","overlay-opacity":"","overlay-gradient":""},"tablet":{"background-color":"","background-image":"","background-repeat":"repeat","background-position":"center center","background-size":"auto","background-attachment":"scroll","background-type":"","background-media":"","overlay-type":"","overlay-color":"","overlay-opacity":"","overlay-gradient":""},"mobile":{"background-color":"","background-image":"","background-repeat":"repeat","background-position":"center center","background-size":"auto","background-attachment":"scroll","background-type":"","background-media":"","overlay-type":"","overlay-color":"","overlay-opacity":"","overlay-gradient":""}},"ast-content-background-meta":{"desktop":{"background-color":"var(--ast-global-color-5)","background-image":"","background-repeat":"repeat","background-position":"center center","background-size":"auto","background-attachment":"scroll","background-type":"","background-media":"","overlay-type":"","overlay-color":"","overlay-opacity":"","overlay-gradient":""},"tablet":{"background-color":"var(--ast-global-color-5)","background-image":"","background-repeat":"repeat","background-position":"center center","background-size":"auto","background-attachment":"scroll","background-type":"","background-media":"","overlay-type":"","overlay-color":"","overlay-opacity":"","overlay-gradient":""},"mobile":{"background-color":"var(--ast-global-color-5)","background-image":"","background-repeat":"repeat","background-position":"center center","background-size":"auto","background-attachment":"scroll","background-type":"","background-media":"","overlay-type":"","overlay-color":"","overlay-opacity":"","overlay-gradient":""}},"footnotes":""},"categories":[6],"tags":[],"class_list":["post-8953","post","type-post","status-publish","format-standard","has-post-thumbnail","hentry","category-externes"],"yoast_head":"<!-- This site is optimized with the Yoast SEO plugin v28.3 - https:\/\/yoast.com\/product\/yoast-seo-wordpress\/ -->\n<title>le 31 ao\u00fbt 2026 \u00e0 8h20 \ud83c\udf24\ufe0f Dernier jour de l\u2019\u00e9t\u00e9 m\u00e9t\u00e9orologique !   Ce 31 ao\u00fbt, l\u2019\u00e9t\u00e9 m\u00e9t\u00e9orologique touche d\u00e9j\u00e0 \u00e0 sa fin\u2026 \u2600\ufe0f\ud83c\udf42  Demain, place \u00e0 l\u2019automne m\u00e9t\u00e9orologique !   Et ce matin, la France nous offre un joli contraste de temp\u00e9ratures et d\u2019ambiances \ud83d\udc47   \ud83c\udf2b\ufe0f Merci Louis pour ce beau partage !  Une l\u00e9g\u00e8re brume s\u2019est install\u00e9e dans le Sud-Ouest, du c\u00f4t\u00e9 de Bagnac-sur-C\u00e9l\u00e9 (46). Une belle ambiance matinale \ud83d\udcf8   \ud83c\udf21\ufe0f C\u00f4t\u00e9 temp\u00e9ratures minimales, des \u00e9carts importants relev\u00e9s !   - BASTIA_SAPC (20) : 24,8 \u00b0C  - LA BASTIDE (83) : 7,3 \u00b0C   \u27a1\ufe0f17,5 \u00b0C d\u2019\u00e9cart entre ces deux stations pour moins de 300 km!   Retrouvez nos cartes m\u00e9t\u00e9o en temps r\u00e9el, les observations et les pr\u00e9visions sur Infoclimat.   \ud83d\udc49 Et chez vous, quelle temp\u00e9rature avez-vous relev\u00e9e ce matin ? Dites-nous votre d\u00e9partement en commentaire ! \ud83d\udc47   #Infoclimat #M\u00e9t\u00e9o #france #Pr\u00e9visions #observation #temp\u00e9ratures #automne #\u00e9t\u00e9m\u00e9t\u00e9orologique #brouillard #brumePhotos de la publication de Infoclimat - Meteo Sain-Bel<\/title>\n<meta name=\"robots\" content=\"index, follow, max-snippet:-1, max-image-preview:large, max-video-preview:-1\" \/>\n<link rel=\"canonical\" href=\"https:\/\/meteo-sain-bel.fr\/wp\/blog\/le-31-aout-2026-a-8h20-\ud83c\udf24\ufe0f-dernier-jour-de-lete-meteorologique-ce-31-aout-lete-meteorologique-touche-deja-a-sa-fin-\u2600\ufe0f\ud83c\udf42\/\" \/>\n<meta property=\"og:locale\" content=\"fr_FR\" \/>\n<meta property=\"og:type\" content=\"article\" \/>\n<meta property=\"og:title\" content=\"le 31 ao\u00fbt 2026 \u00e0 8h20 \ud83c\udf24\ufe0f Dernier jour de l\u2019\u00e9t\u00e9 m\u00e9t\u00e9orologique !   Ce 31 ao\u00fbt, l\u2019\u00e9t\u00e9 m\u00e9t\u00e9orologique touche d\u00e9j\u00e0 \u00e0 sa fin\u2026 \u2600\ufe0f\ud83c\udf42  Demain, place \u00e0 l\u2019automne m\u00e9t\u00e9orologique !   Et ce matin, la France nous offre un joli contraste de temp\u00e9ratures et d\u2019ambiances \ud83d\udc47   \ud83c\udf2b\ufe0f Merci Louis pour ce beau partage !  Une l\u00e9g\u00e8re brume s\u2019est install\u00e9e dans le Sud-Ouest, du c\u00f4t\u00e9 de Bagnac-sur-C\u00e9l\u00e9 (46). Une belle ambiance matinale \ud83d\udcf8   \ud83c\udf21\ufe0f C\u00f4t\u00e9 temp\u00e9ratures minimales, des \u00e9carts importants relev\u00e9s !   - BASTIA_SAPC (20) : 24,8 \u00b0C  - LA BASTIDE (83) : 7,3 \u00b0C   \u27a1\ufe0f17,5 \u00b0C d\u2019\u00e9cart entre ces deux stations pour moins de 300 km!   Retrouvez nos cartes m\u00e9t\u00e9o en temps r\u00e9el, les observations et les pr\u00e9visions sur Infoclimat.   \ud83d\udc49 Et chez vous, quelle temp\u00e9rature avez-vous relev\u00e9e ce matin ? Dites-nous votre d\u00e9partement en commentaire ! \ud83d\udc47   #Infoclimat #M\u00e9t\u00e9o #france #Pr\u00e9visions #observation #temp\u00e9ratures #automne #\u00e9t\u00e9m\u00e9t\u00e9orologique #brouillard #brumePhotos de la publication de Infoclimat - Meteo Sain-Bel\" \/>\n<meta property=\"og:description\" content=\"M\u00e9t\u00e9o\u00a0 Republi\u00e9 via Innoreader Lire la Suite \ud83c\udf24\ufe0f Dernier jour de l\u2019\u00e9t\u00e9 m\u00e9t\u00e9orologique ! Ce 31 ao\u00fbt, l\u2019\u00e9t\u00e9 m\u00e9t\u00e9orologique touche d\u00e9j\u00e0 \u00e0 sa fin\u2026 \u2600\ufe0f\ud83c\udf42 [&hellip;]\" \/>\n<meta property=\"og:url\" content=\"https:\/\/meteo-sain-bel.fr\/wp\/blog\/le-31-aout-2026-a-8h20-\ud83c\udf24\ufe0f-dernier-jour-de-lete-meteorologique-ce-31-aout-lete-meteorologique-touche-deja-a-sa-fin-\u2600\ufe0f\ud83c\udf42\/\" \/>\n<meta property=\"og:site_name\" content=\"Meteo Sain-Bel\" \/>\n<meta property=\"article:publisher\" content=\"https:\/\/www.facebook.com\/meteosainbel\" \/>\n<meta property=\"article:published_time\" content=\"2026-08-31T08:20:29+00:00\" \/>\n<meta property=\"og:image\" content=\"https:\/\/scontent.fsof8-1.fna.fbcdn.net\/v\/t39.30808-6\/788816594_1488374806653468_1781680750149957218_n.jpg?stp=dst-jpg_s720x720_tt6&amp;_nc_cat=111&amp;ccb=1-7&amp;_nc_sid=127cfc&amp;_nc_ohc=-HhUNZ-y5mYQ7kNvwFdAI9r&amp;_nc_oc=AdrK71HxcNKmQKWRRZZKGS3g0q41Ql01JfoGRu15ePwJci3EWdNB-IylIoSWxwoyzXM&amp;_nc_zt=23&amp;_nc_ht=scontent.fsof8-1.fna&amp;edm=AKIiGfEEAAAA&amp;_nc_gid=I-JucNQDfcgQ2sRmJP6WIA&amp;_nc_tpa=Q5bMBQJRyalnvzovnSoRJxfMZ6Q0Vb009ZOUq-TLBiw2vOiBPrX73Ao1EYAEuJcHIA7OI33B1FPg6zm7&amp;oh=00_AQKnqHG4zXl5-ks7rwzwVFb4GxWulOyoBPUvB2dG_BHvew&amp;oe=6A9B1CC6\" \/>\n<meta name=\"author\" content=\"Webmaster Meteo Sain-Bel\" \/>\n<meta name=\"twitter:card\" content=\"summary_large_image\" \/>\n<meta name=\"twitter:creator\" content=\"@pichej\" \/>\n<meta name=\"twitter:site\" content=\"@pichej\" \/>\n<script type=\"application\/ld+json\" class=\"yoast-schema-graph\">{\"@context\":\"https:\\\/\\\/schema.org\",\"@graph\":[{\"@type\":\"Article\",\"@id\":\"https:\\\/\\\/meteo-sain-bel.fr\\\/wp\\\/blog\\\/le-31-aout-2026-a-8h20-%f0%9f%8c%a4%ef%b8%8f-dernier-jour-de-lete-meteorologique-ce-31-aout-lete-meteorologique-touche-deja-a-sa-fin-%e2%98%80%ef%b8%8f%f0%9f%8d%82\\\/#article\",\"isPartOf\":{\"@id\":\"https:\\\/\\\/meteo-sain-bel.fr\\\/wp\\\/blog\\\/le-31-aout-2026-a-8h20-%f0%9f%8c%a4%ef%b8%8f-dernier-jour-de-lete-meteorologique-ce-31-aout-lete-meteorologique-touche-deja-a-sa-fin-%e2%98%80%ef%b8%8f%f0%9f%8d%82\\\/\"},\"author\":{\"name\":\"Webmaster Meteo Sain-Bel\",\"@id\":\"https:\\\/\\\/meteo-sain-bel.fr\\\/wp\\\/#\\\/schema\\\/person\\\/01aaa16bd38fc34093b74f9fe631ce9f\"},\"headline\":\"le 31 ao\u00fbt 2026 \u00e0 8h20 \ud83c\udf24\ufe0f Dernier jour de l\u2019\u00e9t\u00e9 m\u00e9t\u00e9orologique ! Ce 31 ao\u00fbt, l\u2019\u00e9t\u00e9 m\u00e9t\u00e9orologique touche d\u00e9j\u00e0 \u00e0 sa fin\u2026 \u2600\ufe0f\ud83c\udf42 Demain, place \u00e0 l\u2019automne m\u00e9t\u00e9orologique ! Et ce matin, la France nous offre un joli contraste de temp\u00e9ratures et d\u2019ambiances \ud83d\udc47 \ud83c\udf2b\ufe0f Merci Louis pour ce beau partage ! Une l\u00e9g\u00e8re brume s\u2019est install\u00e9e dans le Sud-Ouest, du c\u00f4t\u00e9 de Bagnac-sur-C\u00e9l\u00e9 (46). Une belle ambiance matinale \ud83d\udcf8 \ud83c\udf21\ufe0f C\u00f4t\u00e9 temp\u00e9ratures minimales, des \u00e9carts importants relev\u00e9s ! &#8211; BASTIA_SAPC (20) : 24,8 \u00b0C &#8211; LA BASTIDE (83) : 7,3 \u00b0C \u27a1\ufe0f17,5 \u00b0C d\u2019\u00e9cart entre ces deux stations pour moins de 300 km! Retrouvez nos cartes m\u00e9t\u00e9o en temps r\u00e9el, les observations et les pr\u00e9visions sur Infoclimat. \ud83d\udc49 Et chez vous, quelle temp\u00e9rature avez-vous relev\u00e9e ce matin ? Dites-nous votre d\u00e9partement en commentaire ! \ud83d\udc47 #Infoclimat #M\u00e9t\u00e9o #france #Pr\u00e9visions #observation #temp\u00e9ratures #automne #\u00e9t\u00e9m\u00e9t\u00e9orologique #brouillard #brumePhotos de la publication de Infoclimat\",\"datePublished\":\"2026-08-31T08:20:29+00:00\",\"mainEntityOfPage\":{\"@id\":\"https:\\\/\\\/meteo-sain-bel.fr\\\/wp\\\/blog\\\/le-31-aout-2026-a-8h20-%f0%9f%8c%a4%ef%b8%8f-dernier-jour-de-lete-meteorologique-ce-31-aout-lete-meteorologique-touche-deja-a-sa-fin-%e2%98%80%ef%b8%8f%f0%9f%8d%82\\\/\"},\"wordCount\":330,\"commentCount\":0,\"publisher\":{\"@id\":\"https:\\\/\\\/meteo-sain-bel.fr\\\/wp\\\/#organization\"},\"image\":{\"@id\":\"https:\\\/\\\/meteo-sain-bel.fr\\\/wp\\\/blog\\\/le-31-aout-2026-a-8h20-%f0%9f%8c%a4%ef%b8%8f-dernier-jour-de-lete-meteorologique-ce-31-aout-lete-meteorologique-touche-deja-a-sa-fin-%e2%98%80%ef%b8%8f%f0%9f%8d%82\\\/#primaryimage\"},\"thumbnailUrl\":\"https:\\\/\\\/meteo-sain-bel.fr\\\/wp\\\/wp-content\\\/uploads\\\/2026\\\/08\\\/788816594_1488374806653468_1781680750149957218_n-yFd0OW.jpg\",\"articleSection\":[\"Sources Externes\"],\"inLanguage\":\"fr-FR\",\"potentialAction\":[{\"@type\":\"CommentAction\",\"name\":\"Comment\",\"target\":[\"https:\\\/\\\/meteo-sain-bel.fr\\\/wp\\\/blog\\\/le-31-aout-2026-a-8h20-%f0%9f%8c%a4%ef%b8%8f-dernier-jour-de-lete-meteorologique-ce-31-aout-lete-meteorologique-touche-deja-a-sa-fin-%e2%98%80%ef%b8%8f%f0%9f%8d%82\\\/#respond\"]}]},{\"@type\":\"WebPage\",\"@id\":\"https:\\\/\\\/meteo-sain-bel.fr\\\/wp\\\/blog\\\/le-31-aout-2026-a-8h20-%f0%9f%8c%a4%ef%b8%8f-dernier-jour-de-lete-meteorologique-ce-31-aout-lete-meteorologique-touche-deja-a-sa-fin-%e2%98%80%ef%b8%8f%f0%9f%8d%82\\\/\",\"url\":\"https:\\\/\\\/meteo-sain-bel.fr\\\/wp\\\/blog\\\/le-31-aout-2026-a-8h20-%f0%9f%8c%a4%ef%b8%8f-dernier-jour-de-lete-meteorologique-ce-31-aout-lete-meteorologique-touche-deja-a-sa-fin-%e2%98%80%ef%b8%8f%f0%9f%8d%82\\\/\",\"name\":\"le 31 ao\u00fbt 2026 \u00e0 8h20 \ud83c\udf24\ufe0f Dernier jour de l\u2019\u00e9t\u00e9 m\u00e9t\u00e9orologique ! Ce 31 ao\u00fbt, l\u2019\u00e9t\u00e9 m\u00e9t\u00e9orologique touche d\u00e9j\u00e0 \u00e0 sa fin\u2026 \u2600\ufe0f\ud83c\udf42 Demain, place \u00e0 l\u2019automne m\u00e9t\u00e9orologique ! Et ce matin, la France nous offre un joli contraste de temp\u00e9ratures et d\u2019ambiances \ud83d\udc47 \ud83c\udf2b\ufe0f Merci Louis pour ce beau partage ! Une l\u00e9g\u00e8re brume s\u2019est install\u00e9e dans le Sud-Ouest, du c\u00f4t\u00e9 de Bagnac-sur-C\u00e9l\u00e9 (46). Une belle ambiance matinale \ud83d\udcf8 \ud83c\udf21\ufe0f C\u00f4t\u00e9 temp\u00e9ratures minimales, des \u00e9carts importants relev\u00e9s ! - BASTIA_SAPC (20) : 24,8 \u00b0C - LA BASTIDE (83) : 7,3 \u00b0C \u27a1\ufe0f17,5 \u00b0C d\u2019\u00e9cart entre ces deux stations pour moins de 300 km! Retrouvez nos cartes m\u00e9t\u00e9o en temps r\u00e9el, les observations et les pr\u00e9visions sur Infoclimat. \ud83d\udc49 Et chez vous, quelle temp\u00e9rature avez-vous relev\u00e9e ce matin ? Dites-nous votre d\u00e9partement en commentaire ! \ud83d\udc47 #Infoclimat #M\u00e9t\u00e9o #france #Pr\u00e9visions #observation #temp\u00e9ratures #automne #\u00e9t\u00e9m\u00e9t\u00e9orologique #brouillard #brumePhotos de la publication de Infoclimat - Meteo Sain-Bel\",\"isPartOf\":{\"@id\":\"https:\\\/\\\/meteo-sain-bel.fr\\\/wp\\\/#website\"},\"primaryImageOfPage\":{\"@id\":\"https:\\\/\\\/meteo-sain-bel.fr\\\/wp\\\/blog\\\/le-31-aout-2026-a-8h20-%f0%9f%8c%a4%ef%b8%8f-dernier-jour-de-lete-meteorologique-ce-31-aout-lete-meteorologique-touche-deja-a-sa-fin-%e2%98%80%ef%b8%8f%f0%9f%8d%82\\\/#primaryimage\"},\"image\":{\"@id\":\"https:\\\/\\\/meteo-sain-bel.fr\\\/wp\\\/blog\\\/le-31-aout-2026-a-8h20-%f0%9f%8c%a4%ef%b8%8f-dernier-jour-de-lete-meteorologique-ce-31-aout-lete-meteorologique-touche-deja-a-sa-fin-%e2%98%80%ef%b8%8f%f0%9f%8d%82\\\/#primaryimage\"},\"thumbnailUrl\":\"https:\\\/\\\/meteo-sain-bel.fr\\\/wp\\\/wp-content\\\/uploads\\\/2026\\\/08\\\/788816594_1488374806653468_1781680750149957218_n-yFd0OW.jpg\",\"datePublished\":\"2026-08-31T08:20:29+00:00\",\"breadcrumb\":{\"@id\":\"https:\\\/\\\/meteo-sain-bel.fr\\\/wp\\\/blog\\\/le-31-aout-2026-a-8h20-%f0%9f%8c%a4%ef%b8%8f-dernier-jour-de-lete-meteorologique-ce-31-aout-lete-meteorologique-touche-deja-a-sa-fin-%e2%98%80%ef%b8%8f%f0%9f%8d%82\\\/#breadcrumb\"},\"inLanguage\":\"fr-FR\",\"potentialAction\":[{\"@type\":\"ReadAction\",\"target\":[\"https:\\\/\\\/meteo-sain-bel.fr\\\/wp\\\/blog\\\/le-31-aout-2026-a-8h20-%f0%9f%8c%a4%ef%b8%8f-dernier-jour-de-lete-meteorologique-ce-31-aout-lete-meteorologique-touche-deja-a-sa-fin-%e2%98%80%ef%b8%8f%f0%9f%8d%82\\\/\"]}]},{\"@type\":\"ImageObject\",\"inLanguage\":\"fr-FR\",\"@id\":\"https:\\\/\\\/meteo-sain-bel.fr\\\/wp\\\/blog\\\/le-31-aout-2026-a-8h20-%f0%9f%8c%a4%ef%b8%8f-dernier-jour-de-lete-meteorologique-ce-31-aout-lete-meteorologique-touche-deja-a-sa-fin-%e2%98%80%ef%b8%8f%f0%9f%8d%82\\\/#primaryimage\",\"url\":\"https:\\\/\\\/meteo-sain-bel.fr\\\/wp\\\/wp-content\\\/uploads\\\/2026\\\/08\\\/788816594_1488374806653468_1781680750149957218_n-yFd0OW.jpg\",\"contentUrl\":\"https:\\\/\\\/meteo-sain-bel.fr\\\/wp\\\/wp-content\\\/uploads\\\/2026\\\/08\\\/788816594_1488374806653468_1781680750149957218_n-yFd0OW.jpg\",\"width\":720,\"height\":720},{\"@type\":\"BreadcrumbList\",\"@id\":\"https:\\\/\\\/meteo-sain-bel.fr\\\/wp\\\/blog\\\/le-31-aout-2026-a-8h20-%f0%9f%8c%a4%ef%b8%8f-dernier-jour-de-lete-meteorologique-ce-31-aout-lete-meteorologique-touche-deja-a-sa-fin-%e2%98%80%ef%b8%8f%f0%9f%8d%82\\\/#breadcrumb\",\"itemListElement\":[{\"@type\":\"ListItem\",\"position\":1,\"name\":\"Accueil\",\"item\":\"https:\\\/\\\/meteo-sain-bel.fr\\\/wp\\\/\"},{\"@type\":\"ListItem\",\"position\":2,\"name\":\"le 31 ao\u00fbt 2026 \u00e0 8h20 \ud83c\udf24\ufe0f Dernier jour de l\u2019\u00e9t\u00e9 m\u00e9t\u00e9orologique ! Ce 31 ao\u00fbt, l\u2019\u00e9t\u00e9 m\u00e9t\u00e9orologique touche d\u00e9j\u00e0 \u00e0 sa fin\u2026 \u2600\ufe0f\ud83c\udf42 Demain, place \u00e0 l\u2019automne m\u00e9t\u00e9orologique ! Et ce matin, la France nous offre un joli contraste de temp\u00e9ratures et d\u2019ambiances \ud83d\udc47 \ud83c\udf2b\ufe0f Merci Louis pour ce beau partage ! Une l\u00e9g\u00e8re brume s\u2019est install\u00e9e dans le Sud-Ouest, du c\u00f4t\u00e9 de Bagnac-sur-C\u00e9l\u00e9 (46). Une belle ambiance matinale \ud83d\udcf8 \ud83c\udf21\ufe0f C\u00f4t\u00e9 temp\u00e9ratures minimales, des \u00e9carts importants relev\u00e9s ! &#8211; BASTIA_SAPC (20) : 24,8 \u00b0C &#8211; LA BASTIDE (83) : 7,3 \u00b0C \u27a1\ufe0f17,5 \u00b0C d\u2019\u00e9cart entre ces deux stations pour moins de 300 km! Retrouvez nos cartes m\u00e9t\u00e9o en temps r\u00e9el, les observations et les pr\u00e9visions sur Infoclimat. \ud83d\udc49 Et chez vous, quelle temp\u00e9rature avez-vous relev\u00e9e ce matin ? Dites-nous votre d\u00e9partement en commentaire ! \ud83d\udc47 #Infoclimat #M\u00e9t\u00e9o #france #Pr\u00e9visions #observation #temp\u00e9ratures #automne #\u00e9t\u00e9m\u00e9t\u00e9orologique #brouillard #brumePhotos de la publication de Infoclimat\"}]},{\"@type\":\"WebSite\",\"@id\":\"https:\\\/\\\/meteo-sain-bel.fr\\\/wp\\\/#website\",\"url\":\"https:\\\/\\\/meteo-sain-bel.fr\\\/wp\\\/\",\"name\":\"Meteo Sain-Bel\",\"description\":\"Station m\u00e9t\u00e9orologique, donn\u00e9es en temps r\u00e9el 24h\\\/24 et Webcam \u00e0 Sain-Bel (69210) Pays de l\u2019Arbresle, 69 Rh\u00f4ne, France\",\"publisher\":{\"@id\":\"https:\\\/\\\/meteo-sain-bel.fr\\\/wp\\\/#organization\"},\"alternateName\":\"Site m\u00e9t\u00e9o de Sain-Bel, Rh\u00f4ne\",\"potentialAction\":[{\"@type\":\"SearchAction\",\"target\":{\"@type\":\"EntryPoint\",\"urlTemplate\":\"https:\\\/\\\/meteo-sain-bel.fr\\\/wp\\\/?s={search_term_string}\"},\"query-input\":{\"@type\":\"PropertyValueSpecification\",\"valueRequired\":true,\"valueName\":\"search_term_string\"}}],\"inLanguage\":\"fr-FR\"},{\"@type\":\"Organization\",\"@id\":\"https:\\\/\\\/meteo-sain-bel.fr\\\/wp\\\/#organization\",\"name\":\"Meteo Sain-Bel\",\"url\":\"https:\\\/\\\/meteo-sain-bel.fr\\\/wp\\\/\",\"logo\":{\"@type\":\"ImageObject\",\"inLanguage\":\"fr-FR\",\"@id\":\"https:\\\/\\\/meteo-sain-bel.fr\\\/wp\\\/#\\\/schema\\\/logo\\\/image\\\/\",\"url\":\"https:\\\/\\\/meteo-sain-bel.fr\\\/wp\\\/wp-content\\\/uploads\\\/2026\\\/08\\\/cropped-logoMeteo2026sansfond-1.png\",\"contentUrl\":\"https:\\\/\\\/meteo-sain-bel.fr\\\/wp\\\/wp-content\\\/uploads\\\/2026\\\/08\\\/cropped-logoMeteo2026sansfond-1.png\",\"width\":397,\"height\":396,\"caption\":\"Meteo Sain-Bel\"},\"image\":{\"@id\":\"https:\\\/\\\/meteo-sain-bel.fr\\\/wp\\\/#\\\/schema\\\/logo\\\/image\\\/\"},\"sameAs\":[\"https:\\\/\\\/www.facebook.com\\\/meteosainbel\",\"https:\\\/\\\/x.com\\\/pichej\",\"https:\\\/\\\/www.instagram.com\\\/pichej\"]},{\"@type\":\"Person\",\"@id\":\"https:\\\/\\\/meteo-sain-bel.fr\\\/wp\\\/#\\\/schema\\\/person\\\/01aaa16bd38fc34093b74f9fe631ce9f\",\"name\":\"Webmaster Meteo Sain-Bel\",\"image\":{\"@type\":\"ImageObject\",\"inLanguage\":\"fr-FR\",\"@id\":\"https:\\\/\\\/secure.gravatar.com\\\/avatar\\\/fbbe8b1b88f3bedc77cf954f56a4f23bb0cac63f504868560f513f1ccb1405ee?s=96&r=g\",\"url\":\"https:\\\/\\\/secure.gravatar.com\\\/avatar\\\/fbbe8b1b88f3bedc77cf954f56a4f23bb0cac63f504868560f513f1ccb1405ee?s=96&r=g\",\"contentUrl\":\"https:\\\/\\\/secure.gravatar.com\\\/avatar\\\/fbbe8b1b88f3bedc77cf954f56a4f23bb0cac63f504868560f513f1ccb1405ee?s=96&r=g\",\"caption\":\"Webmaster Meteo Sain-Bel\"},\"sameAs\":[\"http:\\\/\\\/meteo-sain-bel.fr\\\/wp\"],\"url\":\"https:\\\/\\\/meteo-sain-bel.fr\\\/wp\\\/blog\\\/author\\\/admin\\\/\"}]}<\/script>\n<!-- \/ Yoast SEO plugin. -->","yoast_head_json":{"title":"le 31 ao\u00fbt 2026 \u00e0 8h20 \ud83c\udf24\ufe0f Dernier jour de l\u2019\u00e9t\u00e9 m\u00e9t\u00e9orologique !   Ce 31 ao\u00fbt, l\u2019\u00e9t\u00e9 m\u00e9t\u00e9orologique touche d\u00e9j\u00e0 \u00e0 sa fin\u2026 \u2600\ufe0f\ud83c\udf42  Demain, place \u00e0 l\u2019automne m\u00e9t\u00e9orologique !   Et ce matin, la France nous offre un joli contraste de temp\u00e9ratures et d\u2019ambiances \ud83d\udc47   \ud83c\udf2b\ufe0f Merci Louis pour ce beau partage !  Une l\u00e9g\u00e8re brume s\u2019est install\u00e9e dans le Sud-Ouest, du c\u00f4t\u00e9 de Bagnac-sur-C\u00e9l\u00e9 (46). Une belle ambiance matinale \ud83d\udcf8   \ud83c\udf21\ufe0f C\u00f4t\u00e9 temp\u00e9ratures minimales, des \u00e9carts importants relev\u00e9s !   - BASTIA_SAPC (20) : 24,8 \u00b0C  - LA BASTIDE (83) : 7,3 \u00b0C   \u27a1\ufe0f17,5 \u00b0C d\u2019\u00e9cart entre ces deux stations pour moins de 300 km!   Retrouvez nos cartes m\u00e9t\u00e9o en temps r\u00e9el, les observations et les pr\u00e9visions sur Infoclimat.   \ud83d\udc49 Et chez vous, quelle temp\u00e9rature avez-vous relev\u00e9e ce matin ? Dites-nous votre d\u00e9partement en commentaire ! \ud83d\udc47   #Infoclimat #M\u00e9t\u00e9o #france #Pr\u00e9visions #observation #temp\u00e9ratures #automne #\u00e9t\u00e9m\u00e9t\u00e9orologique #brouillard #brumePhotos de la publication de Infoclimat - Meteo Sain-Bel","robots":{"index":"index","follow":"follow","max-snippet":"max-snippet:-1","max-image-preview":"max-image-preview:large","max-video-preview":"max-video-preview:-1"},"canonical":"https:\/\/meteo-sain-bel.fr\/wp\/blog\/le-31-aout-2026-a-8h20-\ud83c\udf24\ufe0f-dernier-jour-de-lete-meteorologique-ce-31-aout-lete-meteorologique-touche-deja-a-sa-fin-\u2600\ufe0f\ud83c\udf42\/","og_locale":"fr_FR","og_type":"article","og_title":"le 31 ao\u00fbt 2026 \u00e0 8h20 \ud83c\udf24\ufe0f Dernier jour de l\u2019\u00e9t\u00e9 m\u00e9t\u00e9orologique !   Ce 31 ao\u00fbt, l\u2019\u00e9t\u00e9 m\u00e9t\u00e9orologique touche d\u00e9j\u00e0 \u00e0 sa fin\u2026 \u2600\ufe0f\ud83c\udf42  Demain, place \u00e0 l\u2019automne m\u00e9t\u00e9orologique !   Et ce matin, la France nous offre un joli contraste de temp\u00e9ratures et d\u2019ambiances \ud83d\udc47   \ud83c\udf2b\ufe0f Merci Louis pour ce beau partage !  Une l\u00e9g\u00e8re brume s\u2019est install\u00e9e dans le Sud-Ouest, du c\u00f4t\u00e9 de Bagnac-sur-C\u00e9l\u00e9 (46). Une belle ambiance matinale \ud83d\udcf8   \ud83c\udf21\ufe0f C\u00f4t\u00e9 temp\u00e9ratures minimales, des \u00e9carts importants relev\u00e9s !   - BASTIA_SAPC (20) : 24,8 \u00b0C  - LA BASTIDE (83) : 7,3 \u00b0C   \u27a1\ufe0f17,5 \u00b0C d\u2019\u00e9cart entre ces deux stations pour moins de 300 km!   Retrouvez nos cartes m\u00e9t\u00e9o en temps r\u00e9el, les observations et les pr\u00e9visions sur Infoclimat.   \ud83d\udc49 Et chez vous, quelle temp\u00e9rature avez-vous relev\u00e9e ce matin ? Dites-nous votre d\u00e9partement en commentaire ! \ud83d\udc47   #Infoclimat #M\u00e9t\u00e9o #france #Pr\u00e9visions #observation #temp\u00e9ratures #automne #\u00e9t\u00e9m\u00e9t\u00e9orologique #brouillard #brumePhotos de la publication de Infoclimat - Meteo Sain-Bel","og_description":"M\u00e9t\u00e9o\u00a0 Republi\u00e9 via Innoreader Lire la Suite \ud83c\udf24\ufe0f Dernier jour de l\u2019\u00e9t\u00e9 m\u00e9t\u00e9orologique ! Ce 31 ao\u00fbt, l\u2019\u00e9t\u00e9 m\u00e9t\u00e9orologique touche d\u00e9j\u00e0 \u00e0 sa fin\u2026 \u2600\ufe0f\ud83c\udf42 [&hellip;]","og_url":"https:\/\/meteo-sain-bel.fr\/wp\/blog\/le-31-aout-2026-a-8h20-\ud83c\udf24\ufe0f-dernier-jour-de-lete-meteorologique-ce-31-aout-lete-meteorologique-touche-deja-a-sa-fin-\u2600\ufe0f\ud83c\udf42\/","og_site_name":"Meteo Sain-Bel","article_publisher":"https:\/\/www.facebook.com\/meteosainbel","article_published_time":"2026-08-31T08:20:29+00:00","og_image":[{"url":"https:\/\/scontent.fsof8-1.fna.fbcdn.net\/v\/t39.30808-6\/788816594_1488374806653468_1781680750149957218_n.jpg?stp=dst-jpg_s720x720_tt6&amp;_nc_cat=111&amp;ccb=1-7&amp;_nc_sid=127cfc&amp;_nc_ohc=-HhUNZ-y5mYQ7kNvwFdAI9r&amp;_nc_oc=AdrK71HxcNKmQKWRRZZKGS3g0q41Ql01JfoGRu15ePwJci3EWdNB-IylIoSWxwoyzXM&amp;_nc_zt=23&amp;_nc_ht=scontent.fsof8-1.fna&amp;edm=AKIiGfEEAAAA&amp;_nc_gid=I-JucNQDfcgQ2sRmJP6WIA&amp;_nc_tpa=Q5bMBQJRyalnvzovnSoRJxfMZ6Q0Vb009ZOUq-TLBiw2vOiBPrX73Ao1EYAEuJcHIA7OI33B1FPg6zm7&amp;oh=00_AQKnqHG4zXl5-ks7rwzwVFb4GxWulOyoBPUvB2dG_BHvew&amp;oe=6A9B1CC6","type":"","width":"","height":""}],"author":"Webmaster Meteo Sain-Bel","twitter_card":"summary_large_image","twitter_creator":"@pichej","twitter_site":"@pichej","schema":{"@context":"https:\/\/schema.org","@graph":[{"@type":"Article","@id":"https:\/\/meteo-sain-bel.fr\/wp\/blog\/le-31-aout-2026-a-8h20-%f0%9f%8c%a4%ef%b8%8f-dernier-jour-de-lete-meteorologique-ce-31-aout-lete-meteorologique-touche-deja-a-sa-fin-%e2%98%80%ef%b8%8f%f0%9f%8d%82\/#article","isPartOf":{"@id":"https:\/\/meteo-sain-bel.fr\/wp\/blog\/le-31-aout-2026-a-8h20-%f0%9f%8c%a4%ef%b8%8f-dernier-jour-de-lete-meteorologique-ce-31-aout-lete-meteorologique-touche-deja-a-sa-fin-%e2%98%80%ef%b8%8f%f0%9f%8d%82\/"},"author":{"name":"Webmaster Meteo Sain-Bel","@id":"https:\/\/meteo-sain-bel.fr\/wp\/#\/schema\/person\/01aaa16bd38fc34093b74f9fe631ce9f"},"headline":"le 31 ao\u00fbt 2026 \u00e0 8h20 \ud83c\udf24\ufe0f Dernier jour de l\u2019\u00e9t\u00e9 m\u00e9t\u00e9orologique ! Ce 31 ao\u00fbt, l\u2019\u00e9t\u00e9 m\u00e9t\u00e9orologique touche d\u00e9j\u00e0 \u00e0 sa fin\u2026 \u2600\ufe0f\ud83c\udf42 Demain, place \u00e0 l\u2019automne m\u00e9t\u00e9orologique ! Et ce matin, la France nous offre un joli contraste de temp\u00e9ratures et d\u2019ambiances \ud83d\udc47 \ud83c\udf2b\ufe0f Merci Louis pour ce beau partage ! Une l\u00e9g\u00e8re brume s\u2019est install\u00e9e dans le Sud-Ouest, du c\u00f4t\u00e9 de Bagnac-sur-C\u00e9l\u00e9 (46). Une belle ambiance matinale \ud83d\udcf8 \ud83c\udf21\ufe0f C\u00f4t\u00e9 temp\u00e9ratures minimales, des \u00e9carts importants relev\u00e9s ! &#8211; BASTIA_SAPC (20) : 24,8 \u00b0C &#8211; LA BASTIDE (83) : 7,3 \u00b0C \u27a1\ufe0f17,5 \u00b0C d\u2019\u00e9cart entre ces deux stations pour moins de 300 km! Retrouvez nos cartes m\u00e9t\u00e9o en temps r\u00e9el, les observations et les pr\u00e9visions sur Infoclimat. \ud83d\udc49 Et chez vous, quelle temp\u00e9rature avez-vous relev\u00e9e ce matin ? Dites-nous votre d\u00e9partement en commentaire ! \ud83d\udc47 #Infoclimat #M\u00e9t\u00e9o #france #Pr\u00e9visions #observation #temp\u00e9ratures #automne #\u00e9t\u00e9m\u00e9t\u00e9orologique #brouillard #brumePhotos de la publication de Infoclimat","datePublished":"2026-08-31T08:20:29+00:00","mainEntityOfPage":{"@id":"https:\/\/meteo-sain-bel.fr\/wp\/blog\/le-31-aout-2026-a-8h20-%f0%9f%8c%a4%ef%b8%8f-dernier-jour-de-lete-meteorologique-ce-31-aout-lete-meteorologique-touche-deja-a-sa-fin-%e2%98%80%ef%b8%8f%f0%9f%8d%82\/"},"wordCount":330,"commentCount":0,"publisher":{"@id":"https:\/\/meteo-sain-bel.fr\/wp\/#organization"},"image":{"@id":"https:\/\/meteo-sain-bel.fr\/wp\/blog\/le-31-aout-2026-a-8h20-%f0%9f%8c%a4%ef%b8%8f-dernier-jour-de-lete-meteorologique-ce-31-aout-lete-meteorologique-touche-deja-a-sa-fin-%e2%98%80%ef%b8%8f%f0%9f%8d%82\/#primaryimage"},"thumbnailUrl":"https:\/\/meteo-sain-bel.fr\/wp\/wp-content\/uploads\/2026\/08\/788816594_1488374806653468_1781680750149957218_n-yFd0OW.jpg","articleSection":["Sources Externes"],"inLanguage":"fr-FR","potentialAction":[{"@type":"CommentAction","name":"Comment","target":["https:\/\/meteo-sain-bel.fr\/wp\/blog\/le-31-aout-2026-a-8h20-%f0%9f%8c%a4%ef%b8%8f-dernier-jour-de-lete-meteorologique-ce-31-aout-lete-meteorologique-touche-deja-a-sa-fin-%e2%98%80%ef%b8%8f%f0%9f%8d%82\/#respond"]}]},{"@type":"WebPage","@id":"https:\/\/meteo-sain-bel.fr\/wp\/blog\/le-31-aout-2026-a-8h20-%f0%9f%8c%a4%ef%b8%8f-dernier-jour-de-lete-meteorologique-ce-31-aout-lete-meteorologique-touche-deja-a-sa-fin-%e2%98%80%ef%b8%8f%f0%9f%8d%82\/","url":"https:\/\/meteo-sain-bel.fr\/wp\/blog\/le-31-aout-2026-a-8h20-%f0%9f%8c%a4%ef%b8%8f-dernier-jour-de-lete-meteorologique-ce-31-aout-lete-meteorologique-touche-deja-a-sa-fin-%e2%98%80%ef%b8%8f%f0%9f%8d%82\/","name":"le 31 ao\u00fbt 2026 \u00e0 8h20 \ud83c\udf24\ufe0f Dernier jour de l\u2019\u00e9t\u00e9 m\u00e9t\u00e9orologique ! Ce 31 ao\u00fbt, l\u2019\u00e9t\u00e9 m\u00e9t\u00e9orologique touche d\u00e9j\u00e0 \u00e0 sa fin\u2026 \u2600\ufe0f\ud83c\udf42 Demain, place \u00e0 l\u2019automne m\u00e9t\u00e9orologique ! Et ce matin, la France nous offre un joli contraste de temp\u00e9ratures et d\u2019ambiances \ud83d\udc47 \ud83c\udf2b\ufe0f Merci Louis pour ce beau partage ! Une l\u00e9g\u00e8re brume s\u2019est install\u00e9e dans le Sud-Ouest, du c\u00f4t\u00e9 de Bagnac-sur-C\u00e9l\u00e9 (46). Une belle ambiance matinale \ud83d\udcf8 \ud83c\udf21\ufe0f C\u00f4t\u00e9 temp\u00e9ratures minimales, des \u00e9carts importants relev\u00e9s ! - BASTIA_SAPC (20) : 24,8 \u00b0C - LA BASTIDE (83) : 7,3 \u00b0C \u27a1\ufe0f17,5 \u00b0C d\u2019\u00e9cart entre ces deux stations pour moins de 300 km! Retrouvez nos cartes m\u00e9t\u00e9o en temps r\u00e9el, les observations et les pr\u00e9visions sur Infoclimat. \ud83d\udc49 Et chez vous, quelle temp\u00e9rature avez-vous relev\u00e9e ce matin ? Dites-nous votre d\u00e9partement en commentaire ! \ud83d\udc47 #Infoclimat #M\u00e9t\u00e9o #france #Pr\u00e9visions #observation #temp\u00e9ratures #automne #\u00e9t\u00e9m\u00e9t\u00e9orologique #brouillard #brumePhotos de la publication de Infoclimat - Meteo Sain-Bel","isPartOf":{"@id":"https:\/\/meteo-sain-bel.fr\/wp\/#website"},"primaryImageOfPage":{"@id":"https:\/\/meteo-sain-bel.fr\/wp\/blog\/le-31-aout-2026-a-8h20-%f0%9f%8c%a4%ef%b8%8f-dernier-jour-de-lete-meteorologique-ce-31-aout-lete-meteorologique-touche-deja-a-sa-fin-%e2%98%80%ef%b8%8f%f0%9f%8d%82\/#primaryimage"},"image":{"@id":"https:\/\/meteo-sain-bel.fr\/wp\/blog\/le-31-aout-2026-a-8h20-%f0%9f%8c%a4%ef%b8%8f-dernier-jour-de-lete-meteorologique-ce-31-aout-lete-meteorologique-touche-deja-a-sa-fin-%e2%98%80%ef%b8%8f%f0%9f%8d%82\/#primaryimage"},"thumbnailUrl":"https:\/\/meteo-sain-bel.fr\/wp\/wp-content\/uploads\/2026\/08\/788816594_1488374806653468_1781680750149957218_n-yFd0OW.jpg","datePublished":"2026-08-31T08:20:29+00:00","breadcrumb":{"@id":"https:\/\/meteo-sain-bel.fr\/wp\/blog\/le-31-aout-2026-a-8h20-%f0%9f%8c%a4%ef%b8%8f-dernier-jour-de-lete-meteorologique-ce-31-aout-lete-meteorologique-touche-deja-a-sa-fin-%e2%98%80%ef%b8%8f%f0%9f%8d%82\/#breadcrumb"},"inLanguage":"fr-FR","potentialAction":[{"@type":"ReadAction","target":["https:\/\/meteo-sain-bel.fr\/wp\/blog\/le-31-aout-2026-a-8h20-%f0%9f%8c%a4%ef%b8%8f-dernier-jour-de-lete-meteorologique-ce-31-aout-lete-meteorologique-touche-deja-a-sa-fin-%e2%98%80%ef%b8%8f%f0%9f%8d%82\/"]}]},{"@type":"ImageObject","inLanguage":"fr-FR","@id":"https:\/\/meteo-sain-bel.fr\/wp\/blog\/le-31-aout-2026-a-8h20-%f0%9f%8c%a4%ef%b8%8f-dernier-jour-de-lete-meteorologique-ce-31-aout-lete-meteorologique-touche-deja-a-sa-fin-%e2%98%80%ef%b8%8f%f0%9f%8d%82\/#primaryimage","url":"https:\/\/meteo-sain-bel.fr\/wp\/wp-content\/uploads\/2026\/08\/788816594_1488374806653468_1781680750149957218_n-yFd0OW.jpg","contentUrl":"https:\/\/meteo-sain-bel.fr\/wp\/wp-content\/uploads\/2026\/08\/788816594_1488374806653468_1781680750149957218_n-yFd0OW.jpg","width":720,"height":720},{"@type":"BreadcrumbList","@id":"https:\/\/meteo-sain-bel.fr\/wp\/blog\/le-31-aout-2026-a-8h20-%f0%9f%8c%a4%ef%b8%8f-dernier-jour-de-lete-meteorologique-ce-31-aout-lete-meteorologique-touche-deja-a-sa-fin-%e2%98%80%ef%b8%8f%f0%9f%8d%82\/#breadcrumb","itemListElement":[{"@type":"ListItem","position":1,"name":"Accueil","item":"https:\/\/meteo-sain-bel.fr\/wp\/"},{"@type":"ListItem","position":2,"name":"le 31 ao\u00fbt 2026 \u00e0 8h20 \ud83c\udf24\ufe0f Dernier jour de l\u2019\u00e9t\u00e9 m\u00e9t\u00e9orologique ! Ce 31 ao\u00fbt, l\u2019\u00e9t\u00e9 m\u00e9t\u00e9orologique touche d\u00e9j\u00e0 \u00e0 sa fin\u2026 \u2600\ufe0f\ud83c\udf42 Demain, place \u00e0 l\u2019automne m\u00e9t\u00e9orologique ! Et ce matin, la France nous offre un joli contraste de temp\u00e9ratures et d\u2019ambiances \ud83d\udc47 \ud83c\udf2b\ufe0f Merci Louis pour ce beau partage ! Une l\u00e9g\u00e8re brume s\u2019est install\u00e9e dans le Sud-Ouest, du c\u00f4t\u00e9 de Bagnac-sur-C\u00e9l\u00e9 (46). Une belle ambiance matinale \ud83d\udcf8 \ud83c\udf21\ufe0f C\u00f4t\u00e9 temp\u00e9ratures minimales, des \u00e9carts importants relev\u00e9s ! &#8211; BASTIA_SAPC (20) : 24,8 \u00b0C &#8211; LA BASTIDE (83) : 7,3 \u00b0C \u27a1\ufe0f17,5 \u00b0C d\u2019\u00e9cart entre ces deux stations pour moins de 300 km! Retrouvez nos cartes m\u00e9t\u00e9o en temps r\u00e9el, les observations et les pr\u00e9visions sur Infoclimat. \ud83d\udc49 Et chez vous, quelle temp\u00e9rature avez-vous relev\u00e9e ce matin ? Dites-nous votre d\u00e9partement en commentaire ! \ud83d\udc47 #Infoclimat #M\u00e9t\u00e9o #france #Pr\u00e9visions #observation #temp\u00e9ratures #automne #\u00e9t\u00e9m\u00e9t\u00e9orologique #brouillard #brumePhotos de la publication de Infoclimat"}]},{"@type":"WebSite","@id":"https:\/\/meteo-sain-bel.fr\/wp\/#website","url":"https:\/\/meteo-sain-bel.fr\/wp\/","name":"Meteo Sain-Bel","description":"Station m\u00e9t\u00e9orologique, donn\u00e9es en temps r\u00e9el 24h\/24 et Webcam \u00e0 Sain-Bel (69210) Pays de l\u2019Arbresle, 69 Rh\u00f4ne, France","publisher":{"@id":"https:\/\/meteo-sain-bel.fr\/wp\/#organization"},"alternateName":"Site m\u00e9t\u00e9o de Sain-Bel, Rh\u00f4ne","potentialAction":[{"@type":"SearchAction","target":{"@type":"EntryPoint","urlTemplate":"https:\/\/meteo-sain-bel.fr\/wp\/?s={search_term_string}"},"query-input":{"@type":"PropertyValueSpecification","valueRequired":true,"valueName":"search_term_string"}}],"inLanguage":"fr-FR"},{"@type":"Organization","@id":"https:\/\/meteo-sain-bel.fr\/wp\/#organization","name":"Meteo Sain-Bel","url":"https:\/\/meteo-sain-bel.fr\/wp\/","logo":{"@type":"ImageObject","inLanguage":"fr-FR","@id":"https:\/\/meteo-sain-bel.fr\/wp\/#\/schema\/logo\/image\/","url":"https:\/\/meteo-sain-bel.fr\/wp\/wp-content\/uploads\/2026\/08\/cropped-logoMeteo2026sansfond-1.png","contentUrl":"https:\/\/meteo-sain-bel.fr\/wp\/wp-content\/uploads\/2026\/08\/cropped-logoMeteo2026sansfond-1.png","width":397,"height":396,"caption":"Meteo Sain-Bel"},"image":{"@id":"https:\/\/meteo-sain-bel.fr\/wp\/#\/schema\/logo\/image\/"},"sameAs":["https:\/\/www.facebook.com\/meteosainbel","https:\/\/x.com\/pichej","https:\/\/www.instagram.com\/pichej"]},{"@type":"Person","@id":"https:\/\/meteo-sain-bel.fr\/wp\/#\/schema\/person\/01aaa16bd38fc34093b74f9fe631ce9f","name":"Webmaster Meteo Sain-Bel","image":{"@type":"ImageObject","inLanguage":"fr-FR","@id":"https:\/\/secure.gravatar.com\/avatar\/fbbe8b1b88f3bedc77cf954f56a4f23bb0cac63f504868560f513f1ccb1405ee?s=96&r=g","url":"https:\/\/secure.gravatar.com\/avatar\/fbbe8b1b88f3bedc77cf954f56a4f23bb0cac63f504868560f513f1ccb1405ee?s=96&r=g","contentUrl":"https:\/\/secure.gravatar.com\/avatar\/fbbe8b1b88f3bedc77cf954f56a4f23bb0cac63f504868560f513f1ccb1405ee?s=96&r=g","caption":"Webmaster Meteo Sain-Bel"},"sameAs":["http:\/\/meteo-sain-bel.fr\/wp"],"url":"https:\/\/meteo-sain-bel.fr\/wp\/blog\/author\/admin\/"}]}},"uagb_featured_image_src":{"full":["https:\/\/meteo-sain-bel.fr\/wp\/wp-content\/uploads\/2026\/08\/788816594_1488374806653468_1781680750149957218_n-yFd0OW.jpg",720,720,false],"thumbnail":["https:\/\/meteo-sain-bel.fr\/wp\/wp-content\/uploads\/2026\/08\/788816594_1488374806653468_1781680750149957218_n-yFd0OW-150x150.jpg",150,150,true],"medium":["https:\/\/meteo-sain-bel.fr\/wp\/wp-content\/uploads\/2026\/08\/788816594_1488374806653468_1781680750149957218_n-yFd0OW-300x300.jpg",300,300,true],"medium_large":["https:\/\/meteo-sain-bel.fr\/wp\/wp-content\/uploads\/2026\/08\/788816594_1488374806653468_1781680750149957218_n-yFd0OW.jpg",720,720,false],"large":["https:\/\/meteo-sain-bel.fr\/wp\/wp-content\/uploads\/2026\/08\/788816594_1488374806653468_1781680750149957218_n-yFd0OW.jpg",720,720,false],"1536x1536":["https:\/\/meteo-sain-bel.fr\/wp\/wp-content\/uploads\/2026\/08\/788816594_1488374806653468_1781680750149957218_n-yFd0OW.jpg",720,720,false],"2048x2048":["https:\/\/meteo-sain-bel.fr\/wp\/wp-content\/uploads\/2026\/08\/788816594_1488374806653468_1781680750149957218_n-yFd0OW.jpg",720,720,false]},"uagb_author_info":{"display_name":"Webmaster Meteo Sain-Bel","author_link":"https:\/\/meteo-sain-bel.fr\/wp\/blog\/author\/admin\/"},"uagb_comment_info":0,"uagb_excerpt":"M\u00e9t\u00e9o\u00a0 Republi\u00e9 via Innoreader Lire la Suite \ud83c\udf24\ufe0f Dernier jour de l\u2019\u00e9t\u00e9 m\u00e9t\u00e9orologique ! Ce 31 ao\u00fbt, l\u2019\u00e9t\u00e9 m\u00e9t\u00e9orologique touche d\u00e9j\u00e0 \u00e0 sa fin\u2026 \u2600\ufe0f\ud83c\udf42 [&hellip;]","_links":{"self":[{"href":"https:\/\/meteo-sain-bel.fr\/wp\/wp-json\/wp\/v2\/posts\/8953","targetHints":{"allow":["GET"]}}],"collection":[{"href":"https:\/\/meteo-sain-bel.fr\/wp\/wp-json\/wp\/v2\/posts"}],"about":[{"href":"https:\/\/meteo-sain-bel.fr\/wp\/wp-json\/wp\/v2\/types\/post"}],"author":[{"embeddable":true,"href":"https:\/\/meteo-sain-bel.fr\/wp\/wp-json\/wp\/v2\/users\/1"}],"replies":[{"embeddable":true,"href":"https:\/\/meteo-sain-bel.fr\/wp\/wp-json\/wp\/v2\/comments?post=8953"}],"version-history":[{"count":0,"href":"https:\/\/meteo-sain-bel.fr\/wp\/wp-json\/wp\/v2\/posts\/8953\/revisions"}],"wp:featuredmedia":[{"embeddable":true,"href":"https:\/\/meteo-sain-bel.fr\/wp\/wp-json\/wp\/v2\/media\/8954"}],"wp:attachment":[{"href":"https:\/\/meteo-sain-bel.fr\/wp\/wp-json\/wp\/v2\/media?parent=8953"}],"wp:term":[{"taxonomy":"category","embeddable":true,"href":"https:\/\/meteo-sain-bel.fr\/wp\/wp-json\/wp\/v2\/categories?post=8953"},{"taxonomy":"post_tag","embeddable":true,"href":"https:\/\/meteo-sain-bel.fr\/wp\/wp-json\/wp\/v2\/tags?post=8953"}],"curies":[{"name":"wp","href":"https:\/\/api.w.org\/{rel}","templated":true}]}}