{"id":8947,"date":"2026-08-30T08:39:48","date_gmt":"2026-08-30T06:39:48","guid":{"rendered":"https:\/\/meteo-sain-bel.fr\/wp\/blog\/le-30-aout-2026-a-6h39-furtive-apparition-du-%e2%98%80%ef%b8%8fa-son-lever-dans-une-tres-grande-douceur-avec-une-minimale-de-18-3-vs-14-2-de-normale-decadaire-comme-hier-le-ciel-de-ce\/"},"modified":"2026-08-30T08:39:48","modified_gmt":"2026-08-30T06:39:48","slug":"le-30-aout-2026-a-6h39-furtive-apparition-du-%e2%98%80%ef%b8%8fa-son-lever-dans-une-tres-grande-douceur-avec-une-minimale-de-18-3-vs-14-2-de-normale-decadaire-comme-hier-le-ciel-de-ce","status":"publish","type":"post","link":"https:\/\/meteo-sain-bel.fr\/wp\/blog\/le-30-aout-2026-a-6h39-furtive-apparition-du-%e2%98%80%ef%b8%8fa-son-lever-dans-une-tres-grande-douceur-avec-une-minimale-de-18-3-vs-14-2-de-normale-decadaire-comme-hier-le-ciel-de-ce\/","title":{"rendered":"le 30 ao\u00fbt 2026 \u00e0 6h39  Furtive apparition du \u2600\ufe0f\u00e0 son lever dans une tr\u00e8s grande douceur avec une minimale de 18.3\u00b0 vs 14.2\u00b0 de normale d\u00e9cadaire.   \nComme hier le ciel de ce dimanche va alterner entre soleil et nuages\ud83c\udf25\ufe0f   \nSelon la place qu&#8217;ils lui accorderont cet apr\u00e8s-midi, il pourrait arriver \u00e0 pousser la temp\u00e9rature jusqu&#8217;au seuil de forte chaleur pour la 25\u00e8me fois ce mois qui par ailleurs sera le second plus chaud depuis 2002 d\u00e9but de l&#8217;historique de mesures de la station derri\u00e8re Ao\u00fbt 2003.  \nUne possibilit\u00e9 d&#8217;arrosage bruyant \u26c8\ufe0f est toujours pr\u00e9vue par certains mod\u00e8les en seconde partie de nuit prochaine avant un temps sec \ud83c\udf24\ufe0fpour plusieurs jours, \u00e0 priori jusqu&#8217;\u00e0 dimanche prochain."},"content":{"rendered":"<p>M\u00e9t\u00e9o\u00a0 Republi\u00e9 via Innoreader <a href=\"https:\/\/www.facebook.com\/518602083602218\/posts\/1725988499530231\" target=\"_blank\" class=\"feedzy-rss-link-icon\">Lire la Suite<\/a><\/p>\n<p>Furtive apparition du \u2600\ufe0f\u00e0 son lever dans une tr\u00e8s grande douceur avec une minimale de 18.3\u00b0 vs 14.2\u00b0 de normale d\u00e9cadaire. <br \/> <br \/>\nComme hier le ciel de ce dimanche va alterner entre soleil et nuages\ud83c\udf25\ufe0f <br \/> <br \/>\nSelon la place qu&#8217;ils lui accorderont cet apr\u00e8s-midi, il pourrait arriver \u00e0 pousser la temp\u00e9rature jusqu&#8217;au seuil de forte chaleur pour la 25\u00e8me fois ce mois qui par ailleurs sera le second plus chaud depuis 2002 d\u00e9but de l&#8217;historique de mesures de la station derri\u00e8re Ao\u00fbt 2003.<br \/> <br \/>\nUne possibilit\u00e9 d&#8217;arrosage bruyant \u26c8\ufe0f est toujours pr\u00e9vue par certains mod\u00e8les en seconde partie de nuit prochaine avant un temps sec \ud83c\udf24\ufe0fpour plusieurs jours, \u00e0 priori jusqu&#8217;\u00e0 dimanche prochain.<\/p>\n<p><a href=\"https:\/\/www.facebook.com\/photo.php?fbid=1725983099530771&amp;set=a.517238840405209&amp;type=3\"><img decoding=\"async\" src=\"https:\/\/scontent.fsof11-1.fna.fbcdn.net\/v\/t39.30808-6\/788091163_1725983109530770_5553236658934426743_n.jpg?stp=dst-jpg_p720x720_tt6&amp;_nc_cat=101&amp;ccb=1-7&amp;_nc_sid=127cfc&amp;_nc_ohc=Vy-_S1HDv5UQ7kNvwG3SU7r&amp;_nc_oc=AdpBlk5DMXgAY5hKWf5oiGM1JpaGwX5f3zcdzr3yBsW8mkyrFsrd9sf9FbcDTAUMo9Y&amp;_nc_zt=23&amp;_nc_ht=scontent.fsof11-1.fna&amp;edm=AKIiGfEEAAAA&amp;_nc_gid=nwOKKriRaMqnBZ8RU9M9Zw&amp;_nc_tpa=Q5bMBQLxpnHVTuBAQlzQaSkZbM3vDgPH_j7KStqkEcnb62Eu62soJ22v_QMo0cKH46IcazIoM4zJO0Hu&amp;oh=00_AQL8Lq1u2WAV782B9BVX2m8HTuyvcJjkIN5B1RzKw0n0RQ&amp;oe=6A99AD0C\" alt=\"788091163_1725983109530770_5553236658934\" \/><\/a><\/p>","protected":false},"excerpt":{"rendered":"<p>M\u00e9t\u00e9o\u00a0 Republi\u00e9 via Innoreader Lire la Suite Furtive apparition du \u2600\ufe0f\u00e0 son lever dans une tr\u00e8s grande douceur avec une minimale de 18.3\u00b0 vs 14.2\u00b0 [&hellip;]<\/p>\n","protected":false},"author":1,"featured_media":8948,"comment_status":"open","ping_status":"open","sticky":false,"template":"","format":"standard","meta":{"content-type":"","_uag_custom_page_level_css":"","site-sidebar-layout":"default","site-content-layout":"","ast-site-content-layout":"default","site-content-style":"default","site-sidebar-style":"default","ast-global-header-display":"","ast-banner-title-visibility":"","ast-main-header-display":"","ast-hfb-above-header-display":"","ast-hfb-below-header-display":"","ast-hfb-mobile-header-display":"","site-post-title":"","ast-breadcrumbs-content":"","ast-featured-img":"","footer-sml-layout":"","ast-disable-related-posts":"","theme-transparent-header-meta":"","adv-header-id-meta":"","stick-header-meta":"","header-above-stick-meta":"","header-main-stick-meta":"","header-below-stick-meta":"","astra-migrate-meta-layouts":"default","ast-page-background-enabled":"default","ast-page-background-meta":{"desktop":{"background-color":"var(--ast-global-color-4)","background-image":"","background-repeat":"repeat","background-position":"center center","background-size":"auto","background-attachment":"scroll","background-type":"","background-media":"","overlay-type":"","overlay-color":"","overlay-opacity":"","overlay-gradient":""},"tablet":{"background-color":"","background-image":"","background-repeat":"repeat","background-position":"center center","background-size":"auto","background-attachment":"scroll","background-type":"","background-media":"","overlay-type":"","overlay-color":"","overlay-opacity":"","overlay-gradient":""},"mobile":{"background-color":"","background-image":"","background-repeat":"repeat","background-position":"center center","background-size":"auto","background-attachment":"scroll","background-type":"","background-media":"","overlay-type":"","overlay-color":"","overlay-opacity":"","overlay-gradient":""}},"ast-content-background-meta":{"desktop":{"background-color":"var(--ast-global-color-5)","background-image":"","background-repeat":"repeat","background-position":"center center","background-size":"auto","background-attachment":"scroll","background-type":"","background-media":"","overlay-type":"","overlay-color":"","overlay-opacity":"","overlay-gradient":""},"tablet":{"background-color":"var(--ast-global-color-5)","background-image":"","background-repeat":"repeat","background-position":"center center","background-size":"auto","background-attachment":"scroll","background-type":"","background-media":"","overlay-type":"","overlay-color":"","overlay-opacity":"","overlay-gradient":""},"mobile":{"background-color":"var(--ast-global-color-5)","background-image":"","background-repeat":"repeat","background-position":"center center","background-size":"auto","background-attachment":"scroll","background-type":"","background-media":"","overlay-type":"","overlay-color":"","overlay-opacity":"","overlay-gradient":""}},"footnotes":""},"categories":[6],"tags":[],"class_list":["post-8947","post","type-post","status-publish","format-standard","has-post-thumbnail","hentry","category-externes"],"yoast_head":"<!-- This site is optimized with the Yoast SEO plugin v28.3 - https:\/\/yoast.com\/product\/yoast-seo-wordpress\/ -->\n<title>le 30 ao\u00fbt 2026 \u00e0 6h39 Furtive apparition du \u2600\ufe0f\u00e0 son lever dans une tr\u00e8s grande douceur avec une minimale de 18.3\u00b0 vs 14.2\u00b0 de normale d\u00e9cadaire.  Comme hier le ciel de ce dimanche va alterner entre soleil et nuages\ud83c\udf25\ufe0f  Selon la place qu&#039;ils lui accorderont cet apr\u00e8s-midi, il pourrait arriver \u00e0 pousser la temp\u00e9rature jusqu&#039;au seuil de forte chaleur pour la 25\u00e8me fois ce mois qui par ailleurs sera le second plus chaud depuis 2002 d\u00e9but de l&#039;historique de mesures de la station derri\u00e8re Ao\u00fbt 2003.  Une possibilit\u00e9 d&#039;arrosage bruyant \u26c8\ufe0f est toujours pr\u00e9vue par certains mod\u00e8les en seconde partie de nuit prochaine avant un temps sec \ud83c\udf24\ufe0fpour plusieurs jours, \u00e0 priori jusqu&#039;\u00e0 dimanche prochain. - Meteo Sain-Bel<\/title>\n<meta name=\"robots\" content=\"index, follow, max-snippet:-1, max-image-preview:large, max-video-preview:-1\" \/>\n<link rel=\"canonical\" href=\"https:\/\/meteo-sain-bel.fr\/wp\/blog\/le-30-aout-2026-a-6h39-furtive-apparition-du-\u2600\ufe0fa-son-lever-dans-une-tres-grande-douceur-avec-une-minimale-de-18-3-vs-14-2-de-normale-decadaire-comme-hier-le-ciel-de-ce\/\" \/>\n<meta property=\"og:locale\" content=\"fr_FR\" \/>\n<meta property=\"og:type\" content=\"article\" \/>\n<meta property=\"og:title\" content=\"le 30 ao\u00fbt 2026 \u00e0 6h39 Furtive apparition du \u2600\ufe0f\u00e0 son lever dans une tr\u00e8s grande douceur avec une minimale de 18.3\u00b0 vs 14.2\u00b0 de normale d\u00e9cadaire.  Comme hier le ciel de ce dimanche va alterner entre soleil et nuages\ud83c\udf25\ufe0f  Selon la place qu&#039;ils lui accorderont cet apr\u00e8s-midi, il pourrait arriver \u00e0 pousser la temp\u00e9rature jusqu&#039;au seuil de forte chaleur pour la 25\u00e8me fois ce mois qui par ailleurs sera le second plus chaud depuis 2002 d\u00e9but de l&#039;historique de mesures de la station derri\u00e8re Ao\u00fbt 2003.  Une possibilit\u00e9 d&#039;arrosage bruyant \u26c8\ufe0f est toujours pr\u00e9vue par certains mod\u00e8les en seconde partie de nuit prochaine avant un temps sec \ud83c\udf24\ufe0fpour plusieurs jours, \u00e0 priori jusqu&#039;\u00e0 dimanche prochain. - Meteo Sain-Bel\" \/>\n<meta property=\"og:description\" content=\"M\u00e9t\u00e9o\u00a0 Republi\u00e9 via Innoreader Lire la Suite Furtive apparition du \u2600\ufe0f\u00e0 son lever dans une tr\u00e8s grande douceur avec une minimale de 18.3\u00b0 vs 14.2\u00b0 [&hellip;]\" \/>\n<meta property=\"og:url\" content=\"https:\/\/meteo-sain-bel.fr\/wp\/blog\/le-30-aout-2026-a-6h39-furtive-apparition-du-\u2600\ufe0fa-son-lever-dans-une-tres-grande-douceur-avec-une-minimale-de-18-3-vs-14-2-de-normale-decadaire-comme-hier-le-ciel-de-ce\/\" \/>\n<meta property=\"og:site_name\" content=\"Meteo Sain-Bel\" \/>\n<meta property=\"article:publisher\" content=\"https:\/\/www.facebook.com\/meteosainbel\" \/>\n<meta property=\"article:published_time\" content=\"2026-08-30T06:39:48+00:00\" \/>\n<meta property=\"og:image\" content=\"https:\/\/scontent.fsof11-1.fna.fbcdn.net\/v\/t39.30808-6\/788091163_1725983109530770_5553236658934426743_n.jpg?stp=dst-jpg_p720x720_tt6&amp;_nc_cat=101&amp;ccb=1-7&amp;_nc_sid=127cfc&amp;_nc_ohc=Vy-_S1HDv5UQ7kNvwG3SU7r&amp;_nc_oc=AdpBlk5DMXgAY5hKWf5oiGM1JpaGwX5f3zcdzr3yBsW8mkyrFsrd9sf9FbcDTAUMo9Y&amp;_nc_zt=23&amp;_nc_ht=scontent.fsof11-1.fna&amp;edm=AKIiGfEEAAAA&amp;_nc_gid=nwOKKriRaMqnBZ8RU9M9Zw&amp;_nc_tpa=Q5bMBQLxpnHVTuBAQlzQaSkZbM3vDgPH_j7KStqkEcnb62Eu62soJ22v_QMo0cKH46IcazIoM4zJO0Hu&amp;oh=00_AQL8Lq1u2WAV782B9BVX2m8HTuyvcJjkIN5B1RzKw0n0RQ&amp;oe=6A99AD0C\" \/>\n<meta name=\"author\" content=\"Webmaster Meteo Sain-Bel\" \/>\n<meta name=\"twitter:card\" content=\"summary_large_image\" \/>\n<meta name=\"twitter:creator\" content=\"@pichej\" \/>\n<meta name=\"twitter:site\" content=\"@pichej\" \/>\n<script type=\"application\/ld+json\" class=\"yoast-schema-graph\">{\"@context\":\"https:\\\/\\\/schema.org\",\"@graph\":[{\"@type\":\"Article\",\"@id\":\"https:\\\/\\\/meteo-sain-bel.fr\\\/wp\\\/blog\\\/le-30-aout-2026-a-6h39-furtive-apparition-du-%e2%98%80%ef%b8%8fa-son-lever-dans-une-tres-grande-douceur-avec-une-minimale-de-18-3-vs-14-2-de-normale-decadaire-comme-hier-le-ciel-de-ce\\\/#article\",\"isPartOf\":{\"@id\":\"https:\\\/\\\/meteo-sain-bel.fr\\\/wp\\\/blog\\\/le-30-aout-2026-a-6h39-furtive-apparition-du-%e2%98%80%ef%b8%8fa-son-lever-dans-une-tres-grande-douceur-avec-une-minimale-de-18-3-vs-14-2-de-normale-decadaire-comme-hier-le-ciel-de-ce\\\/\"},\"author\":{\"name\":\"Webmaster Meteo Sain-Bel\",\"@id\":\"https:\\\/\\\/meteo-sain-bel.fr\\\/wp\\\/#\\\/schema\\\/person\\\/01aaa16bd38fc34093b74f9fe631ce9f\"},\"headline\":\"le 30 ao\u00fbt 2026 \u00e0 6h39 Furtive apparition du \u2600\ufe0f\u00e0 son lever dans une tr\u00e8s grande douceur avec une minimale de 18.3\u00b0 vs 14.2\u00b0 de normale d\u00e9cadaire. Comme hier le ciel de ce dimanche va alterner entre soleil et nuages\ud83c\udf25\ufe0f Selon la place qu&#8217;ils lui accorderont cet apr\u00e8s-midi, il pourrait arriver \u00e0 pousser la temp\u00e9rature jusqu&#8217;au seuil de forte chaleur pour la 25\u00e8me fois ce mois qui par ailleurs sera le second plus chaud depuis 2002 d\u00e9but de l&#8217;historique de mesures de la station derri\u00e8re Ao\u00fbt 2003. Une possibilit\u00e9 d&#8217;arrosage bruyant \u26c8\ufe0f est toujours pr\u00e9vue par certains mod\u00e8les en seconde partie de nuit prochaine avant un temps sec \ud83c\udf24\ufe0fpour plusieurs jours, \u00e0 priori jusqu&#8217;\u00e0 dimanche prochain.\",\"datePublished\":\"2026-08-30T06:39:48+00:00\",\"mainEntityOfPage\":{\"@id\":\"https:\\\/\\\/meteo-sain-bel.fr\\\/wp\\\/blog\\\/le-30-aout-2026-a-6h39-furtive-apparition-du-%e2%98%80%ef%b8%8fa-son-lever-dans-une-tres-grande-douceur-avec-une-minimale-de-18-3-vs-14-2-de-normale-decadaire-comme-hier-le-ciel-de-ce\\\/\"},\"wordCount\":235,\"commentCount\":0,\"publisher\":{\"@id\":\"https:\\\/\\\/meteo-sain-bel.fr\\\/wp\\\/#organization\"},\"image\":{\"@id\":\"https:\\\/\\\/meteo-sain-bel.fr\\\/wp\\\/blog\\\/le-30-aout-2026-a-6h39-furtive-apparition-du-%e2%98%80%ef%b8%8fa-son-lever-dans-une-tres-grande-douceur-avec-une-minimale-de-18-3-vs-14-2-de-normale-decadaire-comme-hier-le-ciel-de-ce\\\/#primaryimage\"},\"thumbnailUrl\":\"https:\\\/\\\/meteo-sain-bel.fr\\\/wp\\\/wp-content\\\/uploads\\\/2026\\\/08\\\/788091163_1725983109530770_5553236658934426743_n-YEIKhY.jpg\",\"articleSection\":[\"Sources Externes\"],\"inLanguage\":\"fr-FR\",\"potentialAction\":[{\"@type\":\"CommentAction\",\"name\":\"Comment\",\"target\":[\"https:\\\/\\\/meteo-sain-bel.fr\\\/wp\\\/blog\\\/le-30-aout-2026-a-6h39-furtive-apparition-du-%e2%98%80%ef%b8%8fa-son-lever-dans-une-tres-grande-douceur-avec-une-minimale-de-18-3-vs-14-2-de-normale-decadaire-comme-hier-le-ciel-de-ce\\\/#respond\"]}]},{\"@type\":\"WebPage\",\"@id\":\"https:\\\/\\\/meteo-sain-bel.fr\\\/wp\\\/blog\\\/le-30-aout-2026-a-6h39-furtive-apparition-du-%e2%98%80%ef%b8%8fa-son-lever-dans-une-tres-grande-douceur-avec-une-minimale-de-18-3-vs-14-2-de-normale-decadaire-comme-hier-le-ciel-de-ce\\\/\",\"url\":\"https:\\\/\\\/meteo-sain-bel.fr\\\/wp\\\/blog\\\/le-30-aout-2026-a-6h39-furtive-apparition-du-%e2%98%80%ef%b8%8fa-son-lever-dans-une-tres-grande-douceur-avec-une-minimale-de-18-3-vs-14-2-de-normale-decadaire-comme-hier-le-ciel-de-ce\\\/\",\"name\":\"le 30 ao\u00fbt 2026 \u00e0 6h39 Furtive apparition du \u2600\ufe0f\u00e0 son lever dans une tr\u00e8s grande douceur avec une minimale de 18.3\u00b0 vs 14.2\u00b0 de normale d\u00e9cadaire. Comme hier le ciel de ce dimanche va alterner entre soleil et nuages\ud83c\udf25\ufe0f Selon la place qu'ils lui accorderont cet apr\u00e8s-midi, il pourrait arriver \u00e0 pousser la temp\u00e9rature jusqu'au seuil de forte chaleur pour la 25\u00e8me fois ce mois qui par ailleurs sera le second plus chaud depuis 2002 d\u00e9but de l'historique de mesures de la station derri\u00e8re Ao\u00fbt 2003. Une possibilit\u00e9 d'arrosage bruyant \u26c8\ufe0f est toujours pr\u00e9vue par certains mod\u00e8les en seconde partie de nuit prochaine avant un temps sec \ud83c\udf24\ufe0fpour plusieurs jours, \u00e0 priori jusqu'\u00e0 dimanche prochain. - Meteo Sain-Bel\",\"isPartOf\":{\"@id\":\"https:\\\/\\\/meteo-sain-bel.fr\\\/wp\\\/#website\"},\"primaryImageOfPage\":{\"@id\":\"https:\\\/\\\/meteo-sain-bel.fr\\\/wp\\\/blog\\\/le-30-aout-2026-a-6h39-furtive-apparition-du-%e2%98%80%ef%b8%8fa-son-lever-dans-une-tres-grande-douceur-avec-une-minimale-de-18-3-vs-14-2-de-normale-decadaire-comme-hier-le-ciel-de-ce\\\/#primaryimage\"},\"image\":{\"@id\":\"https:\\\/\\\/meteo-sain-bel.fr\\\/wp\\\/blog\\\/le-30-aout-2026-a-6h39-furtive-apparition-du-%e2%98%80%ef%b8%8fa-son-lever-dans-une-tres-grande-douceur-avec-une-minimale-de-18-3-vs-14-2-de-normale-decadaire-comme-hier-le-ciel-de-ce\\\/#primaryimage\"},\"thumbnailUrl\":\"https:\\\/\\\/meteo-sain-bel.fr\\\/wp\\\/wp-content\\\/uploads\\\/2026\\\/08\\\/788091163_1725983109530770_5553236658934426743_n-YEIKhY.jpg\",\"datePublished\":\"2026-08-30T06:39:48+00:00\",\"breadcrumb\":{\"@id\":\"https:\\\/\\\/meteo-sain-bel.fr\\\/wp\\\/blog\\\/le-30-aout-2026-a-6h39-furtive-apparition-du-%e2%98%80%ef%b8%8fa-son-lever-dans-une-tres-grande-douceur-avec-une-minimale-de-18-3-vs-14-2-de-normale-decadaire-comme-hier-le-ciel-de-ce\\\/#breadcrumb\"},\"inLanguage\":\"fr-FR\",\"potentialAction\":[{\"@type\":\"ReadAction\",\"target\":[\"https:\\\/\\\/meteo-sain-bel.fr\\\/wp\\\/blog\\\/le-30-aout-2026-a-6h39-furtive-apparition-du-%e2%98%80%ef%b8%8fa-son-lever-dans-une-tres-grande-douceur-avec-une-minimale-de-18-3-vs-14-2-de-normale-decadaire-comme-hier-le-ciel-de-ce\\\/\"]}]},{\"@type\":\"ImageObject\",\"inLanguage\":\"fr-FR\",\"@id\":\"https:\\\/\\\/meteo-sain-bel.fr\\\/wp\\\/blog\\\/le-30-aout-2026-a-6h39-furtive-apparition-du-%e2%98%80%ef%b8%8fa-son-lever-dans-une-tres-grande-douceur-avec-une-minimale-de-18-3-vs-14-2-de-normale-decadaire-comme-hier-le-ciel-de-ce\\\/#primaryimage\",\"url\":\"https:\\\/\\\/meteo-sain-bel.fr\\\/wp\\\/wp-content\\\/uploads\\\/2026\\\/08\\\/788091163_1725983109530770_5553236658934426743_n-YEIKhY.jpg\",\"contentUrl\":\"https:\\\/\\\/meteo-sain-bel.fr\\\/wp\\\/wp-content\\\/uploads\\\/2026\\\/08\\\/788091163_1725983109530770_5553236658934426743_n-YEIKhY.jpg\",\"width\":1276,\"height\":720},{\"@type\":\"BreadcrumbList\",\"@id\":\"https:\\\/\\\/meteo-sain-bel.fr\\\/wp\\\/blog\\\/le-30-aout-2026-a-6h39-furtive-apparition-du-%e2%98%80%ef%b8%8fa-son-lever-dans-une-tres-grande-douceur-avec-une-minimale-de-18-3-vs-14-2-de-normale-decadaire-comme-hier-le-ciel-de-ce\\\/#breadcrumb\",\"itemListElement\":[{\"@type\":\"ListItem\",\"position\":1,\"name\":\"Accueil\",\"item\":\"https:\\\/\\\/meteo-sain-bel.fr\\\/wp\\\/\"},{\"@type\":\"ListItem\",\"position\":2,\"name\":\"le 30 ao\u00fbt 2026 \u00e0 6h39 Furtive apparition du \u2600\ufe0f\u00e0 son lever dans une tr\u00e8s grande douceur avec une minimale de 18.3\u00b0 vs 14.2\u00b0 de normale d\u00e9cadaire. Comme hier le ciel de ce dimanche va alterner entre soleil et nuages\ud83c\udf25\ufe0f Selon la place qu&#8217;ils lui accorderont cet apr\u00e8s-midi, il pourrait arriver \u00e0 pousser la temp\u00e9rature jusqu&#8217;au seuil de forte chaleur pour la 25\u00e8me fois ce mois qui par ailleurs sera le second plus chaud depuis 2002 d\u00e9but de l&#8217;historique de mesures de la station derri\u00e8re Ao\u00fbt 2003. Une possibilit\u00e9 d&#8217;arrosage bruyant \u26c8\ufe0f est toujours pr\u00e9vue par certains mod\u00e8les en seconde partie de nuit prochaine avant un temps sec \ud83c\udf24\ufe0fpour plusieurs jours, \u00e0 priori jusqu&#8217;\u00e0 dimanche prochain.\"}]},{\"@type\":\"WebSite\",\"@id\":\"https:\\\/\\\/meteo-sain-bel.fr\\\/wp\\\/#website\",\"url\":\"https:\\\/\\\/meteo-sain-bel.fr\\\/wp\\\/\",\"name\":\"Meteo Sain-Bel\",\"description\":\"Station m\u00e9t\u00e9orologique, donn\u00e9es en temps r\u00e9el 24h\\\/24 et Webcam \u00e0 Sain-Bel (69210) Pays de l\u2019Arbresle, 69 Rh\u00f4ne, France\",\"publisher\":{\"@id\":\"https:\\\/\\\/meteo-sain-bel.fr\\\/wp\\\/#organization\"},\"alternateName\":\"Site m\u00e9t\u00e9o de Sain-Bel, Rh\u00f4ne\",\"potentialAction\":[{\"@type\":\"SearchAction\",\"target\":{\"@type\":\"EntryPoint\",\"urlTemplate\":\"https:\\\/\\\/meteo-sain-bel.fr\\\/wp\\\/?s={search_term_string}\"},\"query-input\":{\"@type\":\"PropertyValueSpecification\",\"valueRequired\":true,\"valueName\":\"search_term_string\"}}],\"inLanguage\":\"fr-FR\"},{\"@type\":\"Organization\",\"@id\":\"https:\\\/\\\/meteo-sain-bel.fr\\\/wp\\\/#organization\",\"name\":\"Meteo Sain-Bel\",\"url\":\"https:\\\/\\\/meteo-sain-bel.fr\\\/wp\\\/\",\"logo\":{\"@type\":\"ImageObject\",\"inLanguage\":\"fr-FR\",\"@id\":\"https:\\\/\\\/meteo-sain-bel.fr\\\/wp\\\/#\\\/schema\\\/logo\\\/image\\\/\",\"url\":\"https:\\\/\\\/meteo-sain-bel.fr\\\/wp\\\/wp-content\\\/uploads\\\/2026\\\/08\\\/cropped-logoMeteo2026sansfond-1.png\",\"contentUrl\":\"https:\\\/\\\/meteo-sain-bel.fr\\\/wp\\\/wp-content\\\/uploads\\\/2026\\\/08\\\/cropped-logoMeteo2026sansfond-1.png\",\"width\":397,\"height\":396,\"caption\":\"Meteo Sain-Bel\"},\"image\":{\"@id\":\"https:\\\/\\\/meteo-sain-bel.fr\\\/wp\\\/#\\\/schema\\\/logo\\\/image\\\/\"},\"sameAs\":[\"https:\\\/\\\/www.facebook.com\\\/meteosainbel\",\"https:\\\/\\\/x.com\\\/pichej\",\"https:\\\/\\\/www.instagram.com\\\/pichej\"]},{\"@type\":\"Person\",\"@id\":\"https:\\\/\\\/meteo-sain-bel.fr\\\/wp\\\/#\\\/schema\\\/person\\\/01aaa16bd38fc34093b74f9fe631ce9f\",\"name\":\"Webmaster Meteo Sain-Bel\",\"image\":{\"@type\":\"ImageObject\",\"inLanguage\":\"fr-FR\",\"@id\":\"https:\\\/\\\/secure.gravatar.com\\\/avatar\\\/fbbe8b1b88f3bedc77cf954f56a4f23bb0cac63f504868560f513f1ccb1405ee?s=96&r=g\",\"url\":\"https:\\\/\\\/secure.gravatar.com\\\/avatar\\\/fbbe8b1b88f3bedc77cf954f56a4f23bb0cac63f504868560f513f1ccb1405ee?s=96&r=g\",\"contentUrl\":\"https:\\\/\\\/secure.gravatar.com\\\/avatar\\\/fbbe8b1b88f3bedc77cf954f56a4f23bb0cac63f504868560f513f1ccb1405ee?s=96&r=g\",\"caption\":\"Webmaster Meteo Sain-Bel\"},\"sameAs\":[\"http:\\\/\\\/meteo-sain-bel.fr\\\/wp\"],\"url\":\"https:\\\/\\\/meteo-sain-bel.fr\\\/wp\\\/blog\\\/author\\\/admin\\\/\"}]}<\/script>\n<!-- \/ Yoast SEO plugin. -->","yoast_head_json":{"title":"le 30 ao\u00fbt 2026 \u00e0 6h39 Furtive apparition du \u2600\ufe0f\u00e0 son lever dans une tr\u00e8s grande douceur avec une minimale de 18.3\u00b0 vs 14.2\u00b0 de normale d\u00e9cadaire.  Comme hier le ciel de ce dimanche va alterner entre soleil et nuages\ud83c\udf25\ufe0f  Selon la place qu'ils lui accorderont cet apr\u00e8s-midi, il pourrait arriver \u00e0 pousser la temp\u00e9rature jusqu'au seuil de forte chaleur pour la 25\u00e8me fois ce mois qui par ailleurs sera le second plus chaud depuis 2002 d\u00e9but de l'historique de mesures de la station derri\u00e8re Ao\u00fbt 2003.  Une possibilit\u00e9 d'arrosage bruyant \u26c8\ufe0f est toujours pr\u00e9vue par certains mod\u00e8les en seconde partie de nuit prochaine avant un temps sec \ud83c\udf24\ufe0fpour plusieurs jours, \u00e0 priori jusqu'\u00e0 dimanche prochain. - Meteo Sain-Bel","robots":{"index":"index","follow":"follow","max-snippet":"max-snippet:-1","max-image-preview":"max-image-preview:large","max-video-preview":"max-video-preview:-1"},"canonical":"https:\/\/meteo-sain-bel.fr\/wp\/blog\/le-30-aout-2026-a-6h39-furtive-apparition-du-\u2600\ufe0fa-son-lever-dans-une-tres-grande-douceur-avec-une-minimale-de-18-3-vs-14-2-de-normale-decadaire-comme-hier-le-ciel-de-ce\/","og_locale":"fr_FR","og_type":"article","og_title":"le 30 ao\u00fbt 2026 \u00e0 6h39 Furtive apparition du \u2600\ufe0f\u00e0 son lever dans une tr\u00e8s grande douceur avec une minimale de 18.3\u00b0 vs 14.2\u00b0 de normale d\u00e9cadaire.  Comme hier le ciel de ce dimanche va alterner entre soleil et nuages\ud83c\udf25\ufe0f  Selon la place qu'ils lui accorderont cet apr\u00e8s-midi, il pourrait arriver \u00e0 pousser la temp\u00e9rature jusqu'au seuil de forte chaleur pour la 25\u00e8me fois ce mois qui par ailleurs sera le second plus chaud depuis 2002 d\u00e9but de l'historique de mesures de la station derri\u00e8re Ao\u00fbt 2003.  Une possibilit\u00e9 d'arrosage bruyant \u26c8\ufe0f est toujours pr\u00e9vue par certains mod\u00e8les en seconde partie de nuit prochaine avant un temps sec \ud83c\udf24\ufe0fpour plusieurs jours, \u00e0 priori jusqu'\u00e0 dimanche prochain. - Meteo Sain-Bel","og_description":"M\u00e9t\u00e9o\u00a0 Republi\u00e9 via Innoreader Lire la Suite Furtive apparition du \u2600\ufe0f\u00e0 son lever dans une tr\u00e8s grande douceur avec une minimale de 18.3\u00b0 vs 14.2\u00b0 [&hellip;]","og_url":"https:\/\/meteo-sain-bel.fr\/wp\/blog\/le-30-aout-2026-a-6h39-furtive-apparition-du-\u2600\ufe0fa-son-lever-dans-une-tres-grande-douceur-avec-une-minimale-de-18-3-vs-14-2-de-normale-decadaire-comme-hier-le-ciel-de-ce\/","og_site_name":"Meteo Sain-Bel","article_publisher":"https:\/\/www.facebook.com\/meteosainbel","article_published_time":"2026-08-30T06:39:48+00:00","og_image":[{"url":"https:\/\/scontent.fsof11-1.fna.fbcdn.net\/v\/t39.30808-6\/788091163_1725983109530770_5553236658934426743_n.jpg?stp=dst-jpg_p720x720_tt6&amp;_nc_cat=101&amp;ccb=1-7&amp;_nc_sid=127cfc&amp;_nc_ohc=Vy-_S1HDv5UQ7kNvwG3SU7r&amp;_nc_oc=AdpBlk5DMXgAY5hKWf5oiGM1JpaGwX5f3zcdzr3yBsW8mkyrFsrd9sf9FbcDTAUMo9Y&amp;_nc_zt=23&amp;_nc_ht=scontent.fsof11-1.fna&amp;edm=AKIiGfEEAAAA&amp;_nc_gid=nwOKKriRaMqnBZ8RU9M9Zw&amp;_nc_tpa=Q5bMBQLxpnHVTuBAQlzQaSkZbM3vDgPH_j7KStqkEcnb62Eu62soJ22v_QMo0cKH46IcazIoM4zJO0Hu&amp;oh=00_AQL8Lq1u2WAV782B9BVX2m8HTuyvcJjkIN5B1RzKw0n0RQ&amp;oe=6A99AD0C","type":"","width":"","height":""}],"author":"Webmaster Meteo Sain-Bel","twitter_card":"summary_large_image","twitter_creator":"@pichej","twitter_site":"@pichej","schema":{"@context":"https:\/\/schema.org","@graph":[{"@type":"Article","@id":"https:\/\/meteo-sain-bel.fr\/wp\/blog\/le-30-aout-2026-a-6h39-furtive-apparition-du-%e2%98%80%ef%b8%8fa-son-lever-dans-une-tres-grande-douceur-avec-une-minimale-de-18-3-vs-14-2-de-normale-decadaire-comme-hier-le-ciel-de-ce\/#article","isPartOf":{"@id":"https:\/\/meteo-sain-bel.fr\/wp\/blog\/le-30-aout-2026-a-6h39-furtive-apparition-du-%e2%98%80%ef%b8%8fa-son-lever-dans-une-tres-grande-douceur-avec-une-minimale-de-18-3-vs-14-2-de-normale-decadaire-comme-hier-le-ciel-de-ce\/"},"author":{"name":"Webmaster Meteo Sain-Bel","@id":"https:\/\/meteo-sain-bel.fr\/wp\/#\/schema\/person\/01aaa16bd38fc34093b74f9fe631ce9f"},"headline":"le 30 ao\u00fbt 2026 \u00e0 6h39 Furtive apparition du \u2600\ufe0f\u00e0 son lever dans une tr\u00e8s grande douceur avec une minimale de 18.3\u00b0 vs 14.2\u00b0 de normale d\u00e9cadaire. Comme hier le ciel de ce dimanche va alterner entre soleil et nuages\ud83c\udf25\ufe0f Selon la place qu&#8217;ils lui accorderont cet apr\u00e8s-midi, il pourrait arriver \u00e0 pousser la temp\u00e9rature jusqu&#8217;au seuil de forte chaleur pour la 25\u00e8me fois ce mois qui par ailleurs sera le second plus chaud depuis 2002 d\u00e9but de l&#8217;historique de mesures de la station derri\u00e8re Ao\u00fbt 2003. Une possibilit\u00e9 d&#8217;arrosage bruyant \u26c8\ufe0f est toujours pr\u00e9vue par certains mod\u00e8les en seconde partie de nuit prochaine avant un temps sec \ud83c\udf24\ufe0fpour plusieurs jours, \u00e0 priori jusqu&#8217;\u00e0 dimanche prochain.","datePublished":"2026-08-30T06:39:48+00:00","mainEntityOfPage":{"@id":"https:\/\/meteo-sain-bel.fr\/wp\/blog\/le-30-aout-2026-a-6h39-furtive-apparition-du-%e2%98%80%ef%b8%8fa-son-lever-dans-une-tres-grande-douceur-avec-une-minimale-de-18-3-vs-14-2-de-normale-decadaire-comme-hier-le-ciel-de-ce\/"},"wordCount":235,"commentCount":0,"publisher":{"@id":"https:\/\/meteo-sain-bel.fr\/wp\/#organization"},"image":{"@id":"https:\/\/meteo-sain-bel.fr\/wp\/blog\/le-30-aout-2026-a-6h39-furtive-apparition-du-%e2%98%80%ef%b8%8fa-son-lever-dans-une-tres-grande-douceur-avec-une-minimale-de-18-3-vs-14-2-de-normale-decadaire-comme-hier-le-ciel-de-ce\/#primaryimage"},"thumbnailUrl":"https:\/\/meteo-sain-bel.fr\/wp\/wp-content\/uploads\/2026\/08\/788091163_1725983109530770_5553236658934426743_n-YEIKhY.jpg","articleSection":["Sources Externes"],"inLanguage":"fr-FR","potentialAction":[{"@type":"CommentAction","name":"Comment","target":["https:\/\/meteo-sain-bel.fr\/wp\/blog\/le-30-aout-2026-a-6h39-furtive-apparition-du-%e2%98%80%ef%b8%8fa-son-lever-dans-une-tres-grande-douceur-avec-une-minimale-de-18-3-vs-14-2-de-normale-decadaire-comme-hier-le-ciel-de-ce\/#respond"]}]},{"@type":"WebPage","@id":"https:\/\/meteo-sain-bel.fr\/wp\/blog\/le-30-aout-2026-a-6h39-furtive-apparition-du-%e2%98%80%ef%b8%8fa-son-lever-dans-une-tres-grande-douceur-avec-une-minimale-de-18-3-vs-14-2-de-normale-decadaire-comme-hier-le-ciel-de-ce\/","url":"https:\/\/meteo-sain-bel.fr\/wp\/blog\/le-30-aout-2026-a-6h39-furtive-apparition-du-%e2%98%80%ef%b8%8fa-son-lever-dans-une-tres-grande-douceur-avec-une-minimale-de-18-3-vs-14-2-de-normale-decadaire-comme-hier-le-ciel-de-ce\/","name":"le 30 ao\u00fbt 2026 \u00e0 6h39 Furtive apparition du \u2600\ufe0f\u00e0 son lever dans une tr\u00e8s grande douceur avec une minimale de 18.3\u00b0 vs 14.2\u00b0 de normale d\u00e9cadaire. Comme hier le ciel de ce dimanche va alterner entre soleil et nuages\ud83c\udf25\ufe0f Selon la place qu'ils lui accorderont cet apr\u00e8s-midi, il pourrait arriver \u00e0 pousser la temp\u00e9rature jusqu'au seuil de forte chaleur pour la 25\u00e8me fois ce mois qui par ailleurs sera le second plus chaud depuis 2002 d\u00e9but de l'historique de mesures de la station derri\u00e8re Ao\u00fbt 2003. Une possibilit\u00e9 d'arrosage bruyant \u26c8\ufe0f est toujours pr\u00e9vue par certains mod\u00e8les en seconde partie de nuit prochaine avant un temps sec \ud83c\udf24\ufe0fpour plusieurs jours, \u00e0 priori jusqu'\u00e0 dimanche prochain. - Meteo Sain-Bel","isPartOf":{"@id":"https:\/\/meteo-sain-bel.fr\/wp\/#website"},"primaryImageOfPage":{"@id":"https:\/\/meteo-sain-bel.fr\/wp\/blog\/le-30-aout-2026-a-6h39-furtive-apparition-du-%e2%98%80%ef%b8%8fa-son-lever-dans-une-tres-grande-douceur-avec-une-minimale-de-18-3-vs-14-2-de-normale-decadaire-comme-hier-le-ciel-de-ce\/#primaryimage"},"image":{"@id":"https:\/\/meteo-sain-bel.fr\/wp\/blog\/le-30-aout-2026-a-6h39-furtive-apparition-du-%e2%98%80%ef%b8%8fa-son-lever-dans-une-tres-grande-douceur-avec-une-minimale-de-18-3-vs-14-2-de-normale-decadaire-comme-hier-le-ciel-de-ce\/#primaryimage"},"thumbnailUrl":"https:\/\/meteo-sain-bel.fr\/wp\/wp-content\/uploads\/2026\/08\/788091163_1725983109530770_5553236658934426743_n-YEIKhY.jpg","datePublished":"2026-08-30T06:39:48+00:00","breadcrumb":{"@id":"https:\/\/meteo-sain-bel.fr\/wp\/blog\/le-30-aout-2026-a-6h39-furtive-apparition-du-%e2%98%80%ef%b8%8fa-son-lever-dans-une-tres-grande-douceur-avec-une-minimale-de-18-3-vs-14-2-de-normale-decadaire-comme-hier-le-ciel-de-ce\/#breadcrumb"},"inLanguage":"fr-FR","potentialAction":[{"@type":"ReadAction","target":["https:\/\/meteo-sain-bel.fr\/wp\/blog\/le-30-aout-2026-a-6h39-furtive-apparition-du-%e2%98%80%ef%b8%8fa-son-lever-dans-une-tres-grande-douceur-avec-une-minimale-de-18-3-vs-14-2-de-normale-decadaire-comme-hier-le-ciel-de-ce\/"]}]},{"@type":"ImageObject","inLanguage":"fr-FR","@id":"https:\/\/meteo-sain-bel.fr\/wp\/blog\/le-30-aout-2026-a-6h39-furtive-apparition-du-%e2%98%80%ef%b8%8fa-son-lever-dans-une-tres-grande-douceur-avec-une-minimale-de-18-3-vs-14-2-de-normale-decadaire-comme-hier-le-ciel-de-ce\/#primaryimage","url":"https:\/\/meteo-sain-bel.fr\/wp\/wp-content\/uploads\/2026\/08\/788091163_1725983109530770_5553236658934426743_n-YEIKhY.jpg","contentUrl":"https:\/\/meteo-sain-bel.fr\/wp\/wp-content\/uploads\/2026\/08\/788091163_1725983109530770_5553236658934426743_n-YEIKhY.jpg","width":1276,"height":720},{"@type":"BreadcrumbList","@id":"https:\/\/meteo-sain-bel.fr\/wp\/blog\/le-30-aout-2026-a-6h39-furtive-apparition-du-%e2%98%80%ef%b8%8fa-son-lever-dans-une-tres-grande-douceur-avec-une-minimale-de-18-3-vs-14-2-de-normale-decadaire-comme-hier-le-ciel-de-ce\/#breadcrumb","itemListElement":[{"@type":"ListItem","position":1,"name":"Accueil","item":"https:\/\/meteo-sain-bel.fr\/wp\/"},{"@type":"ListItem","position":2,"name":"le 30 ao\u00fbt 2026 \u00e0 6h39 Furtive apparition du \u2600\ufe0f\u00e0 son lever dans une tr\u00e8s grande douceur avec une minimale de 18.3\u00b0 vs 14.2\u00b0 de normale d\u00e9cadaire. Comme hier le ciel de ce dimanche va alterner entre soleil et nuages\ud83c\udf25\ufe0f Selon la place qu&#8217;ils lui accorderont cet apr\u00e8s-midi, il pourrait arriver \u00e0 pousser la temp\u00e9rature jusqu&#8217;au seuil de forte chaleur pour la 25\u00e8me fois ce mois qui par ailleurs sera le second plus chaud depuis 2002 d\u00e9but de l&#8217;historique de mesures de la station derri\u00e8re Ao\u00fbt 2003. Une possibilit\u00e9 d&#8217;arrosage bruyant \u26c8\ufe0f est toujours pr\u00e9vue par certains mod\u00e8les en seconde partie de nuit prochaine avant un temps sec \ud83c\udf24\ufe0fpour plusieurs jours, \u00e0 priori jusqu&#8217;\u00e0 dimanche prochain."}]},{"@type":"WebSite","@id":"https:\/\/meteo-sain-bel.fr\/wp\/#website","url":"https:\/\/meteo-sain-bel.fr\/wp\/","name":"Meteo Sain-Bel","description":"Station m\u00e9t\u00e9orologique, donn\u00e9es en temps r\u00e9el 24h\/24 et Webcam \u00e0 Sain-Bel (69210) Pays de l\u2019Arbresle, 69 Rh\u00f4ne, France","publisher":{"@id":"https:\/\/meteo-sain-bel.fr\/wp\/#organization"},"alternateName":"Site m\u00e9t\u00e9o de Sain-Bel, Rh\u00f4ne","potentialAction":[{"@type":"SearchAction","target":{"@type":"EntryPoint","urlTemplate":"https:\/\/meteo-sain-bel.fr\/wp\/?s={search_term_string}"},"query-input":{"@type":"PropertyValueSpecification","valueRequired":true,"valueName":"search_term_string"}}],"inLanguage":"fr-FR"},{"@type":"Organization","@id":"https:\/\/meteo-sain-bel.fr\/wp\/#organization","name":"Meteo Sain-Bel","url":"https:\/\/meteo-sain-bel.fr\/wp\/","logo":{"@type":"ImageObject","inLanguage":"fr-FR","@id":"https:\/\/meteo-sain-bel.fr\/wp\/#\/schema\/logo\/image\/","url":"https:\/\/meteo-sain-bel.fr\/wp\/wp-content\/uploads\/2026\/08\/cropped-logoMeteo2026sansfond-1.png","contentUrl":"https:\/\/meteo-sain-bel.fr\/wp\/wp-content\/uploads\/2026\/08\/cropped-logoMeteo2026sansfond-1.png","width":397,"height":396,"caption":"Meteo Sain-Bel"},"image":{"@id":"https:\/\/meteo-sain-bel.fr\/wp\/#\/schema\/logo\/image\/"},"sameAs":["https:\/\/www.facebook.com\/meteosainbel","https:\/\/x.com\/pichej","https:\/\/www.instagram.com\/pichej"]},{"@type":"Person","@id":"https:\/\/meteo-sain-bel.fr\/wp\/#\/schema\/person\/01aaa16bd38fc34093b74f9fe631ce9f","name":"Webmaster Meteo Sain-Bel","image":{"@type":"ImageObject","inLanguage":"fr-FR","@id":"https:\/\/secure.gravatar.com\/avatar\/fbbe8b1b88f3bedc77cf954f56a4f23bb0cac63f504868560f513f1ccb1405ee?s=96&r=g","url":"https:\/\/secure.gravatar.com\/avatar\/fbbe8b1b88f3bedc77cf954f56a4f23bb0cac63f504868560f513f1ccb1405ee?s=96&r=g","contentUrl":"https:\/\/secure.gravatar.com\/avatar\/fbbe8b1b88f3bedc77cf954f56a4f23bb0cac63f504868560f513f1ccb1405ee?s=96&r=g","caption":"Webmaster Meteo Sain-Bel"},"sameAs":["http:\/\/meteo-sain-bel.fr\/wp"],"url":"https:\/\/meteo-sain-bel.fr\/wp\/blog\/author\/admin\/"}]}},"uagb_featured_image_src":{"full":["https:\/\/meteo-sain-bel.fr\/wp\/wp-content\/uploads\/2026\/08\/788091163_1725983109530770_5553236658934426743_n-YEIKhY.jpg",1276,720,false],"thumbnail":["https:\/\/meteo-sain-bel.fr\/wp\/wp-content\/uploads\/2026\/08\/788091163_1725983109530770_5553236658934426743_n-YEIKhY-150x150.jpg",150,150,true],"medium":["https:\/\/meteo-sain-bel.fr\/wp\/wp-content\/uploads\/2026\/08\/788091163_1725983109530770_5553236658934426743_n-YEIKhY-300x169.jpg",300,169,true],"medium_large":["https:\/\/meteo-sain-bel.fr\/wp\/wp-content\/uploads\/2026\/08\/788091163_1725983109530770_5553236658934426743_n-YEIKhY-768x433.jpg",768,433,true],"large":["https:\/\/meteo-sain-bel.fr\/wp\/wp-content\/uploads\/2026\/08\/788091163_1725983109530770_5553236658934426743_n-YEIKhY-1024x578.jpg",1024,578,true],"1536x1536":["https:\/\/meteo-sain-bel.fr\/wp\/wp-content\/uploads\/2026\/08\/788091163_1725983109530770_5553236658934426743_n-YEIKhY.jpg",1276,720,false],"2048x2048":["https:\/\/meteo-sain-bel.fr\/wp\/wp-content\/uploads\/2026\/08\/788091163_1725983109530770_5553236658934426743_n-YEIKhY.jpg",1276,720,false]},"uagb_author_info":{"display_name":"Webmaster Meteo Sain-Bel","author_link":"https:\/\/meteo-sain-bel.fr\/wp\/blog\/author\/admin\/"},"uagb_comment_info":0,"uagb_excerpt":"M\u00e9t\u00e9o\u00a0 Republi\u00e9 via Innoreader Lire la Suite Furtive apparition du \u2600\ufe0f\u00e0 son lever dans une tr\u00e8s grande douceur avec une minimale de 18.3\u00b0 vs 14.2\u00b0 [&hellip;]","_links":{"self":[{"href":"https:\/\/meteo-sain-bel.fr\/wp\/wp-json\/wp\/v2\/posts\/8947","targetHints":{"allow":["GET"]}}],"collection":[{"href":"https:\/\/meteo-sain-bel.fr\/wp\/wp-json\/wp\/v2\/posts"}],"about":[{"href":"https:\/\/meteo-sain-bel.fr\/wp\/wp-json\/wp\/v2\/types\/post"}],"author":[{"embeddable":true,"href":"https:\/\/meteo-sain-bel.fr\/wp\/wp-json\/wp\/v2\/users\/1"}],"replies":[{"embeddable":true,"href":"https:\/\/meteo-sain-bel.fr\/wp\/wp-json\/wp\/v2\/comments?post=8947"}],"version-history":[{"count":0,"href":"https:\/\/meteo-sain-bel.fr\/wp\/wp-json\/wp\/v2\/posts\/8947\/revisions"}],"wp:featuredmedia":[{"embeddable":true,"href":"https:\/\/meteo-sain-bel.fr\/wp\/wp-json\/wp\/v2\/media\/8948"}],"wp:attachment":[{"href":"https:\/\/meteo-sain-bel.fr\/wp\/wp-json\/wp\/v2\/media?parent=8947"}],"wp:term":[{"taxonomy":"category","embeddable":true,"href":"https:\/\/meteo-sain-bel.fr\/wp\/wp-json\/wp\/v2\/categories?post=8947"},{"taxonomy":"post_tag","embeddable":true,"href":"https:\/\/meteo-sain-bel.fr\/wp\/wp-json\/wp\/v2\/tags?post=8947"}],"curies":[{"name":"wp","href":"https:\/\/api.w.org\/{rel}","templated":true}]}}