{"id":7533,"date":"2026-04-26T21:17:15","date_gmt":"2026-04-26T19:17:15","guid":{"rendered":"https:\/\/meteo-sain-bel.fr\/wp\/blog\/le-26-avril-2026-a-19h17-des-orages-pour-le-long-week-end-du-1er-mai\/"},"modified":"2026-04-26T21:17:15","modified_gmt":"2026-04-26T19:17:15","slug":"le-26-avril-2026-a-19h17-des-orages-pour-le-long-week-end-du-1er-mai","status":"publish","type":"post","link":"https:\/\/meteo-sain-bel.fr\/wp\/blog\/le-26-avril-2026-a-19h17-des-orages-pour-le-long-week-end-du-1er-mai\/","title":{"rendered":"le 26 avril 2026 \u00e0 19h17  Des orages pour le long week-end du 1er mai ?"},"content":{"rendered":"<p>M\u00e9t\u00e9o\u00a0 Republi\u00e9 via Innoreader <a href=\"https:\/\/www.meteo-paris.com\/actualites\/des-orages-pour-le-long-week-end-du-1er-mai\" target=\"_blank\" class=\"feedzy-rss-link-icon\">Lire la Suite<\/a><\/p>\n<p><img decoding=\"async\" alt=\"\" src=\"https:\/\/www.meteo-paris.com\/uploads\/actu\/meteo-week-end-1er-mai.png\" \/><\/p>\n<p>Le week-end prolong\u00e9 du 1er mai approche. Les tendances misent sur des temp\u00e9ratures assez \u00e9lev\u00e9es mais aussi sur un risque d&#8217;averses et d&#8217;orages. Notre article fait le point sur les derni\u00e8res pr\u00e9visions.<\/p>\n<p>\u00a0<\/p>\n<h2>Vendredi 1er mai : grande douceur<\/h2>\n<p>Cette ann\u00e9e, la F\u00eate du travail devrait se d\u00e9rouler sous des temp\u00e9ratures assez \u00e9lev\u00e9es. En effet, on pr\u00e9voit des temp\u00e9ratures maximales comprises entre 23 et 25 degr\u00e9s dans de nombreuses r\u00e9gions. Le seuil de chaleur (25\u00b0C) sera donc parfois atteint, notamment de Rh\u00f4ne-Alpes jusqu&#8217;en \u00cele-de-France. C\u00f4t\u00e9 ciel, un beau soleil est pr\u00e9vu au nord-est. En revanche, le ciel s&#8217;annonce variable dans les autres r\u00e9gions et quelques averses et orages sont susceptibles de se d\u00e9clencher, sans doute plus fr\u00e9quents au nord-ouest et vers les Pyr\u00e9n\u00e9es.<\/p>\n<p>\u00a0<\/p>\n<p><img decoding=\"async\" alt=\"\" src=\"https:\/\/www.meteo-paris.com\/uploads\/actu\/meteo-1-mai-2026.png\" \/><\/p>\n<p><em><strong>Temps et temp\u00e9ratures maximales pr\u00e9vus le vendredi 1er mai 2026<\/strong><\/em> &#8211; M\u00e9t\u00e9o Villes<\/p>\n<p>\u00a0<\/p>\n<p>\u00a0<\/p>\n<h2>Samedi 2 mai : ambiance lourde<\/h2>\n<p>La deuxi\u00e8me journ\u00e9e de ce week-end prolong\u00e9 s&#8217;annonce lourde sur la France. Sous des temp\u00e9ratures souvent comprises entre 22 et 24 degr\u00e9s en apr\u00e8s-midi, des nuages devraient bourgeonner un peu partout par \u00e9volution diurne et pourront aboutir \u00e0 des averses ou des orages, probablement d\u00e9sorganis\u00e9s. Ce risque \u00e9pargnerait la M\u00e9diterran\u00e9e et les fronti\u00e8res du nord-est mais serait plus fort vers les Pyr\u00e9n\u00e9es. \u00c0 l&#8217;heure actuelle, il est difficile de jauger l&#8217;ampleur et l&#8217;\u00e9tendue de cette menace orageuse.<\/p>\n<p>\u00a0<\/p>\n<p><img decoding=\"async\" alt=\"\" src=\"https:\/\/www.meteo-paris.com\/uploads\/actu\/meteo-2-mai-2026.png\" \/><\/p>\n<p><em><strong>Temps et temp\u00e9ratures maximales pr\u00e9vus le samedi 2 mai 2026<\/strong><\/em> &#8211; M\u00e9t\u00e9o Villes<\/p>\n<p>\u00a0<\/p>\n<p>\u00a0<\/p>\n<h2>Dimanche 3 mai : davantage d&#8217;averses<\/h2>\n<p>Selon les derni\u00e8res tendances, la derni\u00e8re journ\u00e9e de ce week-end prolong\u00e9 serait la plus nuageuse. Le risque d&#8217;averses serait en hausse et concernerait la plupart des r\u00e9gions, \u00e0 l&#8217;exception de l&#8217;extr\u00eame sud-est. Celles-ci pourraient adopter un caract\u00e8re orageux local. Les temp\u00e9ratures s&#8217;orienteraient \u00e0 la baisse, bien qu&#8217;elles resteraient douces dans l&#8217;ensemble. Pour le moment, des incertitudes concernent l&#8217;ampleur de l&#8217;instabilit\u00e9. Certains sc\u00e9narios misent sur une instabilit\u00e9 limit\u00e9e tandis que d&#8217;autres envisagent de nombreuses pr\u00e9cipitations.<\/p>\n<p>\u00a0<\/p>\n<p><img decoding=\"async\" alt=\"\" src=\"https:\/\/www.meteo-paris.com\/uploads\/actu\/meteo-3-mai-2026.png\" \/><\/p>\n<p><em><strong>Temps et temp\u00e9ratures maximales pr\u00e9vus le dimanche 3 mai 2026<\/strong><\/em> &#8211; M\u00e9t\u00e9o Villes<\/p>\n<p>\u00a0<\/p>\n<p>Il est probable que l&#8217;instabilit\u00e9 augmente graduellement au cours de ce long week-end, bien que cette tendance demandera \u00e0 \u00eatre confirm\u00e9e dans les prochains jours. Dans tous les cas, on se dirige vers un week-end plus instable que les pr\u00e9c\u00e9dents et au cours duquel le parapluie pourrait redevenir un accessoire utile \u00e0 un moment ou \u00e0 un autre.<\/p>\n<p>\u00a0<\/p>\n<h3><strong>\u00c0 lire \u00e9galement :<\/strong><\/h3>\n<p>&gt;&gt;&gt;\u00a0<a href=\"https:\/\/www.meteo-paris.com\/actualites\/retour-sur-les-orages-marquants-a-la-fin-du-mois-d-avril\">Les orages les plus forts d\u2019une fin avril en France<\/a><\/p>\n<p>&gt;&gt;&gt;\u00a0<a href=\"https:\/\/www.meteo-paris.com\/actualites\/la-chaleur-precoce-annonce-t-elle-un-ete-caniculaire\">La chaleur pr\u00e9coce annonce-t-elle un \u00e9t\u00e9 caniculaire ?<\/a><\/p>\n<p>&gt;&gt;&gt;\u00a0<a href=\"https:\/\/www.meteo-paris.com\/actualites\/on-profite-d-un-soleil-exceptionnel-mais-pour-combien-de-temps-encore\">On profite d\u2019un soleil exceptionnel&#8230; mais pour combien de temps encore ?<\/a><\/p>\n<p>&gt;&gt;&gt;\u00a0<a href=\"https:\/\/www.meteo-paris.com\/actualites\/la-secheresse-menace-la-france\">La s\u00e9cheresse menace la France<\/a><\/p>\n<p>&gt;&gt;&gt; <a href=\"https:\/\/www.meteo-villes.com\/france\/previsions\">Notre bulletin m\u00e9t\u00e9o r\u00e9actualis\u00e9 quotidiennement<\/a><\/p>\n<p>&gt;&gt;&gt; <a href=\"https:\/\/x.com\/Meteovilles\">Notre compte Twitter tr\u00e8s suivi et r\u00e9f\u00e9rence dans tous les m\u00e9dias !<\/a><\/p>\n<p>\u00a0<\/p>\n<p>Auteur : Alexandre Slowik<\/p>","protected":false},"excerpt":{"rendered":"<p>M\u00e9t\u00e9o\u00a0 Republi\u00e9 via Innoreader Lire la Suite Le week-end prolong\u00e9 du 1er mai approche. Les tendances misent sur des temp\u00e9ratures assez \u00e9lev\u00e9es mais aussi sur [&hellip;]<\/p>\n","protected":false},"author":1,"featured_media":7534,"comment_status":"open","ping_status":"open","sticky":false,"template":"","format":"standard","meta":{"content-type":"","_uag_custom_page_level_css":"","site-sidebar-layout":"default","site-content-layout":"","ast-site-content-layout":"default","site-content-style":"default","site-sidebar-style":"default","ast-global-header-display":"","ast-banner-title-visibility":"","ast-main-header-display":"","ast-hfb-above-header-display":"","ast-hfb-below-header-display":"","ast-hfb-mobile-header-display":"","site-post-title":"","ast-breadcrumbs-content":"","ast-featured-img":"","footer-sml-layout":"","ast-disable-related-posts":"","theme-transparent-header-meta":"","adv-header-id-meta":"","stick-header-meta":"","header-above-stick-meta":"","header-main-stick-meta":"","header-below-stick-meta":"","astra-migrate-meta-layouts":"default","ast-page-background-enabled":"default","ast-page-background-meta":{"desktop":{"background-color":"var(--ast-global-color-4)","background-image":"","background-repeat":"repeat","background-position":"center center","background-size":"auto","background-attachment":"scroll","background-type":"","background-media":"","overlay-type":"","overlay-color":"","overlay-opacity":"","overlay-gradient":""},"tablet":{"background-color":"","background-image":"","background-repeat":"repeat","background-position":"center center","background-size":"auto","background-attachment":"scroll","background-type":"","background-media":"","overlay-type":"","overlay-color":"","overlay-opacity":"","overlay-gradient":""},"mobile":{"background-color":"","background-image":"","background-repeat":"repeat","background-position":"center center","background-size":"auto","background-attachment":"scroll","background-type":"","background-media":"","overlay-type":"","overlay-color":"","overlay-opacity":"","overlay-gradient":""}},"ast-content-background-meta":{"desktop":{"background-color":"var(--ast-global-color-5)","background-image":"","background-repeat":"repeat","background-position":"center center","background-size":"auto","background-attachment":"scroll","background-type":"","background-media":"","overlay-type":"","overlay-color":"","overlay-opacity":"","overlay-gradient":""},"tablet":{"background-color":"var(--ast-global-color-5)","background-image":"","background-repeat":"repeat","background-position":"center center","background-size":"auto","background-attachment":"scroll","background-type":"","background-media":"","overlay-type":"","overlay-color":"","overlay-opacity":"","overlay-gradient":""},"mobile":{"background-color":"var(--ast-global-color-5)","background-image":"","background-repeat":"repeat","background-position":"center center","background-size":"auto","background-attachment":"scroll","background-type":"","background-media":"","overlay-type":"","overlay-color":"","overlay-opacity":"","overlay-gradient":""}},"footnotes":""},"categories":[6],"tags":[],"class_list":["post-7533","post","type-post","status-publish","format-standard","has-post-thumbnail","hentry","category-externes"],"yoast_head":"<!-- This site is optimized with the Yoast SEO plugin v27.4 - https:\/\/yoast.com\/product\/yoast-seo-wordpress\/ -->\n<title>le 26 avril 2026 \u00e0 19h17 Des orages pour le long week-end du 1er mai ? - Meteo Sain-Bel<\/title>\n<meta name=\"robots\" content=\"index, follow, max-snippet:-1, max-image-preview:large, max-video-preview:-1\" \/>\n<link rel=\"canonical\" href=\"https:\/\/meteo-sain-bel.fr\/wp\/blog\/le-26-avril-2026-a-19h17-des-orages-pour-le-long-week-end-du-1er-mai\/\" \/>\n<meta property=\"og:locale\" content=\"fr_FR\" \/>\n<meta property=\"og:type\" content=\"article\" \/>\n<meta property=\"og:title\" content=\"le 26 avril 2026 \u00e0 19h17 Des orages pour le long week-end du 1er mai ? - Meteo Sain-Bel\" \/>\n<meta property=\"og:description\" content=\"M\u00e9t\u00e9o\u00a0 Republi\u00e9 via Innoreader Lire la Suite Le week-end prolong\u00e9 du 1er mai approche. Les tendances misent sur des temp\u00e9ratures assez \u00e9lev\u00e9es mais aussi sur [&hellip;]\" \/>\n<meta property=\"og:url\" content=\"https:\/\/meteo-sain-bel.fr\/wp\/blog\/le-26-avril-2026-a-19h17-des-orages-pour-le-long-week-end-du-1er-mai\/\" \/>\n<meta property=\"og:site_name\" content=\"Meteo Sain-Bel\" \/>\n<meta property=\"article:publisher\" content=\"https:\/\/www.facebook.com\/meteosainbel\" \/>\n<meta property=\"article:published_time\" content=\"2026-04-26T19:17:15+00:00\" \/>\n<meta property=\"og:image\" content=\"https:\/\/www.meteo-paris.com\/uploads\/actu\/meteo-week-end-1er-mai.png\" \/>\n<meta name=\"author\" content=\"Webmaster Meteo Sain-Bel\" \/>\n<meta name=\"twitter:card\" content=\"summary_large_image\" \/>\n<meta name=\"twitter:creator\" content=\"@pichej\" \/>\n<meta name=\"twitter:site\" content=\"@pichej\" \/>\n<script type=\"application\/ld+json\" class=\"yoast-schema-graph\">{\"@context\":\"https:\\\/\\\/schema.org\",\"@graph\":[{\"@type\":\"Article\",\"@id\":\"https:\\\/\\\/meteo-sain-bel.fr\\\/wp\\\/blog\\\/le-26-avril-2026-a-19h17-des-orages-pour-le-long-week-end-du-1er-mai\\\/#article\",\"isPartOf\":{\"@id\":\"https:\\\/\\\/meteo-sain-bel.fr\\\/wp\\\/blog\\\/le-26-avril-2026-a-19h17-des-orages-pour-le-long-week-end-du-1er-mai\\\/\"},\"author\":{\"name\":\"Webmaster Meteo Sain-Bel\",\"@id\":\"https:\\\/\\\/meteo-sain-bel.fr\\\/wp\\\/#\\\/schema\\\/person\\\/01aaa16bd38fc34093b74f9fe631ce9f\"},\"headline\":\"le 26 avril 2026 \u00e0 19h17 Des orages pour le long week-end du 1er mai ?\",\"datePublished\":\"2026-04-26T19:17:15+00:00\",\"mainEntityOfPage\":{\"@id\":\"https:\\\/\\\/meteo-sain-bel.fr\\\/wp\\\/blog\\\/le-26-avril-2026-a-19h17-des-orages-pour-le-long-week-end-du-1er-mai\\\/\"},\"wordCount\":524,\"commentCount\":0,\"publisher\":{\"@id\":\"https:\\\/\\\/meteo-sain-bel.fr\\\/wp\\\/#organization\"},\"image\":{\"@id\":\"https:\\\/\\\/meteo-sain-bel.fr\\\/wp\\\/blog\\\/le-26-avril-2026-a-19h17-des-orages-pour-le-long-week-end-du-1er-mai\\\/#primaryimage\"},\"thumbnailUrl\":\"https:\\\/\\\/meteo-sain-bel.fr\\\/wp\\\/wp-content\\\/uploads\\\/2026\\\/04\\\/meteo-week-end-1er-mai-em6s5f.png\",\"articleSection\":[\"Sources Externes\"],\"inLanguage\":\"fr-FR\",\"potentialAction\":[{\"@type\":\"CommentAction\",\"name\":\"Comment\",\"target\":[\"https:\\\/\\\/meteo-sain-bel.fr\\\/wp\\\/blog\\\/le-26-avril-2026-a-19h17-des-orages-pour-le-long-week-end-du-1er-mai\\\/#respond\"]}]},{\"@type\":\"WebPage\",\"@id\":\"https:\\\/\\\/meteo-sain-bel.fr\\\/wp\\\/blog\\\/le-26-avril-2026-a-19h17-des-orages-pour-le-long-week-end-du-1er-mai\\\/\",\"url\":\"https:\\\/\\\/meteo-sain-bel.fr\\\/wp\\\/blog\\\/le-26-avril-2026-a-19h17-des-orages-pour-le-long-week-end-du-1er-mai\\\/\",\"name\":\"le 26 avril 2026 \u00e0 19h17 Des orages pour le long week-end du 1er mai ? - Meteo Sain-Bel\",\"isPartOf\":{\"@id\":\"https:\\\/\\\/meteo-sain-bel.fr\\\/wp\\\/#website\"},\"primaryImageOfPage\":{\"@id\":\"https:\\\/\\\/meteo-sain-bel.fr\\\/wp\\\/blog\\\/le-26-avril-2026-a-19h17-des-orages-pour-le-long-week-end-du-1er-mai\\\/#primaryimage\"},\"image\":{\"@id\":\"https:\\\/\\\/meteo-sain-bel.fr\\\/wp\\\/blog\\\/le-26-avril-2026-a-19h17-des-orages-pour-le-long-week-end-du-1er-mai\\\/#primaryimage\"},\"thumbnailUrl\":\"https:\\\/\\\/meteo-sain-bel.fr\\\/wp\\\/wp-content\\\/uploads\\\/2026\\\/04\\\/meteo-week-end-1er-mai-em6s5f.png\",\"datePublished\":\"2026-04-26T19:17:15+00:00\",\"breadcrumb\":{\"@id\":\"https:\\\/\\\/meteo-sain-bel.fr\\\/wp\\\/blog\\\/le-26-avril-2026-a-19h17-des-orages-pour-le-long-week-end-du-1er-mai\\\/#breadcrumb\"},\"inLanguage\":\"fr-FR\",\"potentialAction\":[{\"@type\":\"ReadAction\",\"target\":[\"https:\\\/\\\/meteo-sain-bel.fr\\\/wp\\\/blog\\\/le-26-avril-2026-a-19h17-des-orages-pour-le-long-week-end-du-1er-mai\\\/\"]}]},{\"@type\":\"ImageObject\",\"inLanguage\":\"fr-FR\",\"@id\":\"https:\\\/\\\/meteo-sain-bel.fr\\\/wp\\\/blog\\\/le-26-avril-2026-a-19h17-des-orages-pour-le-long-week-end-du-1er-mai\\\/#primaryimage\",\"url\":\"https:\\\/\\\/meteo-sain-bel.fr\\\/wp\\\/wp-content\\\/uploads\\\/2026\\\/04\\\/meteo-week-end-1er-mai-em6s5f.png\",\"contentUrl\":\"https:\\\/\\\/meteo-sain-bel.fr\\\/wp\\\/wp-content\\\/uploads\\\/2026\\\/04\\\/meteo-week-end-1er-mai-em6s5f.png\",\"width\":1200,\"height\":675},{\"@type\":\"BreadcrumbList\",\"@id\":\"https:\\\/\\\/meteo-sain-bel.fr\\\/wp\\\/blog\\\/le-26-avril-2026-a-19h17-des-orages-pour-le-long-week-end-du-1er-mai\\\/#breadcrumb\",\"itemListElement\":[{\"@type\":\"ListItem\",\"position\":1,\"name\":\"Accueil\",\"item\":\"https:\\\/\\\/meteo-sain-bel.fr\\\/wp\\\/\"},{\"@type\":\"ListItem\",\"position\":2,\"name\":\"le 26 avril 2026 \u00e0 19h17 Des orages pour le long week-end du 1er mai ?\"}]},{\"@type\":\"WebSite\",\"@id\":\"https:\\\/\\\/meteo-sain-bel.fr\\\/wp\\\/#website\",\"url\":\"https:\\\/\\\/meteo-sain-bel.fr\\\/wp\\\/\",\"name\":\"Meteo Sain-Bel\",\"description\":\"Station m\u00e9t\u00e9orologique, donn\u00e9es en temps r\u00e9el 24h\\\/24 et Webcam \u00e0 Sain-Bel (69210) Pays de l\u2019Arbresle, 69 Rh\u00f4ne, France\",\"publisher\":{\"@id\":\"https:\\\/\\\/meteo-sain-bel.fr\\\/wp\\\/#organization\"},\"alternateName\":\"Site m\u00e9t\u00e9o de Sain-Bel, Rh\u00f4ne\",\"potentialAction\":[{\"@type\":\"SearchAction\",\"target\":{\"@type\":\"EntryPoint\",\"urlTemplate\":\"https:\\\/\\\/meteo-sain-bel.fr\\\/wp\\\/?s={search_term_string}\"},\"query-input\":{\"@type\":\"PropertyValueSpecification\",\"valueRequired\":true,\"valueName\":\"search_term_string\"}}],\"inLanguage\":\"fr-FR\"},{\"@type\":\"Organization\",\"@id\":\"https:\\\/\\\/meteo-sain-bel.fr\\\/wp\\\/#organization\",\"name\":\"Meteo Sain-Bel\",\"url\":\"https:\\\/\\\/meteo-sain-bel.fr\\\/wp\\\/\",\"logo\":{\"@type\":\"ImageObject\",\"inLanguage\":\"fr-FR\",\"@id\":\"https:\\\/\\\/meteo-sain-bel.fr\\\/wp\\\/#\\\/schema\\\/logo\\\/image\\\/\",\"url\":\"https:\\\/\\\/meteo-sain-bel.fr\\\/wp\\\/wp-content\\\/uploads\\\/2024\\\/07\\\/cropped-cropped-Capture-decran-2024-07-13-065002.png\",\"contentUrl\":\"https:\\\/\\\/meteo-sain-bel.fr\\\/wp\\\/wp-content\\\/uploads\\\/2024\\\/07\\\/cropped-cropped-Capture-decran-2024-07-13-065002.png\",\"width\":336,\"height\":283,\"caption\":\"Meteo Sain-Bel\"},\"image\":{\"@id\":\"https:\\\/\\\/meteo-sain-bel.fr\\\/wp\\\/#\\\/schema\\\/logo\\\/image\\\/\"},\"sameAs\":[\"https:\\\/\\\/www.facebook.com\\\/meteosainbel\",\"https:\\\/\\\/x.com\\\/pichej\",\"https:\\\/\\\/www.instagram.com\\\/pichej\"]},{\"@type\":\"Person\",\"@id\":\"https:\\\/\\\/meteo-sain-bel.fr\\\/wp\\\/#\\\/schema\\\/person\\\/01aaa16bd38fc34093b74f9fe631ce9f\",\"name\":\"Webmaster Meteo Sain-Bel\",\"image\":{\"@type\":\"ImageObject\",\"inLanguage\":\"fr-FR\",\"@id\":\"https:\\\/\\\/secure.gravatar.com\\\/avatar\\\/fbbe8b1b88f3bedc77cf954f56a4f23bb0cac63f504868560f513f1ccb1405ee?s=96&r=g\",\"url\":\"https:\\\/\\\/secure.gravatar.com\\\/avatar\\\/fbbe8b1b88f3bedc77cf954f56a4f23bb0cac63f504868560f513f1ccb1405ee?s=96&r=g\",\"contentUrl\":\"https:\\\/\\\/secure.gravatar.com\\\/avatar\\\/fbbe8b1b88f3bedc77cf954f56a4f23bb0cac63f504868560f513f1ccb1405ee?s=96&r=g\",\"caption\":\"Webmaster Meteo Sain-Bel\"},\"sameAs\":[\"http:\\\/\\\/meteo-sain-bel.fr\\\/wp\"],\"url\":\"https:\\\/\\\/meteo-sain-bel.fr\\\/wp\\\/blog\\\/author\\\/admin\\\/\"}]}<\/script>\n<!-- \/ Yoast SEO plugin. -->","yoast_head_json":{"title":"le 26 avril 2026 \u00e0 19h17 Des orages pour le long week-end du 1er mai ? - Meteo Sain-Bel","robots":{"index":"index","follow":"follow","max-snippet":"max-snippet:-1","max-image-preview":"max-image-preview:large","max-video-preview":"max-video-preview:-1"},"canonical":"https:\/\/meteo-sain-bel.fr\/wp\/blog\/le-26-avril-2026-a-19h17-des-orages-pour-le-long-week-end-du-1er-mai\/","og_locale":"fr_FR","og_type":"article","og_title":"le 26 avril 2026 \u00e0 19h17 Des orages pour le long week-end du 1er mai ? - Meteo Sain-Bel","og_description":"M\u00e9t\u00e9o\u00a0 Republi\u00e9 via Innoreader Lire la Suite Le week-end prolong\u00e9 du 1er mai approche. Les tendances misent sur des temp\u00e9ratures assez \u00e9lev\u00e9es mais aussi sur [&hellip;]","og_url":"https:\/\/meteo-sain-bel.fr\/wp\/blog\/le-26-avril-2026-a-19h17-des-orages-pour-le-long-week-end-du-1er-mai\/","og_site_name":"Meteo Sain-Bel","article_publisher":"https:\/\/www.facebook.com\/meteosainbel","article_published_time":"2026-04-26T19:17:15+00:00","og_image":[{"url":"https:\/\/www.meteo-paris.com\/uploads\/actu\/meteo-week-end-1er-mai.png","type":"","width":"","height":""}],"author":"Webmaster Meteo Sain-Bel","twitter_card":"summary_large_image","twitter_creator":"@pichej","twitter_site":"@pichej","schema":{"@context":"https:\/\/schema.org","@graph":[{"@type":"Article","@id":"https:\/\/meteo-sain-bel.fr\/wp\/blog\/le-26-avril-2026-a-19h17-des-orages-pour-le-long-week-end-du-1er-mai\/#article","isPartOf":{"@id":"https:\/\/meteo-sain-bel.fr\/wp\/blog\/le-26-avril-2026-a-19h17-des-orages-pour-le-long-week-end-du-1er-mai\/"},"author":{"name":"Webmaster Meteo Sain-Bel","@id":"https:\/\/meteo-sain-bel.fr\/wp\/#\/schema\/person\/01aaa16bd38fc34093b74f9fe631ce9f"},"headline":"le 26 avril 2026 \u00e0 19h17 Des orages pour le long week-end du 1er mai ?","datePublished":"2026-04-26T19:17:15+00:00","mainEntityOfPage":{"@id":"https:\/\/meteo-sain-bel.fr\/wp\/blog\/le-26-avril-2026-a-19h17-des-orages-pour-le-long-week-end-du-1er-mai\/"},"wordCount":524,"commentCount":0,"publisher":{"@id":"https:\/\/meteo-sain-bel.fr\/wp\/#organization"},"image":{"@id":"https:\/\/meteo-sain-bel.fr\/wp\/blog\/le-26-avril-2026-a-19h17-des-orages-pour-le-long-week-end-du-1er-mai\/#primaryimage"},"thumbnailUrl":"https:\/\/meteo-sain-bel.fr\/wp\/wp-content\/uploads\/2026\/04\/meteo-week-end-1er-mai-em6s5f.png","articleSection":["Sources Externes"],"inLanguage":"fr-FR","potentialAction":[{"@type":"CommentAction","name":"Comment","target":["https:\/\/meteo-sain-bel.fr\/wp\/blog\/le-26-avril-2026-a-19h17-des-orages-pour-le-long-week-end-du-1er-mai\/#respond"]}]},{"@type":"WebPage","@id":"https:\/\/meteo-sain-bel.fr\/wp\/blog\/le-26-avril-2026-a-19h17-des-orages-pour-le-long-week-end-du-1er-mai\/","url":"https:\/\/meteo-sain-bel.fr\/wp\/blog\/le-26-avril-2026-a-19h17-des-orages-pour-le-long-week-end-du-1er-mai\/","name":"le 26 avril 2026 \u00e0 19h17 Des orages pour le long week-end du 1er mai ? - Meteo Sain-Bel","isPartOf":{"@id":"https:\/\/meteo-sain-bel.fr\/wp\/#website"},"primaryImageOfPage":{"@id":"https:\/\/meteo-sain-bel.fr\/wp\/blog\/le-26-avril-2026-a-19h17-des-orages-pour-le-long-week-end-du-1er-mai\/#primaryimage"},"image":{"@id":"https:\/\/meteo-sain-bel.fr\/wp\/blog\/le-26-avril-2026-a-19h17-des-orages-pour-le-long-week-end-du-1er-mai\/#primaryimage"},"thumbnailUrl":"https:\/\/meteo-sain-bel.fr\/wp\/wp-content\/uploads\/2026\/04\/meteo-week-end-1er-mai-em6s5f.png","datePublished":"2026-04-26T19:17:15+00:00","breadcrumb":{"@id":"https:\/\/meteo-sain-bel.fr\/wp\/blog\/le-26-avril-2026-a-19h17-des-orages-pour-le-long-week-end-du-1er-mai\/#breadcrumb"},"inLanguage":"fr-FR","potentialAction":[{"@type":"ReadAction","target":["https:\/\/meteo-sain-bel.fr\/wp\/blog\/le-26-avril-2026-a-19h17-des-orages-pour-le-long-week-end-du-1er-mai\/"]}]},{"@type":"ImageObject","inLanguage":"fr-FR","@id":"https:\/\/meteo-sain-bel.fr\/wp\/blog\/le-26-avril-2026-a-19h17-des-orages-pour-le-long-week-end-du-1er-mai\/#primaryimage","url":"https:\/\/meteo-sain-bel.fr\/wp\/wp-content\/uploads\/2026\/04\/meteo-week-end-1er-mai-em6s5f.png","contentUrl":"https:\/\/meteo-sain-bel.fr\/wp\/wp-content\/uploads\/2026\/04\/meteo-week-end-1er-mai-em6s5f.png","width":1200,"height":675},{"@type":"BreadcrumbList","@id":"https:\/\/meteo-sain-bel.fr\/wp\/blog\/le-26-avril-2026-a-19h17-des-orages-pour-le-long-week-end-du-1er-mai\/#breadcrumb","itemListElement":[{"@type":"ListItem","position":1,"name":"Accueil","item":"https:\/\/meteo-sain-bel.fr\/wp\/"},{"@type":"ListItem","position":2,"name":"le 26 avril 2026 \u00e0 19h17 Des orages pour le long week-end du 1er mai ?"}]},{"@type":"WebSite","@id":"https:\/\/meteo-sain-bel.fr\/wp\/#website","url":"https:\/\/meteo-sain-bel.fr\/wp\/","name":"Meteo Sain-Bel","description":"Station m\u00e9t\u00e9orologique, donn\u00e9es en temps r\u00e9el 24h\/24 et Webcam \u00e0 Sain-Bel (69210) Pays de l\u2019Arbresle, 69 Rh\u00f4ne, France","publisher":{"@id":"https:\/\/meteo-sain-bel.fr\/wp\/#organization"},"alternateName":"Site m\u00e9t\u00e9o de Sain-Bel, Rh\u00f4ne","potentialAction":[{"@type":"SearchAction","target":{"@type":"EntryPoint","urlTemplate":"https:\/\/meteo-sain-bel.fr\/wp\/?s={search_term_string}"},"query-input":{"@type":"PropertyValueSpecification","valueRequired":true,"valueName":"search_term_string"}}],"inLanguage":"fr-FR"},{"@type":"Organization","@id":"https:\/\/meteo-sain-bel.fr\/wp\/#organization","name":"Meteo Sain-Bel","url":"https:\/\/meteo-sain-bel.fr\/wp\/","logo":{"@type":"ImageObject","inLanguage":"fr-FR","@id":"https:\/\/meteo-sain-bel.fr\/wp\/#\/schema\/logo\/image\/","url":"https:\/\/meteo-sain-bel.fr\/wp\/wp-content\/uploads\/2024\/07\/cropped-cropped-Capture-decran-2024-07-13-065002.png","contentUrl":"https:\/\/meteo-sain-bel.fr\/wp\/wp-content\/uploads\/2024\/07\/cropped-cropped-Capture-decran-2024-07-13-065002.png","width":336,"height":283,"caption":"Meteo Sain-Bel"},"image":{"@id":"https:\/\/meteo-sain-bel.fr\/wp\/#\/schema\/logo\/image\/"},"sameAs":["https:\/\/www.facebook.com\/meteosainbel","https:\/\/x.com\/pichej","https:\/\/www.instagram.com\/pichej"]},{"@type":"Person","@id":"https:\/\/meteo-sain-bel.fr\/wp\/#\/schema\/person\/01aaa16bd38fc34093b74f9fe631ce9f","name":"Webmaster Meteo Sain-Bel","image":{"@type":"ImageObject","inLanguage":"fr-FR","@id":"https:\/\/secure.gravatar.com\/avatar\/fbbe8b1b88f3bedc77cf954f56a4f23bb0cac63f504868560f513f1ccb1405ee?s=96&r=g","url":"https:\/\/secure.gravatar.com\/avatar\/fbbe8b1b88f3bedc77cf954f56a4f23bb0cac63f504868560f513f1ccb1405ee?s=96&r=g","contentUrl":"https:\/\/secure.gravatar.com\/avatar\/fbbe8b1b88f3bedc77cf954f56a4f23bb0cac63f504868560f513f1ccb1405ee?s=96&r=g","caption":"Webmaster Meteo Sain-Bel"},"sameAs":["http:\/\/meteo-sain-bel.fr\/wp"],"url":"https:\/\/meteo-sain-bel.fr\/wp\/blog\/author\/admin\/"}]}},"uagb_featured_image_src":{"full":["https:\/\/meteo-sain-bel.fr\/wp\/wp-content\/uploads\/2026\/04\/meteo-week-end-1er-mai-em6s5f.png",1200,675,false],"thumbnail":["https:\/\/meteo-sain-bel.fr\/wp\/wp-content\/uploads\/2026\/04\/meteo-week-end-1er-mai-em6s5f-150x150.png",150,150,true],"medium":["https:\/\/meteo-sain-bel.fr\/wp\/wp-content\/uploads\/2026\/04\/meteo-week-end-1er-mai-em6s5f-300x169.png",300,169,true],"medium_large":["https:\/\/meteo-sain-bel.fr\/wp\/wp-content\/uploads\/2026\/04\/meteo-week-end-1er-mai-em6s5f-768x432.png",768,432,true],"large":["https:\/\/meteo-sain-bel.fr\/wp\/wp-content\/uploads\/2026\/04\/meteo-week-end-1er-mai-em6s5f-1024x576.png",1024,576,true],"1536x1536":["https:\/\/meteo-sain-bel.fr\/wp\/wp-content\/uploads\/2026\/04\/meteo-week-end-1er-mai-em6s5f.png",1200,675,false],"2048x2048":["https:\/\/meteo-sain-bel.fr\/wp\/wp-content\/uploads\/2026\/04\/meteo-week-end-1er-mai-em6s5f.png",1200,675,false]},"uagb_author_info":{"display_name":"Webmaster Meteo Sain-Bel","author_link":"https:\/\/meteo-sain-bel.fr\/wp\/blog\/author\/admin\/"},"uagb_comment_info":0,"uagb_excerpt":"M\u00e9t\u00e9o\u00a0 Republi\u00e9 via Innoreader Lire la Suite Le week-end prolong\u00e9 du 1er mai approche. Les tendances misent sur des temp\u00e9ratures assez \u00e9lev\u00e9es mais aussi sur [&hellip;]","_links":{"self":[{"href":"https:\/\/meteo-sain-bel.fr\/wp\/wp-json\/wp\/v2\/posts\/7533","targetHints":{"allow":["GET"]}}],"collection":[{"href":"https:\/\/meteo-sain-bel.fr\/wp\/wp-json\/wp\/v2\/posts"}],"about":[{"href":"https:\/\/meteo-sain-bel.fr\/wp\/wp-json\/wp\/v2\/types\/post"}],"author":[{"embeddable":true,"href":"https:\/\/meteo-sain-bel.fr\/wp\/wp-json\/wp\/v2\/users\/1"}],"replies":[{"embeddable":true,"href":"https:\/\/meteo-sain-bel.fr\/wp\/wp-json\/wp\/v2\/comments?post=7533"}],"version-history":[{"count":0,"href":"https:\/\/meteo-sain-bel.fr\/wp\/wp-json\/wp\/v2\/posts\/7533\/revisions"}],"wp:featuredmedia":[{"embeddable":true,"href":"https:\/\/meteo-sain-bel.fr\/wp\/wp-json\/wp\/v2\/media\/7534"}],"wp:attachment":[{"href":"https:\/\/meteo-sain-bel.fr\/wp\/wp-json\/wp\/v2\/media?parent=7533"}],"wp:term":[{"taxonomy":"category","embeddable":true,"href":"https:\/\/meteo-sain-bel.fr\/wp\/wp-json\/wp\/v2\/categories?post=7533"},{"taxonomy":"post_tag","embeddable":true,"href":"https:\/\/meteo-sain-bel.fr\/wp\/wp-json\/wp\/v2\/tags?post=7533"}],"curies":[{"name":"wp","href":"https:\/\/api.w.org\/{rel}","templated":true}]}}