{"id":6630,"date":"2026-01-09T01:27:53","date_gmt":"2026-01-09T00:27:53","guid":{"rendered":"https:\/\/meteo-sain-bel.fr\/wp\/blog\/le-9-janvier-2026-a-0h27-goretti-point-a-minuit-le-seuil-des-200-km-h-franchi-dans-la-manche\/"},"modified":"2026-01-09T01:27:53","modified_gmt":"2026-01-09T00:27:53","slug":"le-9-janvier-2026-a-0h27-goretti-point-a-minuit-le-seuil-des-200-km-h-franchi-dans-la-manche","status":"publish","type":"post","link":"https:\/\/meteo-sain-bel.fr\/wp\/blog\/le-9-janvier-2026-a-0h27-goretti-point-a-minuit-le-seuil-des-200-km-h-franchi-dans-la-manche\/","title":{"rendered":"le 9 janvier 2026 \u00e0 0h27  #Goretti  \nPoint \u00e0 minuit  \nLe seuil des 200 km\/h franchi dans la Manche !"},"content":{"rendered":"<p>M\u00e9t\u00e9o\u00a0 Republi\u00e9 via Innoreader <a href=\"https:\/\/www.facebook.com\/457169573107335\/posts\/1286918326799118\" target=\"_blank\" class=\"feedzy-rss-link-icon\">Lire la Suite<\/a><\/p>\n<p><a href=\"https:\/\/facebook.com\/hashtag\/Goretti\">#Goretti<\/a><br \/> <br \/>\nPoint \u00e0 minuit<br \/> <br \/>\nLe seuil des 200 km\/h franchi dans la Manche !<\/p>\n<p><a href=\"https:\/\/www.facebook.com\/photo.php?fbid=1286918073465810&amp;set=a.457167346440891&amp;type=3\"><img decoding=\"async\" src=\"https:\/\/scontent.fsof11-1.fna.fbcdn.net\/v\/t39.30808-6\/611869942_1286918076799143_1545427212433105275_n.jpg?stp=dst-jpg_p720x720_tt6&amp;_nc_cat=107&amp;ccb=1-7&amp;_nc_sid=127cfc&amp;_nc_ohc=aexDP3OZd5cQ7kNvwGuBLbm&amp;_nc_oc=AdkaVL54RPtu1ZujfoU8kLRok1NSzZdNhXJf_fVlMiisbnjX_PfKVMIYxOT6Pno2Qw8&amp;_nc_zt=23&amp;_nc_ht=scontent.fsof11-1.fna&amp;edm=AKIiGfEEAAAA&amp;_nc_gid=aAzdZ8r-SZnf001HCuDP4A&amp;_nc_tpa=Q5bMBQFf36RSJqkYSgp6mcSKuVnzXPWuihwG415pr7B0WNq-f-ejQZinMWgrzhdZUBaGQledUer3e5js&amp;oh=00_Afp_QwlC9JskXr82Wl3-dN7QQRmNpnBBF9D3byp75bJkAw&amp;oe=6966240A\" alt=\"611869942_1286918076799143_1545427212433\" \/><\/a><\/p>","protected":false},"excerpt":{"rendered":"<p>M\u00e9t\u00e9o\u00a0 Republi\u00e9 via Innoreader Lire la Suite #Goretti Point \u00e0 minuit Le seuil des 200 km\/h franchi dans la Manche !<\/p>\n","protected":false},"author":1,"featured_media":6631,"comment_status":"open","ping_status":"open","sticky":false,"template":"","format":"standard","meta":{"content-type":"","_uag_custom_page_level_css":"","site-sidebar-layout":"default","site-content-layout":"","ast-site-content-layout":"default","site-content-style":"default","site-sidebar-style":"default","ast-global-header-display":"","ast-banner-title-visibility":"","ast-main-header-display":"","ast-hfb-above-header-display":"","ast-hfb-below-header-display":"","ast-hfb-mobile-header-display":"","site-post-title":"","ast-breadcrumbs-content":"","ast-featured-img":"","footer-sml-layout":"","ast-disable-related-posts":"","theme-transparent-header-meta":"","adv-header-id-meta":"","stick-header-meta":"","header-above-stick-meta":"","header-main-stick-meta":"","header-below-stick-meta":"","astra-migrate-meta-layouts":"default","ast-page-background-enabled":"default","ast-page-background-meta":{"desktop":{"background-color":"var(--ast-global-color-4)","background-image":"","background-repeat":"repeat","background-position":"center center","background-size":"auto","background-attachment":"scroll","background-type":"","background-media":"","overlay-type":"","overlay-color":"","overlay-opacity":"","overlay-gradient":""},"tablet":{"background-color":"","background-image":"","background-repeat":"repeat","background-position":"center center","background-size":"auto","background-attachment":"scroll","background-type":"","background-media":"","overlay-type":"","overlay-color":"","overlay-opacity":"","overlay-gradient":""},"mobile":{"background-color":"","background-image":"","background-repeat":"repeat","background-position":"center center","background-size":"auto","background-attachment":"scroll","background-type":"","background-media":"","overlay-type":"","overlay-color":"","overlay-opacity":"","overlay-gradient":""}},"ast-content-background-meta":{"desktop":{"background-color":"var(--ast-global-color-5)","background-image":"","background-repeat":"repeat","background-position":"center center","background-size":"auto","background-attachment":"scroll","background-type":"","background-media":"","overlay-type":"","overlay-color":"","overlay-opacity":"","overlay-gradient":""},"tablet":{"background-color":"var(--ast-global-color-5)","background-image":"","background-repeat":"repeat","background-position":"center center","background-size":"auto","background-attachment":"scroll","background-type":"","background-media":"","overlay-type":"","overlay-color":"","overlay-opacity":"","overlay-gradient":""},"mobile":{"background-color":"var(--ast-global-color-5)","background-image":"","background-repeat":"repeat","background-position":"center center","background-size":"auto","background-attachment":"scroll","background-type":"","background-media":"","overlay-type":"","overlay-color":"","overlay-opacity":"","overlay-gradient":""}},"footnotes":""},"categories":[6],"tags":[],"class_list":["post-6630","post","type-post","status-publish","format-standard","has-post-thumbnail","hentry","category-externes"],"yoast_head":"<!-- This site is optimized with the Yoast SEO plugin v27.4 - https:\/\/yoast.com\/product\/yoast-seo-wordpress\/ -->\n<title>le 9 janvier 2026 \u00e0 0h27 #Goretti  Point \u00e0 minuit  Le seuil des 200 km\/h franchi dans la Manche ! - Meteo Sain-Bel<\/title>\n<meta name=\"robots\" content=\"index, follow, max-snippet:-1, max-image-preview:large, max-video-preview:-1\" \/>\n<link rel=\"canonical\" href=\"https:\/\/meteo-sain-bel.fr\/wp\/blog\/le-9-janvier-2026-a-0h27-goretti-point-a-minuit-le-seuil-des-200-km-h-franchi-dans-la-manche\/\" \/>\n<meta property=\"og:locale\" content=\"fr_FR\" \/>\n<meta property=\"og:type\" content=\"article\" \/>\n<meta property=\"og:title\" content=\"le 9 janvier 2026 \u00e0 0h27 #Goretti  Point \u00e0 minuit  Le seuil des 200 km\/h franchi dans la Manche ! - Meteo Sain-Bel\" \/>\n<meta property=\"og:description\" content=\"M\u00e9t\u00e9o\u00a0 Republi\u00e9 via Innoreader Lire la Suite #Goretti Point \u00e0 minuit Le seuil des 200 km\/h franchi dans la Manche !\" \/>\n<meta property=\"og:url\" content=\"https:\/\/meteo-sain-bel.fr\/wp\/blog\/le-9-janvier-2026-a-0h27-goretti-point-a-minuit-le-seuil-des-200-km-h-franchi-dans-la-manche\/\" \/>\n<meta property=\"og:site_name\" content=\"Meteo Sain-Bel\" \/>\n<meta property=\"article:publisher\" content=\"https:\/\/www.facebook.com\/meteosainbel\" \/>\n<meta property=\"article:published_time\" content=\"2026-01-09T00:27:53+00:00\" \/>\n<meta property=\"og:image\" content=\"https:\/\/scontent.fsof11-1.fna.fbcdn.net\/v\/t39.30808-6\/611869942_1286918076799143_1545427212433105275_n.jpg?stp=dst-jpg_p720x720_tt6&amp;_nc_cat=107&amp;ccb=1-7&amp;_nc_sid=127cfc&amp;_nc_ohc=aexDP3OZd5cQ7kNvwGuBLbm&amp;_nc_oc=AdkaVL54RPtu1ZujfoU8kLRok1NSzZdNhXJf_fVlMiisbnjX_PfKVMIYxOT6Pno2Qw8&amp;_nc_zt=23&amp;_nc_ht=scontent.fsof11-1.fna&amp;edm=AKIiGfEEAAAA&amp;_nc_gid=aAzdZ8r-SZnf001HCuDP4A&amp;_nc_tpa=Q5bMBQFf36RSJqkYSgp6mcSKuVnzXPWuihwG415pr7B0WNq-f-ejQZinMWgrzhdZUBaGQledUer3e5js&amp;oh=00_Afp_QwlC9JskXr82Wl3-dN7QQRmNpnBBF9D3byp75bJkAw&amp;oe=6966240A\" \/>\n<meta name=\"author\" content=\"Webmaster Meteo Sain-Bel\" \/>\n<meta name=\"twitter:card\" content=\"summary_large_image\" \/>\n<meta name=\"twitter:creator\" content=\"@pichej\" \/>\n<meta name=\"twitter:site\" content=\"@pichej\" \/>\n<script type=\"application\/ld+json\" class=\"yoast-schema-graph\">{\"@context\":\"https:\\\/\\\/schema.org\",\"@graph\":[{\"@type\":\"Article\",\"@id\":\"https:\\\/\\\/meteo-sain-bel.fr\\\/wp\\\/blog\\\/le-9-janvier-2026-a-0h27-goretti-point-a-minuit-le-seuil-des-200-km-h-franchi-dans-la-manche\\\/#article\",\"isPartOf\":{\"@id\":\"https:\\\/\\\/meteo-sain-bel.fr\\\/wp\\\/blog\\\/le-9-janvier-2026-a-0h27-goretti-point-a-minuit-le-seuil-des-200-km-h-franchi-dans-la-manche\\\/\"},\"author\":{\"name\":\"Webmaster Meteo Sain-Bel\",\"@id\":\"https:\\\/\\\/meteo-sain-bel.fr\\\/wp\\\/#\\\/schema\\\/person\\\/01aaa16bd38fc34093b74f9fe631ce9f\"},\"headline\":\"le 9 janvier 2026 \u00e0 0h27 #Goretti Point \u00e0 minuit Le seuil des 200 km\\\/h franchi dans la Manche !\",\"datePublished\":\"2026-01-09T00:27:53+00:00\",\"mainEntityOfPage\":{\"@id\":\"https:\\\/\\\/meteo-sain-bel.fr\\\/wp\\\/blog\\\/le-9-janvier-2026-a-0h27-goretti-point-a-minuit-le-seuil-des-200-km-h-franchi-dans-la-manche\\\/\"},\"wordCount\":36,\"commentCount\":0,\"publisher\":{\"@id\":\"https:\\\/\\\/meteo-sain-bel.fr\\\/wp\\\/#organization\"},\"image\":{\"@id\":\"https:\\\/\\\/meteo-sain-bel.fr\\\/wp\\\/blog\\\/le-9-janvier-2026-a-0h27-goretti-point-a-minuit-le-seuil-des-200-km-h-franchi-dans-la-manche\\\/#primaryimage\"},\"thumbnailUrl\":\"https:\\\/\\\/meteo-sain-bel.fr\\\/wp\\\/wp-content\\\/uploads\\\/2026\\\/01\\\/611869942_1286918076799143_1545427212433105275_n-AysjOx.jpg\",\"articleSection\":[\"Sources Externes\"],\"inLanguage\":\"fr-FR\",\"potentialAction\":[{\"@type\":\"CommentAction\",\"name\":\"Comment\",\"target\":[\"https:\\\/\\\/meteo-sain-bel.fr\\\/wp\\\/blog\\\/le-9-janvier-2026-a-0h27-goretti-point-a-minuit-le-seuil-des-200-km-h-franchi-dans-la-manche\\\/#respond\"]}]},{\"@type\":\"WebPage\",\"@id\":\"https:\\\/\\\/meteo-sain-bel.fr\\\/wp\\\/blog\\\/le-9-janvier-2026-a-0h27-goretti-point-a-minuit-le-seuil-des-200-km-h-franchi-dans-la-manche\\\/\",\"url\":\"https:\\\/\\\/meteo-sain-bel.fr\\\/wp\\\/blog\\\/le-9-janvier-2026-a-0h27-goretti-point-a-minuit-le-seuil-des-200-km-h-franchi-dans-la-manche\\\/\",\"name\":\"le 9 janvier 2026 \u00e0 0h27 #Goretti Point \u00e0 minuit Le seuil des 200 km\\\/h franchi dans la Manche ! - Meteo Sain-Bel\",\"isPartOf\":{\"@id\":\"https:\\\/\\\/meteo-sain-bel.fr\\\/wp\\\/#website\"},\"primaryImageOfPage\":{\"@id\":\"https:\\\/\\\/meteo-sain-bel.fr\\\/wp\\\/blog\\\/le-9-janvier-2026-a-0h27-goretti-point-a-minuit-le-seuil-des-200-km-h-franchi-dans-la-manche\\\/#primaryimage\"},\"image\":{\"@id\":\"https:\\\/\\\/meteo-sain-bel.fr\\\/wp\\\/blog\\\/le-9-janvier-2026-a-0h27-goretti-point-a-minuit-le-seuil-des-200-km-h-franchi-dans-la-manche\\\/#primaryimage\"},\"thumbnailUrl\":\"https:\\\/\\\/meteo-sain-bel.fr\\\/wp\\\/wp-content\\\/uploads\\\/2026\\\/01\\\/611869942_1286918076799143_1545427212433105275_n-AysjOx.jpg\",\"datePublished\":\"2026-01-09T00:27:53+00:00\",\"breadcrumb\":{\"@id\":\"https:\\\/\\\/meteo-sain-bel.fr\\\/wp\\\/blog\\\/le-9-janvier-2026-a-0h27-goretti-point-a-minuit-le-seuil-des-200-km-h-franchi-dans-la-manche\\\/#breadcrumb\"},\"inLanguage\":\"fr-FR\",\"potentialAction\":[{\"@type\":\"ReadAction\",\"target\":[\"https:\\\/\\\/meteo-sain-bel.fr\\\/wp\\\/blog\\\/le-9-janvier-2026-a-0h27-goretti-point-a-minuit-le-seuil-des-200-km-h-franchi-dans-la-manche\\\/\"]}]},{\"@type\":\"ImageObject\",\"inLanguage\":\"fr-FR\",\"@id\":\"https:\\\/\\\/meteo-sain-bel.fr\\\/wp\\\/blog\\\/le-9-janvier-2026-a-0h27-goretti-point-a-minuit-le-seuil-des-200-km-h-franchi-dans-la-manche\\\/#primaryimage\",\"url\":\"https:\\\/\\\/meteo-sain-bel.fr\\\/wp\\\/wp-content\\\/uploads\\\/2026\\\/01\\\/611869942_1286918076799143_1545427212433105275_n-AysjOx.jpg\",\"contentUrl\":\"https:\\\/\\\/meteo-sain-bel.fr\\\/wp\\\/wp-content\\\/uploads\\\/2026\\\/01\\\/611869942_1286918076799143_1545427212433105275_n-AysjOx.jpg\",\"width\":1200,\"height\":720},{\"@type\":\"BreadcrumbList\",\"@id\":\"https:\\\/\\\/meteo-sain-bel.fr\\\/wp\\\/blog\\\/le-9-janvier-2026-a-0h27-goretti-point-a-minuit-le-seuil-des-200-km-h-franchi-dans-la-manche\\\/#breadcrumb\",\"itemListElement\":[{\"@type\":\"ListItem\",\"position\":1,\"name\":\"Accueil\",\"item\":\"https:\\\/\\\/meteo-sain-bel.fr\\\/wp\\\/\"},{\"@type\":\"ListItem\",\"position\":2,\"name\":\"le 9 janvier 2026 \u00e0 0h27 #Goretti Point \u00e0 minuit Le seuil des 200 km\\\/h franchi dans la Manche !\"}]},{\"@type\":\"WebSite\",\"@id\":\"https:\\\/\\\/meteo-sain-bel.fr\\\/wp\\\/#website\",\"url\":\"https:\\\/\\\/meteo-sain-bel.fr\\\/wp\\\/\",\"name\":\"Meteo Sain-Bel\",\"description\":\"Station m\u00e9t\u00e9orologique, donn\u00e9es en temps r\u00e9el 24h\\\/24 et Webcam \u00e0 Sain-Bel (69210) Pays de l\u2019Arbresle, 69 Rh\u00f4ne, France\",\"publisher\":{\"@id\":\"https:\\\/\\\/meteo-sain-bel.fr\\\/wp\\\/#organization\"},\"alternateName\":\"Site m\u00e9t\u00e9o de Sain-Bel, Rh\u00f4ne\",\"potentialAction\":[{\"@type\":\"SearchAction\",\"target\":{\"@type\":\"EntryPoint\",\"urlTemplate\":\"https:\\\/\\\/meteo-sain-bel.fr\\\/wp\\\/?s={search_term_string}\"},\"query-input\":{\"@type\":\"PropertyValueSpecification\",\"valueRequired\":true,\"valueName\":\"search_term_string\"}}],\"inLanguage\":\"fr-FR\"},{\"@type\":\"Organization\",\"@id\":\"https:\\\/\\\/meteo-sain-bel.fr\\\/wp\\\/#organization\",\"name\":\"Meteo Sain-Bel\",\"url\":\"https:\\\/\\\/meteo-sain-bel.fr\\\/wp\\\/\",\"logo\":{\"@type\":\"ImageObject\",\"inLanguage\":\"fr-FR\",\"@id\":\"https:\\\/\\\/meteo-sain-bel.fr\\\/wp\\\/#\\\/schema\\\/logo\\\/image\\\/\",\"url\":\"https:\\\/\\\/meteo-sain-bel.fr\\\/wp\\\/wp-content\\\/uploads\\\/2024\\\/07\\\/cropped-cropped-Capture-decran-2024-07-13-065002.png\",\"contentUrl\":\"https:\\\/\\\/meteo-sain-bel.fr\\\/wp\\\/wp-content\\\/uploads\\\/2024\\\/07\\\/cropped-cropped-Capture-decran-2024-07-13-065002.png\",\"width\":336,\"height\":283,\"caption\":\"Meteo Sain-Bel\"},\"image\":{\"@id\":\"https:\\\/\\\/meteo-sain-bel.fr\\\/wp\\\/#\\\/schema\\\/logo\\\/image\\\/\"},\"sameAs\":[\"https:\\\/\\\/www.facebook.com\\\/meteosainbel\",\"https:\\\/\\\/x.com\\\/pichej\",\"https:\\\/\\\/www.instagram.com\\\/pichej\"]},{\"@type\":\"Person\",\"@id\":\"https:\\\/\\\/meteo-sain-bel.fr\\\/wp\\\/#\\\/schema\\\/person\\\/01aaa16bd38fc34093b74f9fe631ce9f\",\"name\":\"Webmaster Meteo Sain-Bel\",\"image\":{\"@type\":\"ImageObject\",\"inLanguage\":\"fr-FR\",\"@id\":\"https:\\\/\\\/secure.gravatar.com\\\/avatar\\\/fbbe8b1b88f3bedc77cf954f56a4f23bb0cac63f504868560f513f1ccb1405ee?s=96&r=g\",\"url\":\"https:\\\/\\\/secure.gravatar.com\\\/avatar\\\/fbbe8b1b88f3bedc77cf954f56a4f23bb0cac63f504868560f513f1ccb1405ee?s=96&r=g\",\"contentUrl\":\"https:\\\/\\\/secure.gravatar.com\\\/avatar\\\/fbbe8b1b88f3bedc77cf954f56a4f23bb0cac63f504868560f513f1ccb1405ee?s=96&r=g\",\"caption\":\"Webmaster Meteo Sain-Bel\"},\"sameAs\":[\"http:\\\/\\\/meteo-sain-bel.fr\\\/wp\"],\"url\":\"https:\\\/\\\/meteo-sain-bel.fr\\\/wp\\\/blog\\\/author\\\/admin\\\/\"}]}<\/script>\n<!-- \/ Yoast SEO plugin. -->","yoast_head_json":{"title":"le 9 janvier 2026 \u00e0 0h27 #Goretti  Point \u00e0 minuit  Le seuil des 200 km\/h franchi dans la Manche ! - Meteo Sain-Bel","robots":{"index":"index","follow":"follow","max-snippet":"max-snippet:-1","max-image-preview":"max-image-preview:large","max-video-preview":"max-video-preview:-1"},"canonical":"https:\/\/meteo-sain-bel.fr\/wp\/blog\/le-9-janvier-2026-a-0h27-goretti-point-a-minuit-le-seuil-des-200-km-h-franchi-dans-la-manche\/","og_locale":"fr_FR","og_type":"article","og_title":"le 9 janvier 2026 \u00e0 0h27 #Goretti  Point \u00e0 minuit  Le seuil des 200 km\/h franchi dans la Manche ! - Meteo Sain-Bel","og_description":"M\u00e9t\u00e9o\u00a0 Republi\u00e9 via Innoreader Lire la Suite #Goretti Point \u00e0 minuit Le seuil des 200 km\/h franchi dans la Manche !","og_url":"https:\/\/meteo-sain-bel.fr\/wp\/blog\/le-9-janvier-2026-a-0h27-goretti-point-a-minuit-le-seuil-des-200-km-h-franchi-dans-la-manche\/","og_site_name":"Meteo Sain-Bel","article_publisher":"https:\/\/www.facebook.com\/meteosainbel","article_published_time":"2026-01-09T00:27:53+00:00","og_image":[{"url":"https:\/\/scontent.fsof11-1.fna.fbcdn.net\/v\/t39.30808-6\/611869942_1286918076799143_1545427212433105275_n.jpg?stp=dst-jpg_p720x720_tt6&amp;_nc_cat=107&amp;ccb=1-7&amp;_nc_sid=127cfc&amp;_nc_ohc=aexDP3OZd5cQ7kNvwGuBLbm&amp;_nc_oc=AdkaVL54RPtu1ZujfoU8kLRok1NSzZdNhXJf_fVlMiisbnjX_PfKVMIYxOT6Pno2Qw8&amp;_nc_zt=23&amp;_nc_ht=scontent.fsof11-1.fna&amp;edm=AKIiGfEEAAAA&amp;_nc_gid=aAzdZ8r-SZnf001HCuDP4A&amp;_nc_tpa=Q5bMBQFf36RSJqkYSgp6mcSKuVnzXPWuihwG415pr7B0WNq-f-ejQZinMWgrzhdZUBaGQledUer3e5js&amp;oh=00_Afp_QwlC9JskXr82Wl3-dN7QQRmNpnBBF9D3byp75bJkAw&amp;oe=6966240A","type":"","width":"","height":""}],"author":"Webmaster Meteo Sain-Bel","twitter_card":"summary_large_image","twitter_creator":"@pichej","twitter_site":"@pichej","schema":{"@context":"https:\/\/schema.org","@graph":[{"@type":"Article","@id":"https:\/\/meteo-sain-bel.fr\/wp\/blog\/le-9-janvier-2026-a-0h27-goretti-point-a-minuit-le-seuil-des-200-km-h-franchi-dans-la-manche\/#article","isPartOf":{"@id":"https:\/\/meteo-sain-bel.fr\/wp\/blog\/le-9-janvier-2026-a-0h27-goretti-point-a-minuit-le-seuil-des-200-km-h-franchi-dans-la-manche\/"},"author":{"name":"Webmaster Meteo Sain-Bel","@id":"https:\/\/meteo-sain-bel.fr\/wp\/#\/schema\/person\/01aaa16bd38fc34093b74f9fe631ce9f"},"headline":"le 9 janvier 2026 \u00e0 0h27 #Goretti Point \u00e0 minuit Le seuil des 200 km\/h franchi dans la Manche !","datePublished":"2026-01-09T00:27:53+00:00","mainEntityOfPage":{"@id":"https:\/\/meteo-sain-bel.fr\/wp\/blog\/le-9-janvier-2026-a-0h27-goretti-point-a-minuit-le-seuil-des-200-km-h-franchi-dans-la-manche\/"},"wordCount":36,"commentCount":0,"publisher":{"@id":"https:\/\/meteo-sain-bel.fr\/wp\/#organization"},"image":{"@id":"https:\/\/meteo-sain-bel.fr\/wp\/blog\/le-9-janvier-2026-a-0h27-goretti-point-a-minuit-le-seuil-des-200-km-h-franchi-dans-la-manche\/#primaryimage"},"thumbnailUrl":"https:\/\/meteo-sain-bel.fr\/wp\/wp-content\/uploads\/2026\/01\/611869942_1286918076799143_1545427212433105275_n-AysjOx.jpg","articleSection":["Sources Externes"],"inLanguage":"fr-FR","potentialAction":[{"@type":"CommentAction","name":"Comment","target":["https:\/\/meteo-sain-bel.fr\/wp\/blog\/le-9-janvier-2026-a-0h27-goretti-point-a-minuit-le-seuil-des-200-km-h-franchi-dans-la-manche\/#respond"]}]},{"@type":"WebPage","@id":"https:\/\/meteo-sain-bel.fr\/wp\/blog\/le-9-janvier-2026-a-0h27-goretti-point-a-minuit-le-seuil-des-200-km-h-franchi-dans-la-manche\/","url":"https:\/\/meteo-sain-bel.fr\/wp\/blog\/le-9-janvier-2026-a-0h27-goretti-point-a-minuit-le-seuil-des-200-km-h-franchi-dans-la-manche\/","name":"le 9 janvier 2026 \u00e0 0h27 #Goretti Point \u00e0 minuit Le seuil des 200 km\/h franchi dans la Manche ! - Meteo Sain-Bel","isPartOf":{"@id":"https:\/\/meteo-sain-bel.fr\/wp\/#website"},"primaryImageOfPage":{"@id":"https:\/\/meteo-sain-bel.fr\/wp\/blog\/le-9-janvier-2026-a-0h27-goretti-point-a-minuit-le-seuil-des-200-km-h-franchi-dans-la-manche\/#primaryimage"},"image":{"@id":"https:\/\/meteo-sain-bel.fr\/wp\/blog\/le-9-janvier-2026-a-0h27-goretti-point-a-minuit-le-seuil-des-200-km-h-franchi-dans-la-manche\/#primaryimage"},"thumbnailUrl":"https:\/\/meteo-sain-bel.fr\/wp\/wp-content\/uploads\/2026\/01\/611869942_1286918076799143_1545427212433105275_n-AysjOx.jpg","datePublished":"2026-01-09T00:27:53+00:00","breadcrumb":{"@id":"https:\/\/meteo-sain-bel.fr\/wp\/blog\/le-9-janvier-2026-a-0h27-goretti-point-a-minuit-le-seuil-des-200-km-h-franchi-dans-la-manche\/#breadcrumb"},"inLanguage":"fr-FR","potentialAction":[{"@type":"ReadAction","target":["https:\/\/meteo-sain-bel.fr\/wp\/blog\/le-9-janvier-2026-a-0h27-goretti-point-a-minuit-le-seuil-des-200-km-h-franchi-dans-la-manche\/"]}]},{"@type":"ImageObject","inLanguage":"fr-FR","@id":"https:\/\/meteo-sain-bel.fr\/wp\/blog\/le-9-janvier-2026-a-0h27-goretti-point-a-minuit-le-seuil-des-200-km-h-franchi-dans-la-manche\/#primaryimage","url":"https:\/\/meteo-sain-bel.fr\/wp\/wp-content\/uploads\/2026\/01\/611869942_1286918076799143_1545427212433105275_n-AysjOx.jpg","contentUrl":"https:\/\/meteo-sain-bel.fr\/wp\/wp-content\/uploads\/2026\/01\/611869942_1286918076799143_1545427212433105275_n-AysjOx.jpg","width":1200,"height":720},{"@type":"BreadcrumbList","@id":"https:\/\/meteo-sain-bel.fr\/wp\/blog\/le-9-janvier-2026-a-0h27-goretti-point-a-minuit-le-seuil-des-200-km-h-franchi-dans-la-manche\/#breadcrumb","itemListElement":[{"@type":"ListItem","position":1,"name":"Accueil","item":"https:\/\/meteo-sain-bel.fr\/wp\/"},{"@type":"ListItem","position":2,"name":"le 9 janvier 2026 \u00e0 0h27 #Goretti Point \u00e0 minuit Le seuil des 200 km\/h franchi dans la Manche !"}]},{"@type":"WebSite","@id":"https:\/\/meteo-sain-bel.fr\/wp\/#website","url":"https:\/\/meteo-sain-bel.fr\/wp\/","name":"Meteo Sain-Bel","description":"Station m\u00e9t\u00e9orologique, donn\u00e9es en temps r\u00e9el 24h\/24 et Webcam \u00e0 Sain-Bel (69210) Pays de l\u2019Arbresle, 69 Rh\u00f4ne, France","publisher":{"@id":"https:\/\/meteo-sain-bel.fr\/wp\/#organization"},"alternateName":"Site m\u00e9t\u00e9o de Sain-Bel, Rh\u00f4ne","potentialAction":[{"@type":"SearchAction","target":{"@type":"EntryPoint","urlTemplate":"https:\/\/meteo-sain-bel.fr\/wp\/?s={search_term_string}"},"query-input":{"@type":"PropertyValueSpecification","valueRequired":true,"valueName":"search_term_string"}}],"inLanguage":"fr-FR"},{"@type":"Organization","@id":"https:\/\/meteo-sain-bel.fr\/wp\/#organization","name":"Meteo Sain-Bel","url":"https:\/\/meteo-sain-bel.fr\/wp\/","logo":{"@type":"ImageObject","inLanguage":"fr-FR","@id":"https:\/\/meteo-sain-bel.fr\/wp\/#\/schema\/logo\/image\/","url":"https:\/\/meteo-sain-bel.fr\/wp\/wp-content\/uploads\/2024\/07\/cropped-cropped-Capture-decran-2024-07-13-065002.png","contentUrl":"https:\/\/meteo-sain-bel.fr\/wp\/wp-content\/uploads\/2024\/07\/cropped-cropped-Capture-decran-2024-07-13-065002.png","width":336,"height":283,"caption":"Meteo Sain-Bel"},"image":{"@id":"https:\/\/meteo-sain-bel.fr\/wp\/#\/schema\/logo\/image\/"},"sameAs":["https:\/\/www.facebook.com\/meteosainbel","https:\/\/x.com\/pichej","https:\/\/www.instagram.com\/pichej"]},{"@type":"Person","@id":"https:\/\/meteo-sain-bel.fr\/wp\/#\/schema\/person\/01aaa16bd38fc34093b74f9fe631ce9f","name":"Webmaster Meteo Sain-Bel","image":{"@type":"ImageObject","inLanguage":"fr-FR","@id":"https:\/\/secure.gravatar.com\/avatar\/fbbe8b1b88f3bedc77cf954f56a4f23bb0cac63f504868560f513f1ccb1405ee?s=96&r=g","url":"https:\/\/secure.gravatar.com\/avatar\/fbbe8b1b88f3bedc77cf954f56a4f23bb0cac63f504868560f513f1ccb1405ee?s=96&r=g","contentUrl":"https:\/\/secure.gravatar.com\/avatar\/fbbe8b1b88f3bedc77cf954f56a4f23bb0cac63f504868560f513f1ccb1405ee?s=96&r=g","caption":"Webmaster Meteo Sain-Bel"},"sameAs":["http:\/\/meteo-sain-bel.fr\/wp"],"url":"https:\/\/meteo-sain-bel.fr\/wp\/blog\/author\/admin\/"}]}},"uagb_featured_image_src":{"full":["https:\/\/meteo-sain-bel.fr\/wp\/wp-content\/uploads\/2026\/01\/611869942_1286918076799143_1545427212433105275_n-AysjOx.jpg",1200,720,false],"thumbnail":["https:\/\/meteo-sain-bel.fr\/wp\/wp-content\/uploads\/2026\/01\/611869942_1286918076799143_1545427212433105275_n-AysjOx-150x150.jpg",150,150,true],"medium":["https:\/\/meteo-sain-bel.fr\/wp\/wp-content\/uploads\/2026\/01\/611869942_1286918076799143_1545427212433105275_n-AysjOx-300x180.jpg",300,180,true],"medium_large":["https:\/\/meteo-sain-bel.fr\/wp\/wp-content\/uploads\/2026\/01\/611869942_1286918076799143_1545427212433105275_n-AysjOx-768x461.jpg",768,461,true],"large":["https:\/\/meteo-sain-bel.fr\/wp\/wp-content\/uploads\/2026\/01\/611869942_1286918076799143_1545427212433105275_n-AysjOx-1024x614.jpg",1024,614,true],"1536x1536":["https:\/\/meteo-sain-bel.fr\/wp\/wp-content\/uploads\/2026\/01\/611869942_1286918076799143_1545427212433105275_n-AysjOx.jpg",1200,720,false],"2048x2048":["https:\/\/meteo-sain-bel.fr\/wp\/wp-content\/uploads\/2026\/01\/611869942_1286918076799143_1545427212433105275_n-AysjOx.jpg",1200,720,false]},"uagb_author_info":{"display_name":"Webmaster Meteo Sain-Bel","author_link":"https:\/\/meteo-sain-bel.fr\/wp\/blog\/author\/admin\/"},"uagb_comment_info":0,"uagb_excerpt":"M\u00e9t\u00e9o\u00a0 Republi\u00e9 via Innoreader Lire la Suite #Goretti Point \u00e0 minuit Le seuil des 200 km\/h franchi dans la Manche !","_links":{"self":[{"href":"https:\/\/meteo-sain-bel.fr\/wp\/wp-json\/wp\/v2\/posts\/6630","targetHints":{"allow":["GET"]}}],"collection":[{"href":"https:\/\/meteo-sain-bel.fr\/wp\/wp-json\/wp\/v2\/posts"}],"about":[{"href":"https:\/\/meteo-sain-bel.fr\/wp\/wp-json\/wp\/v2\/types\/post"}],"author":[{"embeddable":true,"href":"https:\/\/meteo-sain-bel.fr\/wp\/wp-json\/wp\/v2\/users\/1"}],"replies":[{"embeddable":true,"href":"https:\/\/meteo-sain-bel.fr\/wp\/wp-json\/wp\/v2\/comments?post=6630"}],"version-history":[{"count":0,"href":"https:\/\/meteo-sain-bel.fr\/wp\/wp-json\/wp\/v2\/posts\/6630\/revisions"}],"wp:featuredmedia":[{"embeddable":true,"href":"https:\/\/meteo-sain-bel.fr\/wp\/wp-json\/wp\/v2\/media\/6631"}],"wp:attachment":[{"href":"https:\/\/meteo-sain-bel.fr\/wp\/wp-json\/wp\/v2\/media?parent=6630"}],"wp:term":[{"taxonomy":"category","embeddable":true,"href":"https:\/\/meteo-sain-bel.fr\/wp\/wp-json\/wp\/v2\/categories?post=6630"},{"taxonomy":"post_tag","embeddable":true,"href":"https:\/\/meteo-sain-bel.fr\/wp\/wp-json\/wp\/v2\/tags?post=6630"}],"curies":[{"name":"wp","href":"https:\/\/api.w.org\/{rel}","templated":true}]}}