{"id":6609,"date":"2026-01-08T20:35:07","date_gmt":"2026-01-08T19:35:07","guid":{"rendered":"https:\/\/meteo-sain-bel.fr\/wp\/blog\/le-8-janvier-2026-a-19h35-la-tempete-goretti-arrive-%e2%9a%a0%ef%b8%8f-abritez-vous-et-fermez-vos-volets-dans-le-grand-ouest-inquietude-pour-la-manche-en-vigilance-rouge-mais-aussi-pour-le-nord\/"},"modified":"2026-01-08T20:35:07","modified_gmt":"2026-01-08T19:35:07","slug":"le-8-janvier-2026-a-19h35-la-tempete-goretti-arrive-%e2%9a%a0%ef%b8%8f-abritez-vous-et-fermez-vos-volets-dans-le-grand-ouest-inquietude-pour-la-manche-en-vigilance-rouge-mais-aussi-pour-le-nord","status":"publish","type":"post","link":"https:\/\/meteo-sain-bel.fr\/wp\/blog\/le-8-janvier-2026-a-19h35-la-tempete-goretti-arrive-%e2%9a%a0%ef%b8%8f-abritez-vous-et-fermez-vos-volets-dans-le-grand-ouest-inquietude-pour-la-manche-en-vigilance-rouge-mais-aussi-pour-le-nord\/","title":{"rendered":"le 8 janvier 2026 \u00e0 19h35  La temp\u00eate Goretti arrive \u26a0\ufe0f  \nAbritez-vous et fermez vos volets dans le Grand-Ouest.  \nInqui\u00e9tude pour la Manche en vigilance rouge, mais aussi pour le nord-ouest des C\u00f4tes-d\u2019Armor, le Calvados et la Seine-Maritime.  \nSuivez les bulletins m\u00e9t\u00e9o en continu."},"content":{"rendered":"<p>M\u00e9t\u00e9o\u00a0 Republi\u00e9 via Innoreader <a href=\"https:\/\/www.facebook.com\/517785967019152\/posts\/1475308544600218\" target=\"_blank\" class=\"feedzy-rss-link-icon\">Lire la Suite<\/a><\/p>\n<p>La temp\u00eate Goretti arrive \u26a0\ufe0f<br \/> <br \/>\nAbritez-vous et fermez vos volets dans le Grand-Ouest.<br \/> <br \/>\nInqui\u00e9tude pour la Manche en vigilance rouge, mais aussi pour le nord-ouest des C\u00f4tes-d\u2019Armor, le Calvados et la Seine-Maritime.<br \/> <br \/>\nSuivez les bulletins m\u00e9t\u00e9o en continu.<\/p>\n<p><a href=\"https:\/\/www.facebook.com\/photo.php?fbid=1475308144600258&amp;set=a.517760110355071&amp;type=3\"><img decoding=\"async\" src=\"https:\/\/scontent.fsof8-1.fna.fbcdn.net\/v\/t39.30808-6\/612620520_1475308147933591_5582197068677206521_n.jpg?stp=cp1_dst-jpg_p720x720_tt6&amp;_nc_cat=100&amp;ccb=1-7&amp;_nc_sid=833d8c&amp;_nc_ohc=0izjXzv5BkEQ7kNvwHGoZyi&amp;_nc_oc=Admh5ztAIKFHgD6hth4L2ry32rOgDnyYEAIUtr8AiSRWQpfml278kwdgboh4_JWLKK0&amp;_nc_zt=23&amp;_nc_ht=scontent.fsof8-1.fna&amp;edm=AKIiGfEEAAAA&amp;_nc_gid=XvyctaOQXzIfusVxvy-FIA&amp;_nc_tpa=Q5bMBQHK5OFF34Ao7jH-bKXpXXICsvJ3obxiO7jXQzhaAyZwERcqqZC4Kv47Ai7MTFAVM7aecueyB1tT&amp;oh=00_AfqRohUlATUZK3sTkrMFtIzZh4sxzWNTqlQbcsXpTAqhVw&amp;oe=6965DF75\" alt=\"612620520_1475308147933591_5582197068677\" \/><\/a><\/p>","protected":false},"excerpt":{"rendered":"<p>M\u00e9t\u00e9o\u00a0 Republi\u00e9 via Innoreader Lire la Suite La temp\u00eate Goretti arrive \u26a0\ufe0f Abritez-vous et fermez vos volets dans le Grand-Ouest. Inqui\u00e9tude pour la Manche en [&hellip;]<\/p>\n","protected":false},"author":1,"featured_media":6610,"comment_status":"open","ping_status":"open","sticky":false,"template":"","format":"standard","meta":{"content-type":"","_uag_custom_page_level_css":"","site-sidebar-layout":"default","site-content-layout":"","ast-site-content-layout":"default","site-content-style":"default","site-sidebar-style":"default","ast-global-header-display":"","ast-banner-title-visibility":"","ast-main-header-display":"","ast-hfb-above-header-display":"","ast-hfb-below-header-display":"","ast-hfb-mobile-header-display":"","site-post-title":"","ast-breadcrumbs-content":"","ast-featured-img":"","footer-sml-layout":"","ast-disable-related-posts":"","theme-transparent-header-meta":"","adv-header-id-meta":"","stick-header-meta":"","header-above-stick-meta":"","header-main-stick-meta":"","header-below-stick-meta":"","astra-migrate-meta-layouts":"default","ast-page-background-enabled":"default","ast-page-background-meta":{"desktop":{"background-color":"var(--ast-global-color-4)","background-image":"","background-repeat":"repeat","background-position":"center center","background-size":"auto","background-attachment":"scroll","background-type":"","background-media":"","overlay-type":"","overlay-color":"","overlay-opacity":"","overlay-gradient":""},"tablet":{"background-color":"","background-image":"","background-repeat":"repeat","background-position":"center center","background-size":"auto","background-attachment":"scroll","background-type":"","background-media":"","overlay-type":"","overlay-color":"","overlay-opacity":"","overlay-gradient":""},"mobile":{"background-color":"","background-image":"","background-repeat":"repeat","background-position":"center center","background-size":"auto","background-attachment":"scroll","background-type":"","background-media":"","overlay-type":"","overlay-color":"","overlay-opacity":"","overlay-gradient":""}},"ast-content-background-meta":{"desktop":{"background-color":"var(--ast-global-color-5)","background-image":"","background-repeat":"repeat","background-position":"center center","background-size":"auto","background-attachment":"scroll","background-type":"","background-media":"","overlay-type":"","overlay-color":"","overlay-opacity":"","overlay-gradient":""},"tablet":{"background-color":"var(--ast-global-color-5)","background-image":"","background-repeat":"repeat","background-position":"center center","background-size":"auto","background-attachment":"scroll","background-type":"","background-media":"","overlay-type":"","overlay-color":"","overlay-opacity":"","overlay-gradient":""},"mobile":{"background-color":"var(--ast-global-color-5)","background-image":"","background-repeat":"repeat","background-position":"center center","background-size":"auto","background-attachment":"scroll","background-type":"","background-media":"","overlay-type":"","overlay-color":"","overlay-opacity":"","overlay-gradient":""}},"footnotes":""},"categories":[6],"tags":[],"class_list":["post-6609","post","type-post","status-publish","format-standard","has-post-thumbnail","hentry","category-externes"],"yoast_head":"<!-- This site is optimized with the Yoast SEO plugin v27.4 - https:\/\/yoast.com\/product\/yoast-seo-wordpress\/ -->\n<title>le 8 janvier 2026 \u00e0 19h35 La temp\u00eate Goretti arrive \u26a0\ufe0f  Abritez-vous et fermez vos volets dans le Grand-Ouest.  Inqui\u00e9tude pour la Manche en vigilance rouge, mais aussi pour le nord-ouest des C\u00f4tes-d\u2019Armor, le Calvados et la Seine-Maritime.  Suivez les bulletins m\u00e9t\u00e9o en continu. - Meteo Sain-Bel<\/title>\n<meta name=\"robots\" content=\"index, follow, max-snippet:-1, max-image-preview:large, max-video-preview:-1\" \/>\n<link rel=\"canonical\" href=\"https:\/\/meteo-sain-bel.fr\/wp\/blog\/le-8-janvier-2026-a-19h35-la-tempete-goretti-arrive-\u26a0\ufe0f-abritez-vous-et-fermez-vos-volets-dans-le-grand-ouest-inquietude-pour-la-manche-en-vigilance-rouge-mais-aussi-pour-le-nord\/\" \/>\n<meta property=\"og:locale\" content=\"fr_FR\" \/>\n<meta property=\"og:type\" content=\"article\" \/>\n<meta property=\"og:title\" content=\"le 8 janvier 2026 \u00e0 19h35 La temp\u00eate Goretti arrive \u26a0\ufe0f  Abritez-vous et fermez vos volets dans le Grand-Ouest.  Inqui\u00e9tude pour la Manche en vigilance rouge, mais aussi pour le nord-ouest des C\u00f4tes-d\u2019Armor, le Calvados et la Seine-Maritime.  Suivez les bulletins m\u00e9t\u00e9o en continu. - Meteo Sain-Bel\" \/>\n<meta property=\"og:description\" content=\"M\u00e9t\u00e9o\u00a0 Republi\u00e9 via Innoreader Lire la Suite La temp\u00eate Goretti arrive \u26a0\ufe0f Abritez-vous et fermez vos volets dans le Grand-Ouest. Inqui\u00e9tude pour la Manche en [&hellip;]\" \/>\n<meta property=\"og:url\" content=\"https:\/\/meteo-sain-bel.fr\/wp\/blog\/le-8-janvier-2026-a-19h35-la-tempete-goretti-arrive-\u26a0\ufe0f-abritez-vous-et-fermez-vos-volets-dans-le-grand-ouest-inquietude-pour-la-manche-en-vigilance-rouge-mais-aussi-pour-le-nord\/\" \/>\n<meta property=\"og:site_name\" content=\"Meteo Sain-Bel\" \/>\n<meta property=\"article:publisher\" content=\"https:\/\/www.facebook.com\/meteosainbel\" \/>\n<meta property=\"article:published_time\" content=\"2026-01-08T19:35:07+00:00\" \/>\n<meta property=\"og:image\" content=\"https:\/\/scontent.fsof8-1.fna.fbcdn.net\/v\/t39.30808-6\/612620520_1475308147933591_5582197068677206521_n.jpg?stp=cp1_dst-jpg_p720x720_tt6&amp;_nc_cat=100&amp;ccb=1-7&amp;_nc_sid=833d8c&amp;_nc_ohc=0izjXzv5BkEQ7kNvwHGoZyi&amp;_nc_oc=Admh5ztAIKFHgD6hth4L2ry32rOgDnyYEAIUtr8AiSRWQpfml278kwdgboh4_JWLKK0&amp;_nc_zt=23&amp;_nc_ht=scontent.fsof8-1.fna&amp;edm=AKIiGfEEAAAA&amp;_nc_gid=XvyctaOQXzIfusVxvy-FIA&amp;_nc_tpa=Q5bMBQHK5OFF34Ao7jH-bKXpXXICsvJ3obxiO7jXQzhaAyZwERcqqZC4Kv47Ai7MTFAVM7aecueyB1tT&amp;oh=00_AfqRohUlATUZK3sTkrMFtIzZh4sxzWNTqlQbcsXpTAqhVw&amp;oe=6965DF75\" \/>\n<meta name=\"author\" content=\"Webmaster Meteo Sain-Bel\" \/>\n<meta name=\"twitter:card\" content=\"summary_large_image\" \/>\n<meta name=\"twitter:creator\" content=\"@pichej\" \/>\n<meta name=\"twitter:site\" content=\"@pichej\" \/>\n<script type=\"application\/ld+json\" class=\"yoast-schema-graph\">{\"@context\":\"https:\\\/\\\/schema.org\",\"@graph\":[{\"@type\":\"Article\",\"@id\":\"https:\\\/\\\/meteo-sain-bel.fr\\\/wp\\\/blog\\\/le-8-janvier-2026-a-19h35-la-tempete-goretti-arrive-%e2%9a%a0%ef%b8%8f-abritez-vous-et-fermez-vos-volets-dans-le-grand-ouest-inquietude-pour-la-manche-en-vigilance-rouge-mais-aussi-pour-le-nord\\\/#article\",\"isPartOf\":{\"@id\":\"https:\\\/\\\/meteo-sain-bel.fr\\\/wp\\\/blog\\\/le-8-janvier-2026-a-19h35-la-tempete-goretti-arrive-%e2%9a%a0%ef%b8%8f-abritez-vous-et-fermez-vos-volets-dans-le-grand-ouest-inquietude-pour-la-manche-en-vigilance-rouge-mais-aussi-pour-le-nord\\\/\"},\"author\":{\"name\":\"Webmaster Meteo Sain-Bel\",\"@id\":\"https:\\\/\\\/meteo-sain-bel.fr\\\/wp\\\/#\\\/schema\\\/person\\\/01aaa16bd38fc34093b74f9fe631ce9f\"},\"headline\":\"le 8 janvier 2026 \u00e0 19h35 La temp\u00eate Goretti arrive \u26a0\ufe0f Abritez-vous et fermez vos volets dans le Grand-Ouest. Inqui\u00e9tude pour la Manche en vigilance rouge, mais aussi pour le nord-ouest des C\u00f4tes-d\u2019Armor, le Calvados et la Seine-Maritime. Suivez les bulletins m\u00e9t\u00e9o en continu.\",\"datePublished\":\"2026-01-08T19:35:07+00:00\",\"mainEntityOfPage\":{\"@id\":\"https:\\\/\\\/meteo-sain-bel.fr\\\/wp\\\/blog\\\/le-8-janvier-2026-a-19h35-la-tempete-goretti-arrive-%e2%9a%a0%ef%b8%8f-abritez-vous-et-fermez-vos-volets-dans-le-grand-ouest-inquietude-pour-la-manche-en-vigilance-rouge-mais-aussi-pour-le-nord\\\/\"},\"wordCount\":98,\"commentCount\":0,\"publisher\":{\"@id\":\"https:\\\/\\\/meteo-sain-bel.fr\\\/wp\\\/#organization\"},\"image\":{\"@id\":\"https:\\\/\\\/meteo-sain-bel.fr\\\/wp\\\/blog\\\/le-8-janvier-2026-a-19h35-la-tempete-goretti-arrive-%e2%9a%a0%ef%b8%8f-abritez-vous-et-fermez-vos-volets-dans-le-grand-ouest-inquietude-pour-la-manche-en-vigilance-rouge-mais-aussi-pour-le-nord\\\/#primaryimage\"},\"thumbnailUrl\":\"https:\\\/\\\/meteo-sain-bel.fr\\\/wp\\\/wp-content\\\/uploads\\\/2026\\\/01\\\/612620520_1475308147933591_5582197068677206521_n-MG7FiO.jpg\",\"articleSection\":[\"Sources Externes\"],\"inLanguage\":\"fr-FR\",\"potentialAction\":[{\"@type\":\"CommentAction\",\"name\":\"Comment\",\"target\":[\"https:\\\/\\\/meteo-sain-bel.fr\\\/wp\\\/blog\\\/le-8-janvier-2026-a-19h35-la-tempete-goretti-arrive-%e2%9a%a0%ef%b8%8f-abritez-vous-et-fermez-vos-volets-dans-le-grand-ouest-inquietude-pour-la-manche-en-vigilance-rouge-mais-aussi-pour-le-nord\\\/#respond\"]}]},{\"@type\":\"WebPage\",\"@id\":\"https:\\\/\\\/meteo-sain-bel.fr\\\/wp\\\/blog\\\/le-8-janvier-2026-a-19h35-la-tempete-goretti-arrive-%e2%9a%a0%ef%b8%8f-abritez-vous-et-fermez-vos-volets-dans-le-grand-ouest-inquietude-pour-la-manche-en-vigilance-rouge-mais-aussi-pour-le-nord\\\/\",\"url\":\"https:\\\/\\\/meteo-sain-bel.fr\\\/wp\\\/blog\\\/le-8-janvier-2026-a-19h35-la-tempete-goretti-arrive-%e2%9a%a0%ef%b8%8f-abritez-vous-et-fermez-vos-volets-dans-le-grand-ouest-inquietude-pour-la-manche-en-vigilance-rouge-mais-aussi-pour-le-nord\\\/\",\"name\":\"le 8 janvier 2026 \u00e0 19h35 La temp\u00eate Goretti arrive \u26a0\ufe0f Abritez-vous et fermez vos volets dans le Grand-Ouest. Inqui\u00e9tude pour la Manche en vigilance rouge, mais aussi pour le nord-ouest des C\u00f4tes-d\u2019Armor, le Calvados et la Seine-Maritime. Suivez les bulletins m\u00e9t\u00e9o en continu. - Meteo Sain-Bel\",\"isPartOf\":{\"@id\":\"https:\\\/\\\/meteo-sain-bel.fr\\\/wp\\\/#website\"},\"primaryImageOfPage\":{\"@id\":\"https:\\\/\\\/meteo-sain-bel.fr\\\/wp\\\/blog\\\/le-8-janvier-2026-a-19h35-la-tempete-goretti-arrive-%e2%9a%a0%ef%b8%8f-abritez-vous-et-fermez-vos-volets-dans-le-grand-ouest-inquietude-pour-la-manche-en-vigilance-rouge-mais-aussi-pour-le-nord\\\/#primaryimage\"},\"image\":{\"@id\":\"https:\\\/\\\/meteo-sain-bel.fr\\\/wp\\\/blog\\\/le-8-janvier-2026-a-19h35-la-tempete-goretti-arrive-%e2%9a%a0%ef%b8%8f-abritez-vous-et-fermez-vos-volets-dans-le-grand-ouest-inquietude-pour-la-manche-en-vigilance-rouge-mais-aussi-pour-le-nord\\\/#primaryimage\"},\"thumbnailUrl\":\"https:\\\/\\\/meteo-sain-bel.fr\\\/wp\\\/wp-content\\\/uploads\\\/2026\\\/01\\\/612620520_1475308147933591_5582197068677206521_n-MG7FiO.jpg\",\"datePublished\":\"2026-01-08T19:35:07+00:00\",\"breadcrumb\":{\"@id\":\"https:\\\/\\\/meteo-sain-bel.fr\\\/wp\\\/blog\\\/le-8-janvier-2026-a-19h35-la-tempete-goretti-arrive-%e2%9a%a0%ef%b8%8f-abritez-vous-et-fermez-vos-volets-dans-le-grand-ouest-inquietude-pour-la-manche-en-vigilance-rouge-mais-aussi-pour-le-nord\\\/#breadcrumb\"},\"inLanguage\":\"fr-FR\",\"potentialAction\":[{\"@type\":\"ReadAction\",\"target\":[\"https:\\\/\\\/meteo-sain-bel.fr\\\/wp\\\/blog\\\/le-8-janvier-2026-a-19h35-la-tempete-goretti-arrive-%e2%9a%a0%ef%b8%8f-abritez-vous-et-fermez-vos-volets-dans-le-grand-ouest-inquietude-pour-la-manche-en-vigilance-rouge-mais-aussi-pour-le-nord\\\/\"]}]},{\"@type\":\"ImageObject\",\"inLanguage\":\"fr-FR\",\"@id\":\"https:\\\/\\\/meteo-sain-bel.fr\\\/wp\\\/blog\\\/le-8-janvier-2026-a-19h35-la-tempete-goretti-arrive-%e2%9a%a0%ef%b8%8f-abritez-vous-et-fermez-vos-volets-dans-le-grand-ouest-inquietude-pour-la-manche-en-vigilance-rouge-mais-aussi-pour-le-nord\\\/#primaryimage\",\"url\":\"https:\\\/\\\/meteo-sain-bel.fr\\\/wp\\\/wp-content\\\/uploads\\\/2026\\\/01\\\/612620520_1475308147933591_5582197068677206521_n-MG7FiO.jpg\",\"contentUrl\":\"https:\\\/\\\/meteo-sain-bel.fr\\\/wp\\\/wp-content\\\/uploads\\\/2026\\\/01\\\/612620520_1475308147933591_5582197068677206521_n-MG7FiO.jpg\",\"width\":720,\"height\":790},{\"@type\":\"BreadcrumbList\",\"@id\":\"https:\\\/\\\/meteo-sain-bel.fr\\\/wp\\\/blog\\\/le-8-janvier-2026-a-19h35-la-tempete-goretti-arrive-%e2%9a%a0%ef%b8%8f-abritez-vous-et-fermez-vos-volets-dans-le-grand-ouest-inquietude-pour-la-manche-en-vigilance-rouge-mais-aussi-pour-le-nord\\\/#breadcrumb\",\"itemListElement\":[{\"@type\":\"ListItem\",\"position\":1,\"name\":\"Accueil\",\"item\":\"https:\\\/\\\/meteo-sain-bel.fr\\\/wp\\\/\"},{\"@type\":\"ListItem\",\"position\":2,\"name\":\"le 8 janvier 2026 \u00e0 19h35 La temp\u00eate Goretti arrive \u26a0\ufe0f Abritez-vous et fermez vos volets dans le Grand-Ouest. Inqui\u00e9tude pour la Manche en vigilance rouge, mais aussi pour le nord-ouest des C\u00f4tes-d\u2019Armor, le Calvados et la Seine-Maritime. Suivez les bulletins m\u00e9t\u00e9o en continu.\"}]},{\"@type\":\"WebSite\",\"@id\":\"https:\\\/\\\/meteo-sain-bel.fr\\\/wp\\\/#website\",\"url\":\"https:\\\/\\\/meteo-sain-bel.fr\\\/wp\\\/\",\"name\":\"Meteo Sain-Bel\",\"description\":\"Station m\u00e9t\u00e9orologique, donn\u00e9es en temps r\u00e9el 24h\\\/24 et Webcam \u00e0 Sain-Bel (69210) Pays de l\u2019Arbresle, 69 Rh\u00f4ne, France\",\"publisher\":{\"@id\":\"https:\\\/\\\/meteo-sain-bel.fr\\\/wp\\\/#organization\"},\"alternateName\":\"Site m\u00e9t\u00e9o de Sain-Bel, Rh\u00f4ne\",\"potentialAction\":[{\"@type\":\"SearchAction\",\"target\":{\"@type\":\"EntryPoint\",\"urlTemplate\":\"https:\\\/\\\/meteo-sain-bel.fr\\\/wp\\\/?s={search_term_string}\"},\"query-input\":{\"@type\":\"PropertyValueSpecification\",\"valueRequired\":true,\"valueName\":\"search_term_string\"}}],\"inLanguage\":\"fr-FR\"},{\"@type\":\"Organization\",\"@id\":\"https:\\\/\\\/meteo-sain-bel.fr\\\/wp\\\/#organization\",\"name\":\"Meteo Sain-Bel\",\"url\":\"https:\\\/\\\/meteo-sain-bel.fr\\\/wp\\\/\",\"logo\":{\"@type\":\"ImageObject\",\"inLanguage\":\"fr-FR\",\"@id\":\"https:\\\/\\\/meteo-sain-bel.fr\\\/wp\\\/#\\\/schema\\\/logo\\\/image\\\/\",\"url\":\"https:\\\/\\\/meteo-sain-bel.fr\\\/wp\\\/wp-content\\\/uploads\\\/2024\\\/07\\\/cropped-cropped-Capture-decran-2024-07-13-065002.png\",\"contentUrl\":\"https:\\\/\\\/meteo-sain-bel.fr\\\/wp\\\/wp-content\\\/uploads\\\/2024\\\/07\\\/cropped-cropped-Capture-decran-2024-07-13-065002.png\",\"width\":336,\"height\":283,\"caption\":\"Meteo Sain-Bel\"},\"image\":{\"@id\":\"https:\\\/\\\/meteo-sain-bel.fr\\\/wp\\\/#\\\/schema\\\/logo\\\/image\\\/\"},\"sameAs\":[\"https:\\\/\\\/www.facebook.com\\\/meteosainbel\",\"https:\\\/\\\/x.com\\\/pichej\",\"https:\\\/\\\/www.instagram.com\\\/pichej\"]},{\"@type\":\"Person\",\"@id\":\"https:\\\/\\\/meteo-sain-bel.fr\\\/wp\\\/#\\\/schema\\\/person\\\/01aaa16bd38fc34093b74f9fe631ce9f\",\"name\":\"Webmaster Meteo Sain-Bel\",\"image\":{\"@type\":\"ImageObject\",\"inLanguage\":\"fr-FR\",\"@id\":\"https:\\\/\\\/secure.gravatar.com\\\/avatar\\\/fbbe8b1b88f3bedc77cf954f56a4f23bb0cac63f504868560f513f1ccb1405ee?s=96&r=g\",\"url\":\"https:\\\/\\\/secure.gravatar.com\\\/avatar\\\/fbbe8b1b88f3bedc77cf954f56a4f23bb0cac63f504868560f513f1ccb1405ee?s=96&r=g\",\"contentUrl\":\"https:\\\/\\\/secure.gravatar.com\\\/avatar\\\/fbbe8b1b88f3bedc77cf954f56a4f23bb0cac63f504868560f513f1ccb1405ee?s=96&r=g\",\"caption\":\"Webmaster Meteo Sain-Bel\"},\"sameAs\":[\"http:\\\/\\\/meteo-sain-bel.fr\\\/wp\"],\"url\":\"https:\\\/\\\/meteo-sain-bel.fr\\\/wp\\\/blog\\\/author\\\/admin\\\/\"}]}<\/script>\n<!-- \/ Yoast SEO plugin. -->","yoast_head_json":{"title":"le 8 janvier 2026 \u00e0 19h35 La temp\u00eate Goretti arrive \u26a0\ufe0f  Abritez-vous et fermez vos volets dans le Grand-Ouest.  Inqui\u00e9tude pour la Manche en vigilance rouge, mais aussi pour le nord-ouest des C\u00f4tes-d\u2019Armor, le Calvados et la Seine-Maritime.  Suivez les bulletins m\u00e9t\u00e9o en continu. - Meteo Sain-Bel","robots":{"index":"index","follow":"follow","max-snippet":"max-snippet:-1","max-image-preview":"max-image-preview:large","max-video-preview":"max-video-preview:-1"},"canonical":"https:\/\/meteo-sain-bel.fr\/wp\/blog\/le-8-janvier-2026-a-19h35-la-tempete-goretti-arrive-\u26a0\ufe0f-abritez-vous-et-fermez-vos-volets-dans-le-grand-ouest-inquietude-pour-la-manche-en-vigilance-rouge-mais-aussi-pour-le-nord\/","og_locale":"fr_FR","og_type":"article","og_title":"le 8 janvier 2026 \u00e0 19h35 La temp\u00eate Goretti arrive \u26a0\ufe0f  Abritez-vous et fermez vos volets dans le Grand-Ouest.  Inqui\u00e9tude pour la Manche en vigilance rouge, mais aussi pour le nord-ouest des C\u00f4tes-d\u2019Armor, le Calvados et la Seine-Maritime.  Suivez les bulletins m\u00e9t\u00e9o en continu. - Meteo Sain-Bel","og_description":"M\u00e9t\u00e9o\u00a0 Republi\u00e9 via Innoreader Lire la Suite La temp\u00eate Goretti arrive \u26a0\ufe0f Abritez-vous et fermez vos volets dans le Grand-Ouest. Inqui\u00e9tude pour la Manche en [&hellip;]","og_url":"https:\/\/meteo-sain-bel.fr\/wp\/blog\/le-8-janvier-2026-a-19h35-la-tempete-goretti-arrive-\u26a0\ufe0f-abritez-vous-et-fermez-vos-volets-dans-le-grand-ouest-inquietude-pour-la-manche-en-vigilance-rouge-mais-aussi-pour-le-nord\/","og_site_name":"Meteo Sain-Bel","article_publisher":"https:\/\/www.facebook.com\/meteosainbel","article_published_time":"2026-01-08T19:35:07+00:00","og_image":[{"url":"https:\/\/scontent.fsof8-1.fna.fbcdn.net\/v\/t39.30808-6\/612620520_1475308147933591_5582197068677206521_n.jpg?stp=cp1_dst-jpg_p720x720_tt6&amp;_nc_cat=100&amp;ccb=1-7&amp;_nc_sid=833d8c&amp;_nc_ohc=0izjXzv5BkEQ7kNvwHGoZyi&amp;_nc_oc=Admh5ztAIKFHgD6hth4L2ry32rOgDnyYEAIUtr8AiSRWQpfml278kwdgboh4_JWLKK0&amp;_nc_zt=23&amp;_nc_ht=scontent.fsof8-1.fna&amp;edm=AKIiGfEEAAAA&amp;_nc_gid=XvyctaOQXzIfusVxvy-FIA&amp;_nc_tpa=Q5bMBQHK5OFF34Ao7jH-bKXpXXICsvJ3obxiO7jXQzhaAyZwERcqqZC4Kv47Ai7MTFAVM7aecueyB1tT&amp;oh=00_AfqRohUlATUZK3sTkrMFtIzZh4sxzWNTqlQbcsXpTAqhVw&amp;oe=6965DF75","type":"","width":"","height":""}],"author":"Webmaster Meteo Sain-Bel","twitter_card":"summary_large_image","twitter_creator":"@pichej","twitter_site":"@pichej","schema":{"@context":"https:\/\/schema.org","@graph":[{"@type":"Article","@id":"https:\/\/meteo-sain-bel.fr\/wp\/blog\/le-8-janvier-2026-a-19h35-la-tempete-goretti-arrive-%e2%9a%a0%ef%b8%8f-abritez-vous-et-fermez-vos-volets-dans-le-grand-ouest-inquietude-pour-la-manche-en-vigilance-rouge-mais-aussi-pour-le-nord\/#article","isPartOf":{"@id":"https:\/\/meteo-sain-bel.fr\/wp\/blog\/le-8-janvier-2026-a-19h35-la-tempete-goretti-arrive-%e2%9a%a0%ef%b8%8f-abritez-vous-et-fermez-vos-volets-dans-le-grand-ouest-inquietude-pour-la-manche-en-vigilance-rouge-mais-aussi-pour-le-nord\/"},"author":{"name":"Webmaster Meteo Sain-Bel","@id":"https:\/\/meteo-sain-bel.fr\/wp\/#\/schema\/person\/01aaa16bd38fc34093b74f9fe631ce9f"},"headline":"le 8 janvier 2026 \u00e0 19h35 La temp\u00eate Goretti arrive \u26a0\ufe0f Abritez-vous et fermez vos volets dans le Grand-Ouest. Inqui\u00e9tude pour la Manche en vigilance rouge, mais aussi pour le nord-ouest des C\u00f4tes-d\u2019Armor, le Calvados et la Seine-Maritime. Suivez les bulletins m\u00e9t\u00e9o en continu.","datePublished":"2026-01-08T19:35:07+00:00","mainEntityOfPage":{"@id":"https:\/\/meteo-sain-bel.fr\/wp\/blog\/le-8-janvier-2026-a-19h35-la-tempete-goretti-arrive-%e2%9a%a0%ef%b8%8f-abritez-vous-et-fermez-vos-volets-dans-le-grand-ouest-inquietude-pour-la-manche-en-vigilance-rouge-mais-aussi-pour-le-nord\/"},"wordCount":98,"commentCount":0,"publisher":{"@id":"https:\/\/meteo-sain-bel.fr\/wp\/#organization"},"image":{"@id":"https:\/\/meteo-sain-bel.fr\/wp\/blog\/le-8-janvier-2026-a-19h35-la-tempete-goretti-arrive-%e2%9a%a0%ef%b8%8f-abritez-vous-et-fermez-vos-volets-dans-le-grand-ouest-inquietude-pour-la-manche-en-vigilance-rouge-mais-aussi-pour-le-nord\/#primaryimage"},"thumbnailUrl":"https:\/\/meteo-sain-bel.fr\/wp\/wp-content\/uploads\/2026\/01\/612620520_1475308147933591_5582197068677206521_n-MG7FiO.jpg","articleSection":["Sources Externes"],"inLanguage":"fr-FR","potentialAction":[{"@type":"CommentAction","name":"Comment","target":["https:\/\/meteo-sain-bel.fr\/wp\/blog\/le-8-janvier-2026-a-19h35-la-tempete-goretti-arrive-%e2%9a%a0%ef%b8%8f-abritez-vous-et-fermez-vos-volets-dans-le-grand-ouest-inquietude-pour-la-manche-en-vigilance-rouge-mais-aussi-pour-le-nord\/#respond"]}]},{"@type":"WebPage","@id":"https:\/\/meteo-sain-bel.fr\/wp\/blog\/le-8-janvier-2026-a-19h35-la-tempete-goretti-arrive-%e2%9a%a0%ef%b8%8f-abritez-vous-et-fermez-vos-volets-dans-le-grand-ouest-inquietude-pour-la-manche-en-vigilance-rouge-mais-aussi-pour-le-nord\/","url":"https:\/\/meteo-sain-bel.fr\/wp\/blog\/le-8-janvier-2026-a-19h35-la-tempete-goretti-arrive-%e2%9a%a0%ef%b8%8f-abritez-vous-et-fermez-vos-volets-dans-le-grand-ouest-inquietude-pour-la-manche-en-vigilance-rouge-mais-aussi-pour-le-nord\/","name":"le 8 janvier 2026 \u00e0 19h35 La temp\u00eate Goretti arrive \u26a0\ufe0f Abritez-vous et fermez vos volets dans le Grand-Ouest. Inqui\u00e9tude pour la Manche en vigilance rouge, mais aussi pour le nord-ouest des C\u00f4tes-d\u2019Armor, le Calvados et la Seine-Maritime. Suivez les bulletins m\u00e9t\u00e9o en continu. - Meteo Sain-Bel","isPartOf":{"@id":"https:\/\/meteo-sain-bel.fr\/wp\/#website"},"primaryImageOfPage":{"@id":"https:\/\/meteo-sain-bel.fr\/wp\/blog\/le-8-janvier-2026-a-19h35-la-tempete-goretti-arrive-%e2%9a%a0%ef%b8%8f-abritez-vous-et-fermez-vos-volets-dans-le-grand-ouest-inquietude-pour-la-manche-en-vigilance-rouge-mais-aussi-pour-le-nord\/#primaryimage"},"image":{"@id":"https:\/\/meteo-sain-bel.fr\/wp\/blog\/le-8-janvier-2026-a-19h35-la-tempete-goretti-arrive-%e2%9a%a0%ef%b8%8f-abritez-vous-et-fermez-vos-volets-dans-le-grand-ouest-inquietude-pour-la-manche-en-vigilance-rouge-mais-aussi-pour-le-nord\/#primaryimage"},"thumbnailUrl":"https:\/\/meteo-sain-bel.fr\/wp\/wp-content\/uploads\/2026\/01\/612620520_1475308147933591_5582197068677206521_n-MG7FiO.jpg","datePublished":"2026-01-08T19:35:07+00:00","breadcrumb":{"@id":"https:\/\/meteo-sain-bel.fr\/wp\/blog\/le-8-janvier-2026-a-19h35-la-tempete-goretti-arrive-%e2%9a%a0%ef%b8%8f-abritez-vous-et-fermez-vos-volets-dans-le-grand-ouest-inquietude-pour-la-manche-en-vigilance-rouge-mais-aussi-pour-le-nord\/#breadcrumb"},"inLanguage":"fr-FR","potentialAction":[{"@type":"ReadAction","target":["https:\/\/meteo-sain-bel.fr\/wp\/blog\/le-8-janvier-2026-a-19h35-la-tempete-goretti-arrive-%e2%9a%a0%ef%b8%8f-abritez-vous-et-fermez-vos-volets-dans-le-grand-ouest-inquietude-pour-la-manche-en-vigilance-rouge-mais-aussi-pour-le-nord\/"]}]},{"@type":"ImageObject","inLanguage":"fr-FR","@id":"https:\/\/meteo-sain-bel.fr\/wp\/blog\/le-8-janvier-2026-a-19h35-la-tempete-goretti-arrive-%e2%9a%a0%ef%b8%8f-abritez-vous-et-fermez-vos-volets-dans-le-grand-ouest-inquietude-pour-la-manche-en-vigilance-rouge-mais-aussi-pour-le-nord\/#primaryimage","url":"https:\/\/meteo-sain-bel.fr\/wp\/wp-content\/uploads\/2026\/01\/612620520_1475308147933591_5582197068677206521_n-MG7FiO.jpg","contentUrl":"https:\/\/meteo-sain-bel.fr\/wp\/wp-content\/uploads\/2026\/01\/612620520_1475308147933591_5582197068677206521_n-MG7FiO.jpg","width":720,"height":790},{"@type":"BreadcrumbList","@id":"https:\/\/meteo-sain-bel.fr\/wp\/blog\/le-8-janvier-2026-a-19h35-la-tempete-goretti-arrive-%e2%9a%a0%ef%b8%8f-abritez-vous-et-fermez-vos-volets-dans-le-grand-ouest-inquietude-pour-la-manche-en-vigilance-rouge-mais-aussi-pour-le-nord\/#breadcrumb","itemListElement":[{"@type":"ListItem","position":1,"name":"Accueil","item":"https:\/\/meteo-sain-bel.fr\/wp\/"},{"@type":"ListItem","position":2,"name":"le 8 janvier 2026 \u00e0 19h35 La temp\u00eate Goretti arrive \u26a0\ufe0f Abritez-vous et fermez vos volets dans le Grand-Ouest. Inqui\u00e9tude pour la Manche en vigilance rouge, mais aussi pour le nord-ouest des C\u00f4tes-d\u2019Armor, le Calvados et la Seine-Maritime. Suivez les bulletins m\u00e9t\u00e9o en continu."}]},{"@type":"WebSite","@id":"https:\/\/meteo-sain-bel.fr\/wp\/#website","url":"https:\/\/meteo-sain-bel.fr\/wp\/","name":"Meteo Sain-Bel","description":"Station m\u00e9t\u00e9orologique, donn\u00e9es en temps r\u00e9el 24h\/24 et Webcam \u00e0 Sain-Bel (69210) Pays de l\u2019Arbresle, 69 Rh\u00f4ne, France","publisher":{"@id":"https:\/\/meteo-sain-bel.fr\/wp\/#organization"},"alternateName":"Site m\u00e9t\u00e9o de Sain-Bel, Rh\u00f4ne","potentialAction":[{"@type":"SearchAction","target":{"@type":"EntryPoint","urlTemplate":"https:\/\/meteo-sain-bel.fr\/wp\/?s={search_term_string}"},"query-input":{"@type":"PropertyValueSpecification","valueRequired":true,"valueName":"search_term_string"}}],"inLanguage":"fr-FR"},{"@type":"Organization","@id":"https:\/\/meteo-sain-bel.fr\/wp\/#organization","name":"Meteo Sain-Bel","url":"https:\/\/meteo-sain-bel.fr\/wp\/","logo":{"@type":"ImageObject","inLanguage":"fr-FR","@id":"https:\/\/meteo-sain-bel.fr\/wp\/#\/schema\/logo\/image\/","url":"https:\/\/meteo-sain-bel.fr\/wp\/wp-content\/uploads\/2024\/07\/cropped-cropped-Capture-decran-2024-07-13-065002.png","contentUrl":"https:\/\/meteo-sain-bel.fr\/wp\/wp-content\/uploads\/2024\/07\/cropped-cropped-Capture-decran-2024-07-13-065002.png","width":336,"height":283,"caption":"Meteo Sain-Bel"},"image":{"@id":"https:\/\/meteo-sain-bel.fr\/wp\/#\/schema\/logo\/image\/"},"sameAs":["https:\/\/www.facebook.com\/meteosainbel","https:\/\/x.com\/pichej","https:\/\/www.instagram.com\/pichej"]},{"@type":"Person","@id":"https:\/\/meteo-sain-bel.fr\/wp\/#\/schema\/person\/01aaa16bd38fc34093b74f9fe631ce9f","name":"Webmaster Meteo Sain-Bel","image":{"@type":"ImageObject","inLanguage":"fr-FR","@id":"https:\/\/secure.gravatar.com\/avatar\/fbbe8b1b88f3bedc77cf954f56a4f23bb0cac63f504868560f513f1ccb1405ee?s=96&r=g","url":"https:\/\/secure.gravatar.com\/avatar\/fbbe8b1b88f3bedc77cf954f56a4f23bb0cac63f504868560f513f1ccb1405ee?s=96&r=g","contentUrl":"https:\/\/secure.gravatar.com\/avatar\/fbbe8b1b88f3bedc77cf954f56a4f23bb0cac63f504868560f513f1ccb1405ee?s=96&r=g","caption":"Webmaster Meteo Sain-Bel"},"sameAs":["http:\/\/meteo-sain-bel.fr\/wp"],"url":"https:\/\/meteo-sain-bel.fr\/wp\/blog\/author\/admin\/"}]}},"uagb_featured_image_src":{"full":["https:\/\/meteo-sain-bel.fr\/wp\/wp-content\/uploads\/2026\/01\/612620520_1475308147933591_5582197068677206521_n-MG7FiO.jpg",720,790,false],"thumbnail":["https:\/\/meteo-sain-bel.fr\/wp\/wp-content\/uploads\/2026\/01\/612620520_1475308147933591_5582197068677206521_n-MG7FiO-150x150.jpg",150,150,true],"medium":["https:\/\/meteo-sain-bel.fr\/wp\/wp-content\/uploads\/2026\/01\/612620520_1475308147933591_5582197068677206521_n-MG7FiO-273x300.jpg",273,300,true],"medium_large":["https:\/\/meteo-sain-bel.fr\/wp\/wp-content\/uploads\/2026\/01\/612620520_1475308147933591_5582197068677206521_n-MG7FiO.jpg",720,790,false],"large":["https:\/\/meteo-sain-bel.fr\/wp\/wp-content\/uploads\/2026\/01\/612620520_1475308147933591_5582197068677206521_n-MG7FiO.jpg",720,790,false],"1536x1536":["https:\/\/meteo-sain-bel.fr\/wp\/wp-content\/uploads\/2026\/01\/612620520_1475308147933591_5582197068677206521_n-MG7FiO.jpg",720,790,false],"2048x2048":["https:\/\/meteo-sain-bel.fr\/wp\/wp-content\/uploads\/2026\/01\/612620520_1475308147933591_5582197068677206521_n-MG7FiO.jpg",720,790,false]},"uagb_author_info":{"display_name":"Webmaster Meteo Sain-Bel","author_link":"https:\/\/meteo-sain-bel.fr\/wp\/blog\/author\/admin\/"},"uagb_comment_info":0,"uagb_excerpt":"M\u00e9t\u00e9o\u00a0 Republi\u00e9 via Innoreader Lire la Suite La temp\u00eate Goretti arrive \u26a0\ufe0f Abritez-vous et fermez vos volets dans le Grand-Ouest. Inqui\u00e9tude pour la Manche en [&hellip;]","_links":{"self":[{"href":"https:\/\/meteo-sain-bel.fr\/wp\/wp-json\/wp\/v2\/posts\/6609","targetHints":{"allow":["GET"]}}],"collection":[{"href":"https:\/\/meteo-sain-bel.fr\/wp\/wp-json\/wp\/v2\/posts"}],"about":[{"href":"https:\/\/meteo-sain-bel.fr\/wp\/wp-json\/wp\/v2\/types\/post"}],"author":[{"embeddable":true,"href":"https:\/\/meteo-sain-bel.fr\/wp\/wp-json\/wp\/v2\/users\/1"}],"replies":[{"embeddable":true,"href":"https:\/\/meteo-sain-bel.fr\/wp\/wp-json\/wp\/v2\/comments?post=6609"}],"version-history":[{"count":0,"href":"https:\/\/meteo-sain-bel.fr\/wp\/wp-json\/wp\/v2\/posts\/6609\/revisions"}],"wp:featuredmedia":[{"embeddable":true,"href":"https:\/\/meteo-sain-bel.fr\/wp\/wp-json\/wp\/v2\/media\/6610"}],"wp:attachment":[{"href":"https:\/\/meteo-sain-bel.fr\/wp\/wp-json\/wp\/v2\/media?parent=6609"}],"wp:term":[{"taxonomy":"category","embeddable":true,"href":"https:\/\/meteo-sain-bel.fr\/wp\/wp-json\/wp\/v2\/categories?post=6609"},{"taxonomy":"post_tag","embeddable":true,"href":"https:\/\/meteo-sain-bel.fr\/wp\/wp-json\/wp\/v2\/tags?post=6609"}],"curies":[{"name":"wp","href":"https:\/\/api.w.org\/{rel}","templated":true}]}}