{"id":6235,"date":"2025-12-10T19:56:46","date_gmt":"2025-12-10T18:56:46","guid":{"rendered":"https:\/\/meteo-sain-bel.fr\/wp\/blog\/le-10-decembre-2025-a-18h56-vous-consultez-nos-cartes-nos-stations-meteo-nos-analyses-si-infoclimat-vous-aide-au-quotidien-aidez-nous-en-retour-%f0%9f%99%8c-%f0%9f%94%b9-lassociatio\/"},"modified":"2025-12-10T19:56:46","modified_gmt":"2025-12-10T18:56:46","slug":"le-10-decembre-2025-a-18h56-vous-consultez-nos-cartes-nos-stations-meteo-nos-analyses-si-infoclimat-vous-aide-au-quotidien-aidez-nous-en-retour-%f0%9f%99%8c-%f0%9f%94%b9-lassociatio","status":"publish","type":"post","link":"https:\/\/meteo-sain-bel.fr\/wp\/blog\/le-10-decembre-2025-a-18h56-vous-consultez-nos-cartes-nos-stations-meteo-nos-analyses-si-infoclimat-vous-aide-au-quotidien-aidez-nous-en-retour-%f0%9f%99%8c-%f0%9f%94%b9-lassociatio\/","title":{"rendered":"le 10 d\u00e9cembre 2025 \u00e0 18h56  Vous consultez nos cartes, nos stations m\u00e9t\u00e9o, nos analyses ?  \nSi Infoclimat vous aide au quotidien, aidez-nous en retour \ud83d\ude4c  \n\ud83d\udd39 L\u2019association est reconnue d\u2019int\u00e9r\u00eat g\u00e9n\u00e9ral  \n\ud83d\udd39 Port\u00e9e par des b\u00e9n\u00e9voles et d\u00e9di\u00e9e \u00e0 la m\u00e9t\u00e9o et au climat pour tous.  \n\ud83d\udd39 Faites un don avant le 31\/12\/2025  \nExemple un don de 10 \u20ac = moins de 4 \u20ac apr\u00e8s imp\u00f4t si vous \u00eates imposable !*  \n  \nVotre soutien fait vivre la m\u00e9t\u00e9o participative \u2600\ufe0f\ud83c\udf27\ufe0f\u2744\ufe0f  \nMerci \u00e0 tous \u2764\ufe0f  \n  \n* Sous r\u00e9serve d\u2019\u00eatre imposable sur le revenu, r\u00e9duction fiscale de 66 % dans la limite du plafond l\u00e9gal"},"content":{"rendered":"<p>M\u00e9t\u00e9o\u00a0 Republi\u00e9 via Innoreader <a href=\"https:\/\/www.facebook.com\/457169573107335\/posts\/1264727229018228\" target=\"_blank\" class=\"feedzy-rss-link-icon\">Lire la Suite<\/a><\/p>\n<p>Vous consultez nos cartes, nos stations m\u00e9t\u00e9o, nos analyses ?<br \/> <br \/>\nSi Infoclimat vous aide au quotidien, aidez-nous en retour \ud83d\ude4c<br \/> <br \/>\n\ud83d\udd39 L\u2019association est reconnue d\u2019int\u00e9r\u00eat g\u00e9n\u00e9ral<br \/> <br \/>\n\ud83d\udd39 Port\u00e9e par des b\u00e9n\u00e9voles et d\u00e9di\u00e9e \u00e0 la m\u00e9t\u00e9o et au climat pour tous.<br \/> <br \/>\n\ud83d\udd39 Faites un don avant le 31\/12\/2025<br \/> <br \/>\nExemple un don de 10 \u20ac = moins de 4 \u20ac apr\u00e8s imp\u00f4t si vous \u00eates imposable !*<\/p>\n<p>Votre soutien fait vivre la m\u00e9t\u00e9o participative \u2600\ufe0f\ud83c\udf27\ufe0f\u2744\ufe0f<br \/> <br \/>\nMerci \u00e0 tous \u2764\ufe0f<\/p>\n<p>* Sous r\u00e9serve d\u2019\u00eatre imposable sur le revenu, r\u00e9duction fiscale de 66 % dans la limite du plafond l\u00e9gal<\/p>\n<p><a href=\"https:\/\/www.facebook.com\/photo.php?fbid=1264727102351574&amp;set=a.457167346440891&amp;type=3\"><img decoding=\"async\" src=\"https:\/\/scontent.fsof11-1.fna.fbcdn.net\/v\/t39.30808-6\/598112701_1264591752365109_8394604525124744737_n.jpg?stp=dst-jpg_p720x720_tt6&amp;_nc_cat=107&amp;ccb=1-7&amp;_nc_sid=127cfc&amp;_nc_ohc=ElT9N4K1YQAQ7kNvwFMpMxb&amp;_nc_oc=AdnvrHOH_WwyxtmUe6bD3U994N4TRu43Ii4Al9dnlG008aG7jCpKgwZhMZErmwW7eqM&amp;_nc_zt=23&amp;_nc_ht=scontent.fsof11-1.fna&amp;edm=AKIiGfEEAAAA&amp;_nc_gid=V2lIqKKpoEYh9Fy02A-0Ug&amp;_nc_tpa=Q5bMBQHsuRrXDCHXyxZDDCMYiqesIomfWjZvlx23X1ryhxmJTLBceyc7ELBGP_WoAEq6oOTMSPaVeRmX&amp;oh=00_Afnvf0-hT6qjdicgN6jA7ctXBJMFjisecnE_7QA9xzXM9g&amp;oe=693FA493\" alt=\"598112701_1264591752365109_8394604525124\" \/><\/a><\/p>","protected":false},"excerpt":{"rendered":"<p>M\u00e9t\u00e9o\u00a0 Republi\u00e9 via Innoreader Lire la Suite Vous consultez nos cartes, nos stations m\u00e9t\u00e9o, nos analyses ? Si Infoclimat vous aide au quotidien, aidez-nous en [&hellip;]<\/p>\n","protected":false},"author":1,"featured_media":6236,"comment_status":"open","ping_status":"open","sticky":false,"template":"","format":"standard","meta":{"content-type":"","_uag_custom_page_level_css":"","site-sidebar-layout":"default","site-content-layout":"","ast-site-content-layout":"default","site-content-style":"default","site-sidebar-style":"default","ast-global-header-display":"","ast-banner-title-visibility":"","ast-main-header-display":"","ast-hfb-above-header-display":"","ast-hfb-below-header-display":"","ast-hfb-mobile-header-display":"","site-post-title":"","ast-breadcrumbs-content":"","ast-featured-img":"","footer-sml-layout":"","ast-disable-related-posts":"","theme-transparent-header-meta":"","adv-header-id-meta":"","stick-header-meta":"","header-above-stick-meta":"","header-main-stick-meta":"","header-below-stick-meta":"","astra-migrate-meta-layouts":"default","ast-page-background-enabled":"default","ast-page-background-meta":{"desktop":{"background-color":"var(--ast-global-color-4)","background-image":"","background-repeat":"repeat","background-position":"center center","background-size":"auto","background-attachment":"scroll","background-type":"","background-media":"","overlay-type":"","overlay-color":"","overlay-opacity":"","overlay-gradient":""},"tablet":{"background-color":"","background-image":"","background-repeat":"repeat","background-position":"center center","background-size":"auto","background-attachment":"scroll","background-type":"","background-media":"","overlay-type":"","overlay-color":"","overlay-opacity":"","overlay-gradient":""},"mobile":{"background-color":"","background-image":"","background-repeat":"repeat","background-position":"center center","background-size":"auto","background-attachment":"scroll","background-type":"","background-media":"","overlay-type":"","overlay-color":"","overlay-opacity":"","overlay-gradient":""}},"ast-content-background-meta":{"desktop":{"background-color":"var(--ast-global-color-5)","background-image":"","background-repeat":"repeat","background-position":"center center","background-size":"auto","background-attachment":"scroll","background-type":"","background-media":"","overlay-type":"","overlay-color":"","overlay-opacity":"","overlay-gradient":""},"tablet":{"background-color":"var(--ast-global-color-5)","background-image":"","background-repeat":"repeat","background-position":"center center","background-size":"auto","background-attachment":"scroll","background-type":"","background-media":"","overlay-type":"","overlay-color":"","overlay-opacity":"","overlay-gradient":""},"mobile":{"background-color":"var(--ast-global-color-5)","background-image":"","background-repeat":"repeat","background-position":"center center","background-size":"auto","background-attachment":"scroll","background-type":"","background-media":"","overlay-type":"","overlay-color":"","overlay-opacity":"","overlay-gradient":""}},"footnotes":""},"categories":[6],"tags":[],"class_list":["post-6235","post","type-post","status-publish","format-standard","has-post-thumbnail","hentry","category-externes"],"yoast_head":"<!-- This site is optimized with the Yoast SEO plugin v27.4 - https:\/\/yoast.com\/product\/yoast-seo-wordpress\/ -->\n<title>le 10 d\u00e9cembre 2025 \u00e0 18h56 Vous consultez nos cartes, nos stations m\u00e9t\u00e9o, nos analyses ?  Si Infoclimat vous aide au quotidien, aidez-nous en retour \ud83d\ude4c  \ud83d\udd39 L\u2019association est reconnue d\u2019int\u00e9r\u00eat g\u00e9n\u00e9ral  \ud83d\udd39 Port\u00e9e par des b\u00e9n\u00e9voles et d\u00e9di\u00e9e \u00e0 la m\u00e9t\u00e9o et au climat pour tous.  \ud83d\udd39 Faites un don avant le 31\/12\/2025  Exemple un don de 10 \u20ac = moins de 4 \u20ac apr\u00e8s imp\u00f4t si vous \u00eates imposable !*   Votre soutien fait vivre la m\u00e9t\u00e9o participative \u2600\ufe0f\ud83c\udf27\ufe0f\u2744\ufe0f  Merci \u00e0 tous \u2764\ufe0f   * Sous r\u00e9serve d\u2019\u00eatre imposable sur le revenu, r\u00e9duction fiscale de 66 % dans la limite du plafond l\u00e9gal - Meteo Sain-Bel<\/title>\n<meta name=\"robots\" content=\"index, follow, max-snippet:-1, max-image-preview:large, max-video-preview:-1\" \/>\n<link rel=\"canonical\" href=\"https:\/\/meteo-sain-bel.fr\/wp\/blog\/le-10-decembre-2025-a-18h56-vous-consultez-nos-cartes-nos-stations-meteo-nos-analyses-si-infoclimat-vous-aide-au-quotidien-aidez-nous-en-retour-\ud83d\ude4c-\ud83d\udd39-lassociatio\/\" \/>\n<meta property=\"og:locale\" content=\"fr_FR\" \/>\n<meta property=\"og:type\" content=\"article\" \/>\n<meta property=\"og:title\" content=\"le 10 d\u00e9cembre 2025 \u00e0 18h56 Vous consultez nos cartes, nos stations m\u00e9t\u00e9o, nos analyses ?  Si Infoclimat vous aide au quotidien, aidez-nous en retour \ud83d\ude4c  \ud83d\udd39 L\u2019association est reconnue d\u2019int\u00e9r\u00eat g\u00e9n\u00e9ral  \ud83d\udd39 Port\u00e9e par des b\u00e9n\u00e9voles et d\u00e9di\u00e9e \u00e0 la m\u00e9t\u00e9o et au climat pour tous.  \ud83d\udd39 Faites un don avant le 31\/12\/2025  Exemple un don de 10 \u20ac = moins de 4 \u20ac apr\u00e8s imp\u00f4t si vous \u00eates imposable !*   Votre soutien fait vivre la m\u00e9t\u00e9o participative \u2600\ufe0f\ud83c\udf27\ufe0f\u2744\ufe0f  Merci \u00e0 tous \u2764\ufe0f   * Sous r\u00e9serve d\u2019\u00eatre imposable sur le revenu, r\u00e9duction fiscale de 66 % dans la limite du plafond l\u00e9gal - Meteo Sain-Bel\" \/>\n<meta property=\"og:description\" content=\"M\u00e9t\u00e9o\u00a0 Republi\u00e9 via Innoreader Lire la Suite Vous consultez nos cartes, nos stations m\u00e9t\u00e9o, nos analyses ? Si Infoclimat vous aide au quotidien, aidez-nous en [&hellip;]\" \/>\n<meta property=\"og:url\" content=\"https:\/\/meteo-sain-bel.fr\/wp\/blog\/le-10-decembre-2025-a-18h56-vous-consultez-nos-cartes-nos-stations-meteo-nos-analyses-si-infoclimat-vous-aide-au-quotidien-aidez-nous-en-retour-\ud83d\ude4c-\ud83d\udd39-lassociatio\/\" \/>\n<meta property=\"og:site_name\" content=\"Meteo Sain-Bel\" \/>\n<meta property=\"article:publisher\" content=\"https:\/\/www.facebook.com\/meteosainbel\" \/>\n<meta property=\"article:published_time\" content=\"2025-12-10T18:56:46+00:00\" \/>\n<meta property=\"og:image\" content=\"https:\/\/scontent.fsof11-1.fna.fbcdn.net\/v\/t39.30808-6\/598112701_1264591752365109_8394604525124744737_n.jpg?stp=dst-jpg_p720x720_tt6&amp;_nc_cat=107&amp;ccb=1-7&amp;_nc_sid=127cfc&amp;_nc_ohc=ElT9N4K1YQAQ7kNvwFMpMxb&amp;_nc_oc=AdnvrHOH_WwyxtmUe6bD3U994N4TRu43Ii4Al9dnlG008aG7jCpKgwZhMZErmwW7eqM&amp;_nc_zt=23&amp;_nc_ht=scontent.fsof11-1.fna&amp;edm=AKIiGfEEAAAA&amp;_nc_gid=V2lIqKKpoEYh9Fy02A-0Ug&amp;_nc_tpa=Q5bMBQHsuRrXDCHXyxZDDCMYiqesIomfWjZvlx23X1ryhxmJTLBceyc7ELBGP_WoAEq6oOTMSPaVeRmX&amp;oh=00_Afnvf0-hT6qjdicgN6jA7ctXBJMFjisecnE_7QA9xzXM9g&amp;oe=693FA493\" \/>\n<meta name=\"author\" content=\"Webmaster Meteo Sain-Bel\" \/>\n<meta name=\"twitter:card\" content=\"summary_large_image\" \/>\n<meta name=\"twitter:creator\" content=\"@pichej\" \/>\n<meta name=\"twitter:site\" content=\"@pichej\" \/>\n<script type=\"application\/ld+json\" class=\"yoast-schema-graph\">{\"@context\":\"https:\\\/\\\/schema.org\",\"@graph\":[{\"@type\":\"Article\",\"@id\":\"https:\\\/\\\/meteo-sain-bel.fr\\\/wp\\\/blog\\\/le-10-decembre-2025-a-18h56-vous-consultez-nos-cartes-nos-stations-meteo-nos-analyses-si-infoclimat-vous-aide-au-quotidien-aidez-nous-en-retour-%f0%9f%99%8c-%f0%9f%94%b9-lassociatio\\\/#article\",\"isPartOf\":{\"@id\":\"https:\\\/\\\/meteo-sain-bel.fr\\\/wp\\\/blog\\\/le-10-decembre-2025-a-18h56-vous-consultez-nos-cartes-nos-stations-meteo-nos-analyses-si-infoclimat-vous-aide-au-quotidien-aidez-nous-en-retour-%f0%9f%99%8c-%f0%9f%94%b9-lassociatio\\\/\"},\"author\":{\"name\":\"Webmaster Meteo Sain-Bel\",\"@id\":\"https:\\\/\\\/meteo-sain-bel.fr\\\/wp\\\/#\\\/schema\\\/person\\\/01aaa16bd38fc34093b74f9fe631ce9f\"},\"headline\":\"le 10 d\u00e9cembre 2025 \u00e0 18h56 Vous consultez nos cartes, nos stations m\u00e9t\u00e9o, nos analyses ? Si Infoclimat vous aide au quotidien, aidez-nous en retour \ud83d\ude4c \ud83d\udd39 L\u2019association est reconnue d\u2019int\u00e9r\u00eat g\u00e9n\u00e9ral \ud83d\udd39 Port\u00e9e par des b\u00e9n\u00e9voles et d\u00e9di\u00e9e \u00e0 la m\u00e9t\u00e9o et au climat pour tous. \ud83d\udd39 Faites un don avant le 31\\\/12\\\/2025 Exemple un don de 10 \u20ac = moins de 4 \u20ac apr\u00e8s imp\u00f4t si vous \u00eates imposable !* Votre soutien fait vivre la m\u00e9t\u00e9o participative \u2600\ufe0f\ud83c\udf27\ufe0f\u2744\ufe0f Merci \u00e0 tous \u2764\ufe0f * Sous r\u00e9serve d\u2019\u00eatre imposable sur le revenu, r\u00e9duction fiscale de 66 % dans la limite du plafond l\u00e9gal\",\"datePublished\":\"2025-12-10T18:56:46+00:00\",\"mainEntityOfPage\":{\"@id\":\"https:\\\/\\\/meteo-sain-bel.fr\\\/wp\\\/blog\\\/le-10-decembre-2025-a-18h56-vous-consultez-nos-cartes-nos-stations-meteo-nos-analyses-si-infoclimat-vous-aide-au-quotidien-aidez-nous-en-retour-%f0%9f%99%8c-%f0%9f%94%b9-lassociatio\\\/\"},\"wordCount\":215,\"commentCount\":0,\"publisher\":{\"@id\":\"https:\\\/\\\/meteo-sain-bel.fr\\\/wp\\\/#organization\"},\"image\":{\"@id\":\"https:\\\/\\\/meteo-sain-bel.fr\\\/wp\\\/blog\\\/le-10-decembre-2025-a-18h56-vous-consultez-nos-cartes-nos-stations-meteo-nos-analyses-si-infoclimat-vous-aide-au-quotidien-aidez-nous-en-retour-%f0%9f%99%8c-%f0%9f%94%b9-lassociatio\\\/#primaryimage\"},\"thumbnailUrl\":\"https:\\\/\\\/meteo-sain-bel.fr\\\/wp\\\/wp-content\\\/uploads\\\/2025\\\/12\\\/598112701_1264591752365109_8394604525124744737_n-D0p9GL.jpg\",\"articleSection\":[\"Sources Externes\"],\"inLanguage\":\"fr-FR\",\"potentialAction\":[{\"@type\":\"CommentAction\",\"name\":\"Comment\",\"target\":[\"https:\\\/\\\/meteo-sain-bel.fr\\\/wp\\\/blog\\\/le-10-decembre-2025-a-18h56-vous-consultez-nos-cartes-nos-stations-meteo-nos-analyses-si-infoclimat-vous-aide-au-quotidien-aidez-nous-en-retour-%f0%9f%99%8c-%f0%9f%94%b9-lassociatio\\\/#respond\"]}]},{\"@type\":\"WebPage\",\"@id\":\"https:\\\/\\\/meteo-sain-bel.fr\\\/wp\\\/blog\\\/le-10-decembre-2025-a-18h56-vous-consultez-nos-cartes-nos-stations-meteo-nos-analyses-si-infoclimat-vous-aide-au-quotidien-aidez-nous-en-retour-%f0%9f%99%8c-%f0%9f%94%b9-lassociatio\\\/\",\"url\":\"https:\\\/\\\/meteo-sain-bel.fr\\\/wp\\\/blog\\\/le-10-decembre-2025-a-18h56-vous-consultez-nos-cartes-nos-stations-meteo-nos-analyses-si-infoclimat-vous-aide-au-quotidien-aidez-nous-en-retour-%f0%9f%99%8c-%f0%9f%94%b9-lassociatio\\\/\",\"name\":\"le 10 d\u00e9cembre 2025 \u00e0 18h56 Vous consultez nos cartes, nos stations m\u00e9t\u00e9o, nos analyses ? Si Infoclimat vous aide au quotidien, aidez-nous en retour \ud83d\ude4c \ud83d\udd39 L\u2019association est reconnue d\u2019int\u00e9r\u00eat g\u00e9n\u00e9ral \ud83d\udd39 Port\u00e9e par des b\u00e9n\u00e9voles et d\u00e9di\u00e9e \u00e0 la m\u00e9t\u00e9o et au climat pour tous. \ud83d\udd39 Faites un don avant le 31\\\/12\\\/2025 Exemple un don de 10 \u20ac = moins de 4 \u20ac apr\u00e8s imp\u00f4t si vous \u00eates imposable !* Votre soutien fait vivre la m\u00e9t\u00e9o participative \u2600\ufe0f\ud83c\udf27\ufe0f\u2744\ufe0f Merci \u00e0 tous \u2764\ufe0f * Sous r\u00e9serve d\u2019\u00eatre imposable sur le revenu, r\u00e9duction fiscale de 66 % dans la limite du plafond l\u00e9gal - Meteo Sain-Bel\",\"isPartOf\":{\"@id\":\"https:\\\/\\\/meteo-sain-bel.fr\\\/wp\\\/#website\"},\"primaryImageOfPage\":{\"@id\":\"https:\\\/\\\/meteo-sain-bel.fr\\\/wp\\\/blog\\\/le-10-decembre-2025-a-18h56-vous-consultez-nos-cartes-nos-stations-meteo-nos-analyses-si-infoclimat-vous-aide-au-quotidien-aidez-nous-en-retour-%f0%9f%99%8c-%f0%9f%94%b9-lassociatio\\\/#primaryimage\"},\"image\":{\"@id\":\"https:\\\/\\\/meteo-sain-bel.fr\\\/wp\\\/blog\\\/le-10-decembre-2025-a-18h56-vous-consultez-nos-cartes-nos-stations-meteo-nos-analyses-si-infoclimat-vous-aide-au-quotidien-aidez-nous-en-retour-%f0%9f%99%8c-%f0%9f%94%b9-lassociatio\\\/#primaryimage\"},\"thumbnailUrl\":\"https:\\\/\\\/meteo-sain-bel.fr\\\/wp\\\/wp-content\\\/uploads\\\/2025\\\/12\\\/598112701_1264591752365109_8394604525124744737_n-D0p9GL.jpg\",\"datePublished\":\"2025-12-10T18:56:46+00:00\",\"breadcrumb\":{\"@id\":\"https:\\\/\\\/meteo-sain-bel.fr\\\/wp\\\/blog\\\/le-10-decembre-2025-a-18h56-vous-consultez-nos-cartes-nos-stations-meteo-nos-analyses-si-infoclimat-vous-aide-au-quotidien-aidez-nous-en-retour-%f0%9f%99%8c-%f0%9f%94%b9-lassociatio\\\/#breadcrumb\"},\"inLanguage\":\"fr-FR\",\"potentialAction\":[{\"@type\":\"ReadAction\",\"target\":[\"https:\\\/\\\/meteo-sain-bel.fr\\\/wp\\\/blog\\\/le-10-decembre-2025-a-18h56-vous-consultez-nos-cartes-nos-stations-meteo-nos-analyses-si-infoclimat-vous-aide-au-quotidien-aidez-nous-en-retour-%f0%9f%99%8c-%f0%9f%94%b9-lassociatio\\\/\"]}]},{\"@type\":\"ImageObject\",\"inLanguage\":\"fr-FR\",\"@id\":\"https:\\\/\\\/meteo-sain-bel.fr\\\/wp\\\/blog\\\/le-10-decembre-2025-a-18h56-vous-consultez-nos-cartes-nos-stations-meteo-nos-analyses-si-infoclimat-vous-aide-au-quotidien-aidez-nous-en-retour-%f0%9f%99%8c-%f0%9f%94%b9-lassociatio\\\/#primaryimage\",\"url\":\"https:\\\/\\\/meteo-sain-bel.fr\\\/wp\\\/wp-content\\\/uploads\\\/2025\\\/12\\\/598112701_1264591752365109_8394604525124744737_n-D0p9GL.jpg\",\"contentUrl\":\"https:\\\/\\\/meteo-sain-bel.fr\\\/wp\\\/wp-content\\\/uploads\\\/2025\\\/12\\\/598112701_1264591752365109_8394604525124744737_n-D0p9GL.jpg\",\"width\":1277,\"height\":720},{\"@type\":\"BreadcrumbList\",\"@id\":\"https:\\\/\\\/meteo-sain-bel.fr\\\/wp\\\/blog\\\/le-10-decembre-2025-a-18h56-vous-consultez-nos-cartes-nos-stations-meteo-nos-analyses-si-infoclimat-vous-aide-au-quotidien-aidez-nous-en-retour-%f0%9f%99%8c-%f0%9f%94%b9-lassociatio\\\/#breadcrumb\",\"itemListElement\":[{\"@type\":\"ListItem\",\"position\":1,\"name\":\"Accueil\",\"item\":\"https:\\\/\\\/meteo-sain-bel.fr\\\/wp\\\/\"},{\"@type\":\"ListItem\",\"position\":2,\"name\":\"le 10 d\u00e9cembre 2025 \u00e0 18h56 Vous consultez nos cartes, nos stations m\u00e9t\u00e9o, nos analyses ? Si Infoclimat vous aide au quotidien, aidez-nous en retour \ud83d\ude4c \ud83d\udd39 L\u2019association est reconnue d\u2019int\u00e9r\u00eat g\u00e9n\u00e9ral \ud83d\udd39 Port\u00e9e par des b\u00e9n\u00e9voles et d\u00e9di\u00e9e \u00e0 la m\u00e9t\u00e9o et au climat pour tous. \ud83d\udd39 Faites un don avant le 31\\\/12\\\/2025 Exemple un don de 10 \u20ac = moins de 4 \u20ac apr\u00e8s imp\u00f4t si vous \u00eates imposable !* Votre soutien fait vivre la m\u00e9t\u00e9o participative \u2600\ufe0f\ud83c\udf27\ufe0f\u2744\ufe0f Merci \u00e0 tous \u2764\ufe0f * Sous r\u00e9serve d\u2019\u00eatre imposable sur le revenu, r\u00e9duction fiscale de 66 % dans la limite du plafond l\u00e9gal\"}]},{\"@type\":\"WebSite\",\"@id\":\"https:\\\/\\\/meteo-sain-bel.fr\\\/wp\\\/#website\",\"url\":\"https:\\\/\\\/meteo-sain-bel.fr\\\/wp\\\/\",\"name\":\"Meteo Sain-Bel\",\"description\":\"Station m\u00e9t\u00e9orologique, donn\u00e9es en temps r\u00e9el 24h\\\/24 et Webcam \u00e0 Sain-Bel (69210) Pays de l\u2019Arbresle, 69 Rh\u00f4ne, France\",\"publisher\":{\"@id\":\"https:\\\/\\\/meteo-sain-bel.fr\\\/wp\\\/#organization\"},\"alternateName\":\"Site m\u00e9t\u00e9o de Sain-Bel, Rh\u00f4ne\",\"potentialAction\":[{\"@type\":\"SearchAction\",\"target\":{\"@type\":\"EntryPoint\",\"urlTemplate\":\"https:\\\/\\\/meteo-sain-bel.fr\\\/wp\\\/?s={search_term_string}\"},\"query-input\":{\"@type\":\"PropertyValueSpecification\",\"valueRequired\":true,\"valueName\":\"search_term_string\"}}],\"inLanguage\":\"fr-FR\"},{\"@type\":\"Organization\",\"@id\":\"https:\\\/\\\/meteo-sain-bel.fr\\\/wp\\\/#organization\",\"name\":\"Meteo Sain-Bel\",\"url\":\"https:\\\/\\\/meteo-sain-bel.fr\\\/wp\\\/\",\"logo\":{\"@type\":\"ImageObject\",\"inLanguage\":\"fr-FR\",\"@id\":\"https:\\\/\\\/meteo-sain-bel.fr\\\/wp\\\/#\\\/schema\\\/logo\\\/image\\\/\",\"url\":\"https:\\\/\\\/meteo-sain-bel.fr\\\/wp\\\/wp-content\\\/uploads\\\/2024\\\/07\\\/cropped-cropped-Capture-decran-2024-07-13-065002.png\",\"contentUrl\":\"https:\\\/\\\/meteo-sain-bel.fr\\\/wp\\\/wp-content\\\/uploads\\\/2024\\\/07\\\/cropped-cropped-Capture-decran-2024-07-13-065002.png\",\"width\":336,\"height\":283,\"caption\":\"Meteo Sain-Bel\"},\"image\":{\"@id\":\"https:\\\/\\\/meteo-sain-bel.fr\\\/wp\\\/#\\\/schema\\\/logo\\\/image\\\/\"},\"sameAs\":[\"https:\\\/\\\/www.facebook.com\\\/meteosainbel\",\"https:\\\/\\\/x.com\\\/pichej\",\"https:\\\/\\\/www.instagram.com\\\/pichej\"]},{\"@type\":\"Person\",\"@id\":\"https:\\\/\\\/meteo-sain-bel.fr\\\/wp\\\/#\\\/schema\\\/person\\\/01aaa16bd38fc34093b74f9fe631ce9f\",\"name\":\"Webmaster Meteo Sain-Bel\",\"image\":{\"@type\":\"ImageObject\",\"inLanguage\":\"fr-FR\",\"@id\":\"https:\\\/\\\/secure.gravatar.com\\\/avatar\\\/fbbe8b1b88f3bedc77cf954f56a4f23bb0cac63f504868560f513f1ccb1405ee?s=96&r=g\",\"url\":\"https:\\\/\\\/secure.gravatar.com\\\/avatar\\\/fbbe8b1b88f3bedc77cf954f56a4f23bb0cac63f504868560f513f1ccb1405ee?s=96&r=g\",\"contentUrl\":\"https:\\\/\\\/secure.gravatar.com\\\/avatar\\\/fbbe8b1b88f3bedc77cf954f56a4f23bb0cac63f504868560f513f1ccb1405ee?s=96&r=g\",\"caption\":\"Webmaster Meteo Sain-Bel\"},\"sameAs\":[\"http:\\\/\\\/meteo-sain-bel.fr\\\/wp\"],\"url\":\"https:\\\/\\\/meteo-sain-bel.fr\\\/wp\\\/blog\\\/author\\\/admin\\\/\"}]}<\/script>\n<!-- \/ Yoast SEO plugin. -->","yoast_head_json":{"title":"le 10 d\u00e9cembre 2025 \u00e0 18h56 Vous consultez nos cartes, nos stations m\u00e9t\u00e9o, nos analyses ?  Si Infoclimat vous aide au quotidien, aidez-nous en retour \ud83d\ude4c  \ud83d\udd39 L\u2019association est reconnue d\u2019int\u00e9r\u00eat g\u00e9n\u00e9ral  \ud83d\udd39 Port\u00e9e par des b\u00e9n\u00e9voles et d\u00e9di\u00e9e \u00e0 la m\u00e9t\u00e9o et au climat pour tous.  \ud83d\udd39 Faites un don avant le 31\/12\/2025  Exemple un don de 10 \u20ac = moins de 4 \u20ac apr\u00e8s imp\u00f4t si vous \u00eates imposable !*   Votre soutien fait vivre la m\u00e9t\u00e9o participative \u2600\ufe0f\ud83c\udf27\ufe0f\u2744\ufe0f  Merci \u00e0 tous \u2764\ufe0f   * Sous r\u00e9serve d\u2019\u00eatre imposable sur le revenu, r\u00e9duction fiscale de 66 % dans la limite du plafond l\u00e9gal - Meteo Sain-Bel","robots":{"index":"index","follow":"follow","max-snippet":"max-snippet:-1","max-image-preview":"max-image-preview:large","max-video-preview":"max-video-preview:-1"},"canonical":"https:\/\/meteo-sain-bel.fr\/wp\/blog\/le-10-decembre-2025-a-18h56-vous-consultez-nos-cartes-nos-stations-meteo-nos-analyses-si-infoclimat-vous-aide-au-quotidien-aidez-nous-en-retour-\ud83d\ude4c-\ud83d\udd39-lassociatio\/","og_locale":"fr_FR","og_type":"article","og_title":"le 10 d\u00e9cembre 2025 \u00e0 18h56 Vous consultez nos cartes, nos stations m\u00e9t\u00e9o, nos analyses ?  Si Infoclimat vous aide au quotidien, aidez-nous en retour \ud83d\ude4c  \ud83d\udd39 L\u2019association est reconnue d\u2019int\u00e9r\u00eat g\u00e9n\u00e9ral  \ud83d\udd39 Port\u00e9e par des b\u00e9n\u00e9voles et d\u00e9di\u00e9e \u00e0 la m\u00e9t\u00e9o et au climat pour tous.  \ud83d\udd39 Faites un don avant le 31\/12\/2025  Exemple un don de 10 \u20ac = moins de 4 \u20ac apr\u00e8s imp\u00f4t si vous \u00eates imposable !*   Votre soutien fait vivre la m\u00e9t\u00e9o participative \u2600\ufe0f\ud83c\udf27\ufe0f\u2744\ufe0f  Merci \u00e0 tous \u2764\ufe0f   * Sous r\u00e9serve d\u2019\u00eatre imposable sur le revenu, r\u00e9duction fiscale de 66 % dans la limite du plafond l\u00e9gal - Meteo Sain-Bel","og_description":"M\u00e9t\u00e9o\u00a0 Republi\u00e9 via Innoreader Lire la Suite Vous consultez nos cartes, nos stations m\u00e9t\u00e9o, nos analyses ? Si Infoclimat vous aide au quotidien, aidez-nous en [&hellip;]","og_url":"https:\/\/meteo-sain-bel.fr\/wp\/blog\/le-10-decembre-2025-a-18h56-vous-consultez-nos-cartes-nos-stations-meteo-nos-analyses-si-infoclimat-vous-aide-au-quotidien-aidez-nous-en-retour-\ud83d\ude4c-\ud83d\udd39-lassociatio\/","og_site_name":"Meteo Sain-Bel","article_publisher":"https:\/\/www.facebook.com\/meteosainbel","article_published_time":"2025-12-10T18:56:46+00:00","og_image":[{"url":"https:\/\/scontent.fsof11-1.fna.fbcdn.net\/v\/t39.30808-6\/598112701_1264591752365109_8394604525124744737_n.jpg?stp=dst-jpg_p720x720_tt6&amp;_nc_cat=107&amp;ccb=1-7&amp;_nc_sid=127cfc&amp;_nc_ohc=ElT9N4K1YQAQ7kNvwFMpMxb&amp;_nc_oc=AdnvrHOH_WwyxtmUe6bD3U994N4TRu43Ii4Al9dnlG008aG7jCpKgwZhMZErmwW7eqM&amp;_nc_zt=23&amp;_nc_ht=scontent.fsof11-1.fna&amp;edm=AKIiGfEEAAAA&amp;_nc_gid=V2lIqKKpoEYh9Fy02A-0Ug&amp;_nc_tpa=Q5bMBQHsuRrXDCHXyxZDDCMYiqesIomfWjZvlx23X1ryhxmJTLBceyc7ELBGP_WoAEq6oOTMSPaVeRmX&amp;oh=00_Afnvf0-hT6qjdicgN6jA7ctXBJMFjisecnE_7QA9xzXM9g&amp;oe=693FA493","type":"","width":"","height":""}],"author":"Webmaster Meteo Sain-Bel","twitter_card":"summary_large_image","twitter_creator":"@pichej","twitter_site":"@pichej","schema":{"@context":"https:\/\/schema.org","@graph":[{"@type":"Article","@id":"https:\/\/meteo-sain-bel.fr\/wp\/blog\/le-10-decembre-2025-a-18h56-vous-consultez-nos-cartes-nos-stations-meteo-nos-analyses-si-infoclimat-vous-aide-au-quotidien-aidez-nous-en-retour-%f0%9f%99%8c-%f0%9f%94%b9-lassociatio\/#article","isPartOf":{"@id":"https:\/\/meteo-sain-bel.fr\/wp\/blog\/le-10-decembre-2025-a-18h56-vous-consultez-nos-cartes-nos-stations-meteo-nos-analyses-si-infoclimat-vous-aide-au-quotidien-aidez-nous-en-retour-%f0%9f%99%8c-%f0%9f%94%b9-lassociatio\/"},"author":{"name":"Webmaster Meteo Sain-Bel","@id":"https:\/\/meteo-sain-bel.fr\/wp\/#\/schema\/person\/01aaa16bd38fc34093b74f9fe631ce9f"},"headline":"le 10 d\u00e9cembre 2025 \u00e0 18h56 Vous consultez nos cartes, nos stations m\u00e9t\u00e9o, nos analyses ? Si Infoclimat vous aide au quotidien, aidez-nous en retour \ud83d\ude4c \ud83d\udd39 L\u2019association est reconnue d\u2019int\u00e9r\u00eat g\u00e9n\u00e9ral \ud83d\udd39 Port\u00e9e par des b\u00e9n\u00e9voles et d\u00e9di\u00e9e \u00e0 la m\u00e9t\u00e9o et au climat pour tous. \ud83d\udd39 Faites un don avant le 31\/12\/2025 Exemple un don de 10 \u20ac = moins de 4 \u20ac apr\u00e8s imp\u00f4t si vous \u00eates imposable !* Votre soutien fait vivre la m\u00e9t\u00e9o participative \u2600\ufe0f\ud83c\udf27\ufe0f\u2744\ufe0f Merci \u00e0 tous \u2764\ufe0f * Sous r\u00e9serve d\u2019\u00eatre imposable sur le revenu, r\u00e9duction fiscale de 66 % dans la limite du plafond l\u00e9gal","datePublished":"2025-12-10T18:56:46+00:00","mainEntityOfPage":{"@id":"https:\/\/meteo-sain-bel.fr\/wp\/blog\/le-10-decembre-2025-a-18h56-vous-consultez-nos-cartes-nos-stations-meteo-nos-analyses-si-infoclimat-vous-aide-au-quotidien-aidez-nous-en-retour-%f0%9f%99%8c-%f0%9f%94%b9-lassociatio\/"},"wordCount":215,"commentCount":0,"publisher":{"@id":"https:\/\/meteo-sain-bel.fr\/wp\/#organization"},"image":{"@id":"https:\/\/meteo-sain-bel.fr\/wp\/blog\/le-10-decembre-2025-a-18h56-vous-consultez-nos-cartes-nos-stations-meteo-nos-analyses-si-infoclimat-vous-aide-au-quotidien-aidez-nous-en-retour-%f0%9f%99%8c-%f0%9f%94%b9-lassociatio\/#primaryimage"},"thumbnailUrl":"https:\/\/meteo-sain-bel.fr\/wp\/wp-content\/uploads\/2025\/12\/598112701_1264591752365109_8394604525124744737_n-D0p9GL.jpg","articleSection":["Sources Externes"],"inLanguage":"fr-FR","potentialAction":[{"@type":"CommentAction","name":"Comment","target":["https:\/\/meteo-sain-bel.fr\/wp\/blog\/le-10-decembre-2025-a-18h56-vous-consultez-nos-cartes-nos-stations-meteo-nos-analyses-si-infoclimat-vous-aide-au-quotidien-aidez-nous-en-retour-%f0%9f%99%8c-%f0%9f%94%b9-lassociatio\/#respond"]}]},{"@type":"WebPage","@id":"https:\/\/meteo-sain-bel.fr\/wp\/blog\/le-10-decembre-2025-a-18h56-vous-consultez-nos-cartes-nos-stations-meteo-nos-analyses-si-infoclimat-vous-aide-au-quotidien-aidez-nous-en-retour-%f0%9f%99%8c-%f0%9f%94%b9-lassociatio\/","url":"https:\/\/meteo-sain-bel.fr\/wp\/blog\/le-10-decembre-2025-a-18h56-vous-consultez-nos-cartes-nos-stations-meteo-nos-analyses-si-infoclimat-vous-aide-au-quotidien-aidez-nous-en-retour-%f0%9f%99%8c-%f0%9f%94%b9-lassociatio\/","name":"le 10 d\u00e9cembre 2025 \u00e0 18h56 Vous consultez nos cartes, nos stations m\u00e9t\u00e9o, nos analyses ? Si Infoclimat vous aide au quotidien, aidez-nous en retour \ud83d\ude4c \ud83d\udd39 L\u2019association est reconnue d\u2019int\u00e9r\u00eat g\u00e9n\u00e9ral \ud83d\udd39 Port\u00e9e par des b\u00e9n\u00e9voles et d\u00e9di\u00e9e \u00e0 la m\u00e9t\u00e9o et au climat pour tous. \ud83d\udd39 Faites un don avant le 31\/12\/2025 Exemple un don de 10 \u20ac = moins de 4 \u20ac apr\u00e8s imp\u00f4t si vous \u00eates imposable !* Votre soutien fait vivre la m\u00e9t\u00e9o participative \u2600\ufe0f\ud83c\udf27\ufe0f\u2744\ufe0f Merci \u00e0 tous \u2764\ufe0f * Sous r\u00e9serve d\u2019\u00eatre imposable sur le revenu, r\u00e9duction fiscale de 66 % dans la limite du plafond l\u00e9gal - Meteo Sain-Bel","isPartOf":{"@id":"https:\/\/meteo-sain-bel.fr\/wp\/#website"},"primaryImageOfPage":{"@id":"https:\/\/meteo-sain-bel.fr\/wp\/blog\/le-10-decembre-2025-a-18h56-vous-consultez-nos-cartes-nos-stations-meteo-nos-analyses-si-infoclimat-vous-aide-au-quotidien-aidez-nous-en-retour-%f0%9f%99%8c-%f0%9f%94%b9-lassociatio\/#primaryimage"},"image":{"@id":"https:\/\/meteo-sain-bel.fr\/wp\/blog\/le-10-decembre-2025-a-18h56-vous-consultez-nos-cartes-nos-stations-meteo-nos-analyses-si-infoclimat-vous-aide-au-quotidien-aidez-nous-en-retour-%f0%9f%99%8c-%f0%9f%94%b9-lassociatio\/#primaryimage"},"thumbnailUrl":"https:\/\/meteo-sain-bel.fr\/wp\/wp-content\/uploads\/2025\/12\/598112701_1264591752365109_8394604525124744737_n-D0p9GL.jpg","datePublished":"2025-12-10T18:56:46+00:00","breadcrumb":{"@id":"https:\/\/meteo-sain-bel.fr\/wp\/blog\/le-10-decembre-2025-a-18h56-vous-consultez-nos-cartes-nos-stations-meteo-nos-analyses-si-infoclimat-vous-aide-au-quotidien-aidez-nous-en-retour-%f0%9f%99%8c-%f0%9f%94%b9-lassociatio\/#breadcrumb"},"inLanguage":"fr-FR","potentialAction":[{"@type":"ReadAction","target":["https:\/\/meteo-sain-bel.fr\/wp\/blog\/le-10-decembre-2025-a-18h56-vous-consultez-nos-cartes-nos-stations-meteo-nos-analyses-si-infoclimat-vous-aide-au-quotidien-aidez-nous-en-retour-%f0%9f%99%8c-%f0%9f%94%b9-lassociatio\/"]}]},{"@type":"ImageObject","inLanguage":"fr-FR","@id":"https:\/\/meteo-sain-bel.fr\/wp\/blog\/le-10-decembre-2025-a-18h56-vous-consultez-nos-cartes-nos-stations-meteo-nos-analyses-si-infoclimat-vous-aide-au-quotidien-aidez-nous-en-retour-%f0%9f%99%8c-%f0%9f%94%b9-lassociatio\/#primaryimage","url":"https:\/\/meteo-sain-bel.fr\/wp\/wp-content\/uploads\/2025\/12\/598112701_1264591752365109_8394604525124744737_n-D0p9GL.jpg","contentUrl":"https:\/\/meteo-sain-bel.fr\/wp\/wp-content\/uploads\/2025\/12\/598112701_1264591752365109_8394604525124744737_n-D0p9GL.jpg","width":1277,"height":720},{"@type":"BreadcrumbList","@id":"https:\/\/meteo-sain-bel.fr\/wp\/blog\/le-10-decembre-2025-a-18h56-vous-consultez-nos-cartes-nos-stations-meteo-nos-analyses-si-infoclimat-vous-aide-au-quotidien-aidez-nous-en-retour-%f0%9f%99%8c-%f0%9f%94%b9-lassociatio\/#breadcrumb","itemListElement":[{"@type":"ListItem","position":1,"name":"Accueil","item":"https:\/\/meteo-sain-bel.fr\/wp\/"},{"@type":"ListItem","position":2,"name":"le 10 d\u00e9cembre 2025 \u00e0 18h56 Vous consultez nos cartes, nos stations m\u00e9t\u00e9o, nos analyses ? Si Infoclimat vous aide au quotidien, aidez-nous en retour \ud83d\ude4c \ud83d\udd39 L\u2019association est reconnue d\u2019int\u00e9r\u00eat g\u00e9n\u00e9ral \ud83d\udd39 Port\u00e9e par des b\u00e9n\u00e9voles et d\u00e9di\u00e9e \u00e0 la m\u00e9t\u00e9o et au climat pour tous. \ud83d\udd39 Faites un don avant le 31\/12\/2025 Exemple un don de 10 \u20ac = moins de 4 \u20ac apr\u00e8s imp\u00f4t si vous \u00eates imposable !* Votre soutien fait vivre la m\u00e9t\u00e9o participative \u2600\ufe0f\ud83c\udf27\ufe0f\u2744\ufe0f Merci \u00e0 tous \u2764\ufe0f * Sous r\u00e9serve d\u2019\u00eatre imposable sur le revenu, r\u00e9duction fiscale de 66 % dans la limite du plafond l\u00e9gal"}]},{"@type":"WebSite","@id":"https:\/\/meteo-sain-bel.fr\/wp\/#website","url":"https:\/\/meteo-sain-bel.fr\/wp\/","name":"Meteo Sain-Bel","description":"Station m\u00e9t\u00e9orologique, donn\u00e9es en temps r\u00e9el 24h\/24 et Webcam \u00e0 Sain-Bel (69210) Pays de l\u2019Arbresle, 69 Rh\u00f4ne, France","publisher":{"@id":"https:\/\/meteo-sain-bel.fr\/wp\/#organization"},"alternateName":"Site m\u00e9t\u00e9o de Sain-Bel, Rh\u00f4ne","potentialAction":[{"@type":"SearchAction","target":{"@type":"EntryPoint","urlTemplate":"https:\/\/meteo-sain-bel.fr\/wp\/?s={search_term_string}"},"query-input":{"@type":"PropertyValueSpecification","valueRequired":true,"valueName":"search_term_string"}}],"inLanguage":"fr-FR"},{"@type":"Organization","@id":"https:\/\/meteo-sain-bel.fr\/wp\/#organization","name":"Meteo Sain-Bel","url":"https:\/\/meteo-sain-bel.fr\/wp\/","logo":{"@type":"ImageObject","inLanguage":"fr-FR","@id":"https:\/\/meteo-sain-bel.fr\/wp\/#\/schema\/logo\/image\/","url":"https:\/\/meteo-sain-bel.fr\/wp\/wp-content\/uploads\/2024\/07\/cropped-cropped-Capture-decran-2024-07-13-065002.png","contentUrl":"https:\/\/meteo-sain-bel.fr\/wp\/wp-content\/uploads\/2024\/07\/cropped-cropped-Capture-decran-2024-07-13-065002.png","width":336,"height":283,"caption":"Meteo Sain-Bel"},"image":{"@id":"https:\/\/meteo-sain-bel.fr\/wp\/#\/schema\/logo\/image\/"},"sameAs":["https:\/\/www.facebook.com\/meteosainbel","https:\/\/x.com\/pichej","https:\/\/www.instagram.com\/pichej"]},{"@type":"Person","@id":"https:\/\/meteo-sain-bel.fr\/wp\/#\/schema\/person\/01aaa16bd38fc34093b74f9fe631ce9f","name":"Webmaster Meteo Sain-Bel","image":{"@type":"ImageObject","inLanguage":"fr-FR","@id":"https:\/\/secure.gravatar.com\/avatar\/fbbe8b1b88f3bedc77cf954f56a4f23bb0cac63f504868560f513f1ccb1405ee?s=96&r=g","url":"https:\/\/secure.gravatar.com\/avatar\/fbbe8b1b88f3bedc77cf954f56a4f23bb0cac63f504868560f513f1ccb1405ee?s=96&r=g","contentUrl":"https:\/\/secure.gravatar.com\/avatar\/fbbe8b1b88f3bedc77cf954f56a4f23bb0cac63f504868560f513f1ccb1405ee?s=96&r=g","caption":"Webmaster Meteo Sain-Bel"},"sameAs":["http:\/\/meteo-sain-bel.fr\/wp"],"url":"https:\/\/meteo-sain-bel.fr\/wp\/blog\/author\/admin\/"}]}},"uagb_featured_image_src":{"full":["https:\/\/meteo-sain-bel.fr\/wp\/wp-content\/uploads\/2025\/12\/598112701_1264591752365109_8394604525124744737_n-D0p9GL.jpg",1277,720,false],"thumbnail":["https:\/\/meteo-sain-bel.fr\/wp\/wp-content\/uploads\/2025\/12\/598112701_1264591752365109_8394604525124744737_n-D0p9GL-150x150.jpg",150,150,true],"medium":["https:\/\/meteo-sain-bel.fr\/wp\/wp-content\/uploads\/2025\/12\/598112701_1264591752365109_8394604525124744737_n-D0p9GL-300x169.jpg",300,169,true],"medium_large":["https:\/\/meteo-sain-bel.fr\/wp\/wp-content\/uploads\/2025\/12\/598112701_1264591752365109_8394604525124744737_n-D0p9GL-768x433.jpg",768,433,true],"large":["https:\/\/meteo-sain-bel.fr\/wp\/wp-content\/uploads\/2025\/12\/598112701_1264591752365109_8394604525124744737_n-D0p9GL-1024x577.jpg",1024,577,true],"1536x1536":["https:\/\/meteo-sain-bel.fr\/wp\/wp-content\/uploads\/2025\/12\/598112701_1264591752365109_8394604525124744737_n-D0p9GL.jpg",1277,720,false],"2048x2048":["https:\/\/meteo-sain-bel.fr\/wp\/wp-content\/uploads\/2025\/12\/598112701_1264591752365109_8394604525124744737_n-D0p9GL.jpg",1277,720,false]},"uagb_author_info":{"display_name":"Webmaster Meteo Sain-Bel","author_link":"https:\/\/meteo-sain-bel.fr\/wp\/blog\/author\/admin\/"},"uagb_comment_info":0,"uagb_excerpt":"M\u00e9t\u00e9o\u00a0 Republi\u00e9 via Innoreader Lire la Suite Vous consultez nos cartes, nos stations m\u00e9t\u00e9o, nos analyses ? Si Infoclimat vous aide au quotidien, aidez-nous en [&hellip;]","_links":{"self":[{"href":"https:\/\/meteo-sain-bel.fr\/wp\/wp-json\/wp\/v2\/posts\/6235","targetHints":{"allow":["GET"]}}],"collection":[{"href":"https:\/\/meteo-sain-bel.fr\/wp\/wp-json\/wp\/v2\/posts"}],"about":[{"href":"https:\/\/meteo-sain-bel.fr\/wp\/wp-json\/wp\/v2\/types\/post"}],"author":[{"embeddable":true,"href":"https:\/\/meteo-sain-bel.fr\/wp\/wp-json\/wp\/v2\/users\/1"}],"replies":[{"embeddable":true,"href":"https:\/\/meteo-sain-bel.fr\/wp\/wp-json\/wp\/v2\/comments?post=6235"}],"version-history":[{"count":0,"href":"https:\/\/meteo-sain-bel.fr\/wp\/wp-json\/wp\/v2\/posts\/6235\/revisions"}],"wp:featuredmedia":[{"embeddable":true,"href":"https:\/\/meteo-sain-bel.fr\/wp\/wp-json\/wp\/v2\/media\/6236"}],"wp:attachment":[{"href":"https:\/\/meteo-sain-bel.fr\/wp\/wp-json\/wp\/v2\/media?parent=6235"}],"wp:term":[{"taxonomy":"category","embeddable":true,"href":"https:\/\/meteo-sain-bel.fr\/wp\/wp-json\/wp\/v2\/categories?post=6235"},{"taxonomy":"post_tag","embeddable":true,"href":"https:\/\/meteo-sain-bel.fr\/wp\/wp-json\/wp\/v2\/tags?post=6235"}],"curies":[{"name":"wp","href":"https:\/\/api.w.org\/{rel}","templated":true}]}}