{"id":5679,"date":"2025-10-23T07:51:42","date_gmt":"2025-10-23T05:51:42","guid":{"rendered":"https:\/\/meteo-sain-bel.fr\/wp\/blog\/on-23-octobre-2025-at-5h51-%f0%9f%8c%ac%ef%b8%8f-tempete-benjamin-point-de-7h-les-vents-soufflent-violemment-sur-les-cotes-atlantiques-et-de-la-manche-plusieurs-rafales-remarquables-ont-ete-rele\/"},"modified":"2025-10-23T07:51:42","modified_gmt":"2025-10-23T05:51:42","slug":"on-23-octobre-2025-at-5h51-%f0%9f%8c%ac%ef%b8%8f-tempete-benjamin-point-de-7h-les-vents-soufflent-violemment-sur-les-cotes-atlantiques-et-de-la-manche-plusieurs-rafales-remarquables-ont-ete-rele","status":"publish","type":"post","link":"https:\/\/meteo-sain-bel.fr\/wp\/blog\/on-23-octobre-2025-at-5h51-%f0%9f%8c%ac%ef%b8%8f-tempete-benjamin-point-de-7h-les-vents-soufflent-violemment-sur-les-cotes-atlantiques-et-de-la-manche-plusieurs-rafales-remarquables-ont-ete-rele\/","title":{"rendered":"on 23 octobre 2025 at 5h51  \ud83c\udf2c\ufe0f Temp\u00eate Benjamin &#8211; Point de 7h  \nLes vents soufflent violemment sur les c\u00f4tes atlantiques et de la Manche. Plusieurs rafales remarquables ont \u00e9t\u00e9 relev\u00e9es ces derni\u00e8res heures :  \n  \n\ud83d\udca8 Rafales maximales observ\u00e9es :  \n&#8211; Saint-Cl\u00e9ment-des-Baleines (17) : 141.8 km\/h  \n&#8211; \u00cele d\u2019Aix (17) : 136.8 km\/h  \n&#8211; Cap de la H\u00e8ve (76) : 127.1 km\/h  \n&#8211; \u00cele de Groix (56) : 123.1 km\/h  \n&#8211; Chassiron (17) : 122.8 km\/h  \n&#8211; F\u00e9camp (76) : 122.4 km\/h  \n  \n\ud83d\udc49 De fortes rafales se maintiennent encore ce matin sur les littoraux atlantiques et la Normandie.  \n\ud83d\udd0e Suivez l\u2019\u00e9volution en temps r\u00e9el sur Infoclimat  \n  \n#Temp\u00eateBenjamin #me\u0301te\u0301o #infoclimat #temp\u00eatePhotos de la publication de Infoclimat"},"content":{"rendered":"<p>M\u00e9t\u00e9o\u00a0 Republi\u00e9 via Innoreader <a href=\"https:\/\/www.facebook.com\/457169573107335\/posts\/1224822509675367\" target=\"_blank\" class=\"feedzy-rss-link-icon\">Read More<\/a><\/p>\n<p>\ud83c\udf2c\ufe0f Temp\u00eate Benjamin &#8211; Point de 7h<br \/> <br \/>\nLes vents soufflent violemment sur les c\u00f4tes atlantiques et de la Manche. Plusieurs rafales remarquables ont \u00e9t\u00e9 relev\u00e9es ces derni\u00e8res heures :<\/p>\n<p>\ud83d\udca8 Rafales maximales observ\u00e9es :<br \/> <br \/>\n&#8211; Saint-Cl\u00e9ment-des-Baleines (17) : 141.8 km\/h<br \/> <br \/>\n&#8211; \u00cele d\u2019Aix (17) : 136.8 km\/h<br \/> <br \/>\n&#8211; Cap de la H\u00e8ve (76) : 127.1 km\/h<br \/> <br \/>\n&#8211; \u00cele de Groix (56) : 123.1 km\/h<br \/> <br \/>\n&#8211; Chassiron (17) : 122.8 km\/h<br \/> <br \/>\n&#8211; F\u00e9camp (76) : 122.4 km\/h<\/p>\n<p>\ud83d\udc49 De fortes rafales se maintiennent encore ce matin sur les littoraux atlantiques et la Normandie.<br \/> <br \/>\n\ud83d\udd0e Suivez l\u2019\u00e9volution en temps r\u00e9el sur Infoclimat<\/p>\n<p><a href=\"https:\/\/facebook.com\/hashtag\/Temp%C3%AAteBenjamin\">#Temp\u00eateBenjamin<\/a> <a href=\"https:\/\/facebook.com\/hashtag\/me\">#me<\/a>\u0301te\u0301o <a href=\"https:\/\/facebook.com\/hashtag\/infoclimat\">#infoclimat<\/a> <a href=\"https:\/\/facebook.com\/hashtag\/temp%C3%AAte\">#temp\u00eate<\/a><\/p>\n<table>\n<tr>\n<td><a href=\"https:\/\/www.facebook.com\/457169573107335\/posts\/1224822509675367\">Photos de la publication de Infoclimat<\/a><\/td>\n<\/tr>\n<tr>\n<td><a href=\"https:\/\/www.facebook.com\/photo.php?fbid=1224821566342128&amp;set=a.457167346440891&amp;type=3\"><img decoding=\"async\" src=\"https:\/\/scontent.fsof11-1.fna.fbcdn.net\/v\/t39.30808-6\/569197203_1224821569675461_8281718587809244639_n.jpg?stp=cp1_dst-jpg_p720x720_tt6&amp;_nc_cat=106&amp;ccb=1-7&amp;_nc_sid=127cfc&amp;_nc_ohc=z3wOtKHsBWgQ7kNvwGcDiDW&amp;_nc_oc=AdliHzU1y_uuoVFv2z7Ha0X6M6-Im6_IPTv6BaMNmWTt9qLiWIMYjHqKF8UfKPfa7wQ&amp;_nc_zt=23&amp;_nc_ht=scontent.fsof11-1.fna&amp;edm=AKIiGfEEAAAA&amp;_nc_gid=puZo0ipB9nQVekKgIuEb-A&amp;_nc_tpa=Q5bMBQHjBGdx91ynljAuWiQ2G2HweuLJO4H4oidZ1OQkgiSpaJjIrAnGly3zgRoy0_eB2fXjdu02SgbQ&amp;oh=00_AfdoU7KDMAIzK41JaGdSG7kMWKxXIrt_aY_3APG_8JFTiQ&amp;oe=68FF7E13\" alt=\"569197203_1224821569675461_8281718587809\" \/><\/a><\/td>\n<\/tr>\n<tr>\n<td><a href=\"https:\/\/www.facebook.com\/photo.php?fbid=1224821546342130&amp;set=a.457167346440891&amp;type=3\"><img decoding=\"async\" src=\"https:\/\/scontent.fsof11-1.fna.fbcdn.net\/v\/t39.30808-6\/569280943_1224821553008796_2238197335629031521_n.jpg?stp=cp1_dst-jpg_p720x720_tt6&amp;_nc_cat=102&amp;ccb=1-7&amp;_nc_sid=127cfc&amp;_nc_ohc=iAvR4P4XcagQ7kNvwEJA3GI&amp;_nc_oc=AdlRWH80y_fEmiHa1tivWbGznW768TDCDk4cI0PBlbiXfbpCFTCM9Fs7KizggWIw6X4&amp;_nc_zt=23&amp;_nc_ht=scontent.fsof11-1.fna&amp;edm=AKIiGfEEAAAA&amp;_nc_gid=puZo0ipB9nQVekKgIuEb-A&amp;_nc_tpa=Q5bMBQEeQIlSdBSfqmhV2y5bO_aWLqqjIcJFCY0cg60_doFTNBCMOTnU7MUCna2Q16dImArYQSSUdk4_&amp;oh=00_AffZpn1n2gdeP5g0NVWgbgBPViK-jWHxLtecViv8-i6UbA&amp;oe=68FFAB43\" alt=\"569280943_1224821553008796_2238197335629\" \/><\/a><\/td>\n<\/tr>\n<tr>\n<td><a href=\"https:\/\/www.facebook.com\/photo.php?fbid=1224821356342149&amp;set=a.457167346440891&amp;type=3\"><img decoding=\"async\" src=\"https:\/\/scontent.fsof11-1.fna.fbcdn.net\/v\/t39.30808-6\/571208095_1224821366342148_7023314153632256545_n.jpg?stp=dst-jpg_p720x720_tt6&amp;_nc_cat=103&amp;ccb=1-7&amp;_nc_sid=127cfc&amp;_nc_ohc=op2W47Da9TAQ7kNvwE2_w6M&amp;_nc_oc=AdmON6P31IEwrLW1CIbHwTKuMX9kd7iMHtbKs4QayOcGpesTfdfUAJOgnLO1g0O_DJA&amp;_nc_zt=23&amp;_nc_ht=scontent.fsof11-1.fna&amp;edm=AKIiGfEEAAAA&amp;_nc_gid=puZo0ipB9nQVekKgIuEb-A&amp;_nc_tpa=Q5bMBQFqt9YJplr5J8XUJ4Azo_U_106IR9GM6cEf8WeTNtw5A8MSZeqzmy7bK3Rbcw0xBmfsstU1g6CN&amp;oh=00_AfcLWGldwrlqSw2agc1_yE4q0jgHKdr_5625PMgJvNvDyA&amp;oe=68FFA8A4\" alt=\"571208095_1224821366342148_7023314153632\" \/><\/a><\/td>\n<\/tr>\n<tr>\n<td><a href=\"https:\/\/www.facebook.com\/photo.php?fbid=1224821363008815&amp;set=a.457167346440891&amp;type=3\"><img decoding=\"async\" src=\"https:\/\/scontent.fsof8-1.fna.fbcdn.net\/v\/t39.30808-6\/571044362_1224821369675481_6591626768505043866_n.jpg?stp=dst-jpg_p720x720_tt6&amp;_nc_cat=100&amp;ccb=1-7&amp;_nc_sid=127cfc&amp;_nc_ohc=gEr-qtniY0UQ7kNvwH1Wb3t&amp;_nc_oc=Admkt4tlE2M4aBWAhtpa_S9wnrChFIGlPvy9Fds135-LhwEqwPlmJ2qOORLiQ8hTH9A&amp;_nc_zt=23&amp;_nc_ht=scontent.fsof8-1.fna&amp;edm=AKIiGfEEAAAA&amp;_nc_gid=puZo0ipB9nQVekKgIuEb-A&amp;_nc_tpa=Q5bMBQHfzVI5e6bSbEA93ozYTiSqCyblSAAhw3md5lxD1KyWHHyGC3AmH6DFu1j7ur5PkPbtd8Va4-qK&amp;oh=00_AfcOPwMR5pERhOGN4Bl6sA2INm_bJGMstXa5mXiB7uTXtQ&amp;oe=68FF8BE2\" alt=\"571044362_1224821369675481_6591626768505\" \/><\/a><\/td>\n<\/tr>\n<tr>\n<td><a href=\"https:\/\/www.facebook.com\/photo.php?fbid=1224821383008813&amp;set=a.457167346440891&amp;type=3\"><img decoding=\"async\" src=\"https:\/\/scontent.fsof11-1.fna.fbcdn.net\/v\/t39.30808-6\/568824033_1224821386342146_7939937475057471352_n.jpg?stp=dst-jpg_p720x720_tt6&amp;_nc_cat=102&amp;ccb=1-7&amp;_nc_sid=127cfc&amp;_nc_ohc=gVxU3puIrVQQ7kNvwEn2i20&amp;_nc_oc=AdmV-QSUkJh3MLKyaqs2LluxFEl06WA6YMEKHhqU1nSjaIvICafFxW9ad5VDQHCkNU0&amp;_nc_zt=23&amp;_nc_ht=scontent.fsof11-1.fna&amp;edm=AKIiGfEEAAAA&amp;_nc_gid=puZo0ipB9nQVekKgIuEb-A&amp;_nc_tpa=Q5bMBQGa4JIKN2S7RToyI0Me7csdUnvCVB4Qe8PVxlapmQKS7aGTyFDfh3G9_qWDuoQgnZX_ST1hIIhW&amp;oh=00_AfeM2arkwmRBhup4vqHj6fV2aSCmCl9rwoh_75A6C7T4hQ&amp;oe=68FF8CFA\" alt=\"568824033_1224821386342146_7939937475057\" \/><\/a><\/td>\n<\/tr>\n<\/table>","protected":false},"excerpt":{"rendered":"<p>M\u00e9t\u00e9o\u00a0 Republi\u00e9 via Innoreader Read More \ud83c\udf2c\ufe0f Temp\u00eate Benjamin &#8211; Point de 7h Les vents soufflent violemment sur les c\u00f4tes atlantiques et de la Manche. [&hellip;]<\/p>\n","protected":false},"author":1,"featured_media":5680,"comment_status":"open","ping_status":"open","sticky":false,"template":"","format":"standard","meta":{"content-type":"","_uag_custom_page_level_css":"","site-sidebar-layout":"default","site-content-layout":"","ast-site-content-layout":"default","site-content-style":"default","site-sidebar-style":"default","ast-global-header-display":"","ast-banner-title-visibility":"","ast-main-header-display":"","ast-hfb-above-header-display":"","ast-hfb-below-header-display":"","ast-hfb-mobile-header-display":"","site-post-title":"","ast-breadcrumbs-content":"","ast-featured-img":"","footer-sml-layout":"","ast-disable-related-posts":"","theme-transparent-header-meta":"","adv-header-id-meta":"","stick-header-meta":"","header-above-stick-meta":"","header-main-stick-meta":"","header-below-stick-meta":"","astra-migrate-meta-layouts":"default","ast-page-background-enabled":"default","ast-page-background-meta":{"desktop":{"background-color":"var(--ast-global-color-4)","background-image":"","background-repeat":"repeat","background-position":"center center","background-size":"auto","background-attachment":"scroll","background-type":"","background-media":"","overlay-type":"","overlay-color":"","overlay-opacity":"","overlay-gradient":""},"tablet":{"background-color":"","background-image":"","background-repeat":"repeat","background-position":"center center","background-size":"auto","background-attachment":"scroll","background-type":"","background-media":"","overlay-type":"","overlay-color":"","overlay-opacity":"","overlay-gradient":""},"mobile":{"background-color":"","background-image":"","background-repeat":"repeat","background-position":"center center","background-size":"auto","background-attachment":"scroll","background-type":"","background-media":"","overlay-type":"","overlay-color":"","overlay-opacity":"","overlay-gradient":""}},"ast-content-background-meta":{"desktop":{"background-color":"var(--ast-global-color-5)","background-image":"","background-repeat":"repeat","background-position":"center center","background-size":"auto","background-attachment":"scroll","background-type":"","background-media":"","overlay-type":"","overlay-color":"","overlay-opacity":"","overlay-gradient":""},"tablet":{"background-color":"var(--ast-global-color-5)","background-image":"","background-repeat":"repeat","background-position":"center center","background-size":"auto","background-attachment":"scroll","background-type":"","background-media":"","overlay-type":"","overlay-color":"","overlay-opacity":"","overlay-gradient":""},"mobile":{"background-color":"var(--ast-global-color-5)","background-image":"","background-repeat":"repeat","background-position":"center center","background-size":"auto","background-attachment":"scroll","background-type":"","background-media":"","overlay-type":"","overlay-color":"","overlay-opacity":"","overlay-gradient":""}},"footnotes":""},"categories":[6],"tags":[],"class_list":["post-5679","post","type-post","status-publish","format-standard","has-post-thumbnail","hentry","category-externes"],"yoast_head":"<!-- This site is optimized with the Yoast SEO plugin v27.4 - https:\/\/yoast.com\/product\/yoast-seo-wordpress\/ -->\n<title>on 23 octobre 2025 at 5h51 \ud83c\udf2c\ufe0f Temp\u00eate Benjamin - Point de 7h  Les vents soufflent violemment sur les c\u00f4tes atlantiques et de la Manche. Plusieurs rafales remarquables ont \u00e9t\u00e9 relev\u00e9es ces derni\u00e8res heures :   \ud83d\udca8 Rafales maximales observ\u00e9es :  - Saint-Cl\u00e9ment-des-Baleines (17) : 141.8 km\/h  - \u00cele d\u2019Aix (17) : 136.8 km\/h  - Cap de la H\u00e8ve (76) : 127.1 km\/h  - \u00cele de Groix (56) : 123.1 km\/h  - Chassiron (17) : 122.8 km\/h  - F\u00e9camp (76) : 122.4 km\/h   \ud83d\udc49 De fortes rafales se maintiennent encore ce matin sur les littoraux atlantiques et la Normandie.  \ud83d\udd0e Suivez l\u2019\u00e9volution en temps r\u00e9el sur Infoclimat   #Temp\u00eateBenjamin #me\u0301te\u0301o #infoclimat #temp\u00eatePhotos de la publication de Infoclimat - Meteo Sain-Bel<\/title>\n<meta name=\"robots\" content=\"index, follow, max-snippet:-1, max-image-preview:large, max-video-preview:-1\" \/>\n<link rel=\"canonical\" href=\"https:\/\/meteo-sain-bel.fr\/wp\/blog\/on-23-octobre-2025-at-5h51-\ud83c\udf2c\ufe0f-tempete-benjamin-point-de-7h-les-vents-soufflent-violemment-sur-les-cotes-atlantiques-et-de-la-manche-plusieurs-rafales-remarquables-ont-ete-rele\/\" \/>\n<meta property=\"og:locale\" content=\"fr_FR\" \/>\n<meta property=\"og:type\" content=\"article\" \/>\n<meta property=\"og:title\" content=\"on 23 octobre 2025 at 5h51 \ud83c\udf2c\ufe0f Temp\u00eate Benjamin - Point de 7h  Les vents soufflent violemment sur les c\u00f4tes atlantiques et de la Manche. Plusieurs rafales remarquables ont \u00e9t\u00e9 relev\u00e9es ces derni\u00e8res heures :   \ud83d\udca8 Rafales maximales observ\u00e9es :  - Saint-Cl\u00e9ment-des-Baleines (17) : 141.8 km\/h  - \u00cele d\u2019Aix (17) : 136.8 km\/h  - Cap de la H\u00e8ve (76) : 127.1 km\/h  - \u00cele de Groix (56) : 123.1 km\/h  - Chassiron (17) : 122.8 km\/h  - F\u00e9camp (76) : 122.4 km\/h   \ud83d\udc49 De fortes rafales se maintiennent encore ce matin sur les littoraux atlantiques et la Normandie.  \ud83d\udd0e Suivez l\u2019\u00e9volution en temps r\u00e9el sur Infoclimat   #Temp\u00eateBenjamin #me\u0301te\u0301o #infoclimat #temp\u00eatePhotos de la publication de Infoclimat - Meteo Sain-Bel\" \/>\n<meta property=\"og:description\" content=\"M\u00e9t\u00e9o\u00a0 Republi\u00e9 via Innoreader Read More \ud83c\udf2c\ufe0f Temp\u00eate Benjamin &#8211; Point de 7h Les vents soufflent violemment sur les c\u00f4tes atlantiques et de la Manche. [&hellip;]\" \/>\n<meta property=\"og:url\" content=\"https:\/\/meteo-sain-bel.fr\/wp\/blog\/on-23-octobre-2025-at-5h51-\ud83c\udf2c\ufe0f-tempete-benjamin-point-de-7h-les-vents-soufflent-violemment-sur-les-cotes-atlantiques-et-de-la-manche-plusieurs-rafales-remarquables-ont-ete-rele\/\" \/>\n<meta property=\"og:site_name\" content=\"Meteo Sain-Bel\" \/>\n<meta property=\"article:publisher\" content=\"https:\/\/www.facebook.com\/meteosainbel\" \/>\n<meta property=\"article:published_time\" content=\"2025-10-23T05:51:42+00:00\" \/>\n<meta property=\"og:image\" content=\"https:\/\/scontent.fsof11-1.fna.fbcdn.net\/v\/t39.30808-6\/569197203_1224821569675461_8281718587809244639_n.jpg?stp=cp1_dst-jpg_p720x720_tt6&amp;_nc_cat=106&amp;ccb=1-7&amp;_nc_sid=127cfc&amp;_nc_ohc=z3wOtKHsBWgQ7kNvwGcDiDW&amp;_nc_oc=AdliHzU1y_uuoVFv2z7Ha0X6M6-Im6_IPTv6BaMNmWTt9qLiWIMYjHqKF8UfKPfa7wQ&amp;_nc_zt=23&amp;_nc_ht=scontent.fsof11-1.fna&amp;edm=AKIiGfEEAAAA&amp;_nc_gid=puZo0ipB9nQVekKgIuEb-A&amp;_nc_tpa=Q5bMBQHjBGdx91ynljAuWiQ2G2HweuLJO4H4oidZ1OQkgiSpaJjIrAnGly3zgRoy0_eB2fXjdu02SgbQ&amp;oh=00_AfdoU7KDMAIzK41JaGdSG7kMWKxXIrt_aY_3APG_8JFTiQ&amp;oe=68FF7E13\" \/>\n<meta name=\"author\" content=\"Webmaster Meteo Sain-Bel\" \/>\n<meta name=\"twitter:card\" content=\"summary_large_image\" \/>\n<meta name=\"twitter:creator\" content=\"@pichej\" \/>\n<meta name=\"twitter:site\" content=\"@pichej\" \/>\n<script type=\"application\/ld+json\" class=\"yoast-schema-graph\">{\"@context\":\"https:\\\/\\\/schema.org\",\"@graph\":[{\"@type\":\"Article\",\"@id\":\"https:\\\/\\\/meteo-sain-bel.fr\\\/wp\\\/blog\\\/on-23-octobre-2025-at-5h51-%f0%9f%8c%ac%ef%b8%8f-tempete-benjamin-point-de-7h-les-vents-soufflent-violemment-sur-les-cotes-atlantiques-et-de-la-manche-plusieurs-rafales-remarquables-ont-ete-rele\\\/#article\",\"isPartOf\":{\"@id\":\"https:\\\/\\\/meteo-sain-bel.fr\\\/wp\\\/blog\\\/on-23-octobre-2025-at-5h51-%f0%9f%8c%ac%ef%b8%8f-tempete-benjamin-point-de-7h-les-vents-soufflent-violemment-sur-les-cotes-atlantiques-et-de-la-manche-plusieurs-rafales-remarquables-ont-ete-rele\\\/\"},\"author\":{\"name\":\"Webmaster Meteo Sain-Bel\",\"@id\":\"https:\\\/\\\/meteo-sain-bel.fr\\\/wp\\\/#\\\/schema\\\/person\\\/01aaa16bd38fc34093b74f9fe631ce9f\"},\"headline\":\"on 23 octobre 2025 at 5h51 \ud83c\udf2c\ufe0f Temp\u00eate Benjamin &#8211; Point de 7h Les vents soufflent violemment sur les c\u00f4tes atlantiques et de la Manche. Plusieurs rafales remarquables ont \u00e9t\u00e9 relev\u00e9es ces derni\u00e8res heures : \ud83d\udca8 Rafales maximales observ\u00e9es : &#8211; Saint-Cl\u00e9ment-des-Baleines (17) : 141.8 km\\\/h &#8211; \u00cele d\u2019Aix (17) : 136.8 km\\\/h &#8211; Cap de la H\u00e8ve (76) : 127.1 km\\\/h &#8211; \u00cele de Groix (56) : 123.1 km\\\/h &#8211; Chassiron (17) : 122.8 km\\\/h &#8211; F\u00e9camp (76) : 122.4 km\\\/h \ud83d\udc49 De fortes rafales se maintiennent encore ce matin sur les littoraux atlantiques et la Normandie. \ud83d\udd0e Suivez l\u2019\u00e9volution en temps r\u00e9el sur Infoclimat #Temp\u00eateBenjamin #me\u0301te\u0301o #infoclimat #temp\u00eatePhotos de la publication de Infoclimat\",\"datePublished\":\"2025-10-23T05:51:42+00:00\",\"mainEntityOfPage\":{\"@id\":\"https:\\\/\\\/meteo-sain-bel.fr\\\/wp\\\/blog\\\/on-23-octobre-2025-at-5h51-%f0%9f%8c%ac%ef%b8%8f-tempete-benjamin-point-de-7h-les-vents-soufflent-violemment-sur-les-cotes-atlantiques-et-de-la-manche-plusieurs-rafales-remarquables-ont-ete-rele\\\/\"},\"wordCount\":225,\"commentCount\":0,\"publisher\":{\"@id\":\"https:\\\/\\\/meteo-sain-bel.fr\\\/wp\\\/#organization\"},\"image\":{\"@id\":\"https:\\\/\\\/meteo-sain-bel.fr\\\/wp\\\/blog\\\/on-23-octobre-2025-at-5h51-%f0%9f%8c%ac%ef%b8%8f-tempete-benjamin-point-de-7h-les-vents-soufflent-violemment-sur-les-cotes-atlantiques-et-de-la-manche-plusieurs-rafales-remarquables-ont-ete-rele\\\/#primaryimage\"},\"thumbnailUrl\":\"https:\\\/\\\/meteo-sain-bel.fr\\\/wp\\\/wp-content\\\/uploads\\\/2025\\\/10\\\/569197203_1224821569675461_8281718587809244639_n-xIGCIO.jpg\",\"articleSection\":[\"Sources Externes\"],\"inLanguage\":\"fr-FR\",\"potentialAction\":[{\"@type\":\"CommentAction\",\"name\":\"Comment\",\"target\":[\"https:\\\/\\\/meteo-sain-bel.fr\\\/wp\\\/blog\\\/on-23-octobre-2025-at-5h51-%f0%9f%8c%ac%ef%b8%8f-tempete-benjamin-point-de-7h-les-vents-soufflent-violemment-sur-les-cotes-atlantiques-et-de-la-manche-plusieurs-rafales-remarquables-ont-ete-rele\\\/#respond\"]}]},{\"@type\":\"WebPage\",\"@id\":\"https:\\\/\\\/meteo-sain-bel.fr\\\/wp\\\/blog\\\/on-23-octobre-2025-at-5h51-%f0%9f%8c%ac%ef%b8%8f-tempete-benjamin-point-de-7h-les-vents-soufflent-violemment-sur-les-cotes-atlantiques-et-de-la-manche-plusieurs-rafales-remarquables-ont-ete-rele\\\/\",\"url\":\"https:\\\/\\\/meteo-sain-bel.fr\\\/wp\\\/blog\\\/on-23-octobre-2025-at-5h51-%f0%9f%8c%ac%ef%b8%8f-tempete-benjamin-point-de-7h-les-vents-soufflent-violemment-sur-les-cotes-atlantiques-et-de-la-manche-plusieurs-rafales-remarquables-ont-ete-rele\\\/\",\"name\":\"on 23 octobre 2025 at 5h51 \ud83c\udf2c\ufe0f Temp\u00eate Benjamin - Point de 7h Les vents soufflent violemment sur les c\u00f4tes atlantiques et de la Manche. Plusieurs rafales remarquables ont \u00e9t\u00e9 relev\u00e9es ces derni\u00e8res heures : \ud83d\udca8 Rafales maximales observ\u00e9es : - Saint-Cl\u00e9ment-des-Baleines (17) : 141.8 km\\\/h - \u00cele d\u2019Aix (17) : 136.8 km\\\/h - Cap de la H\u00e8ve (76) : 127.1 km\\\/h - \u00cele de Groix (56) : 123.1 km\\\/h - Chassiron (17) : 122.8 km\\\/h - F\u00e9camp (76) : 122.4 km\\\/h \ud83d\udc49 De fortes rafales se maintiennent encore ce matin sur les littoraux atlantiques et la Normandie. \ud83d\udd0e Suivez l\u2019\u00e9volution en temps r\u00e9el sur Infoclimat #Temp\u00eateBenjamin #me\u0301te\u0301o #infoclimat #temp\u00eatePhotos de la publication de Infoclimat - Meteo Sain-Bel\",\"isPartOf\":{\"@id\":\"https:\\\/\\\/meteo-sain-bel.fr\\\/wp\\\/#website\"},\"primaryImageOfPage\":{\"@id\":\"https:\\\/\\\/meteo-sain-bel.fr\\\/wp\\\/blog\\\/on-23-octobre-2025-at-5h51-%f0%9f%8c%ac%ef%b8%8f-tempete-benjamin-point-de-7h-les-vents-soufflent-violemment-sur-les-cotes-atlantiques-et-de-la-manche-plusieurs-rafales-remarquables-ont-ete-rele\\\/#primaryimage\"},\"image\":{\"@id\":\"https:\\\/\\\/meteo-sain-bel.fr\\\/wp\\\/blog\\\/on-23-octobre-2025-at-5h51-%f0%9f%8c%ac%ef%b8%8f-tempete-benjamin-point-de-7h-les-vents-soufflent-violemment-sur-les-cotes-atlantiques-et-de-la-manche-plusieurs-rafales-remarquables-ont-ete-rele\\\/#primaryimage\"},\"thumbnailUrl\":\"https:\\\/\\\/meteo-sain-bel.fr\\\/wp\\\/wp-content\\\/uploads\\\/2025\\\/10\\\/569197203_1224821569675461_8281718587809244639_n-xIGCIO.jpg\",\"datePublished\":\"2025-10-23T05:51:42+00:00\",\"breadcrumb\":{\"@id\":\"https:\\\/\\\/meteo-sain-bel.fr\\\/wp\\\/blog\\\/on-23-octobre-2025-at-5h51-%f0%9f%8c%ac%ef%b8%8f-tempete-benjamin-point-de-7h-les-vents-soufflent-violemment-sur-les-cotes-atlantiques-et-de-la-manche-plusieurs-rafales-remarquables-ont-ete-rele\\\/#breadcrumb\"},\"inLanguage\":\"fr-FR\",\"potentialAction\":[{\"@type\":\"ReadAction\",\"target\":[\"https:\\\/\\\/meteo-sain-bel.fr\\\/wp\\\/blog\\\/on-23-octobre-2025-at-5h51-%f0%9f%8c%ac%ef%b8%8f-tempete-benjamin-point-de-7h-les-vents-soufflent-violemment-sur-les-cotes-atlantiques-et-de-la-manche-plusieurs-rafales-remarquables-ont-ete-rele\\\/\"]}]},{\"@type\":\"ImageObject\",\"inLanguage\":\"fr-FR\",\"@id\":\"https:\\\/\\\/meteo-sain-bel.fr\\\/wp\\\/blog\\\/on-23-octobre-2025-at-5h51-%f0%9f%8c%ac%ef%b8%8f-tempete-benjamin-point-de-7h-les-vents-soufflent-violemment-sur-les-cotes-atlantiques-et-de-la-manche-plusieurs-rafales-remarquables-ont-ete-rele\\\/#primaryimage\",\"url\":\"https:\\\/\\\/meteo-sain-bel.fr\\\/wp\\\/wp-content\\\/uploads\\\/2025\\\/10\\\/569197203_1224821569675461_8281718587809244639_n-xIGCIO.jpg\",\"contentUrl\":\"https:\\\/\\\/meteo-sain-bel.fr\\\/wp\\\/wp-content\\\/uploads\\\/2025\\\/10\\\/569197203_1224821569675461_8281718587809244639_n-xIGCIO.jpg\",\"width\":1498,\"height\":720},{\"@type\":\"BreadcrumbList\",\"@id\":\"https:\\\/\\\/meteo-sain-bel.fr\\\/wp\\\/blog\\\/on-23-octobre-2025-at-5h51-%f0%9f%8c%ac%ef%b8%8f-tempete-benjamin-point-de-7h-les-vents-soufflent-violemment-sur-les-cotes-atlantiques-et-de-la-manche-plusieurs-rafales-remarquables-ont-ete-rele\\\/#breadcrumb\",\"itemListElement\":[{\"@type\":\"ListItem\",\"position\":1,\"name\":\"Accueil\",\"item\":\"https:\\\/\\\/meteo-sain-bel.fr\\\/wp\\\/\"},{\"@type\":\"ListItem\",\"position\":2,\"name\":\"on 23 octobre 2025 at 5h51 \ud83c\udf2c\ufe0f Temp\u00eate Benjamin &#8211; Point de 7h Les vents soufflent violemment sur les c\u00f4tes atlantiques et de la Manche. Plusieurs rafales remarquables ont \u00e9t\u00e9 relev\u00e9es ces derni\u00e8res heures : \ud83d\udca8 Rafales maximales observ\u00e9es : &#8211; Saint-Cl\u00e9ment-des-Baleines (17) : 141.8 km\\\/h &#8211; \u00cele d\u2019Aix (17) : 136.8 km\\\/h &#8211; Cap de la H\u00e8ve (76) : 127.1 km\\\/h &#8211; \u00cele de Groix (56) : 123.1 km\\\/h &#8211; Chassiron (17) : 122.8 km\\\/h &#8211; F\u00e9camp (76) : 122.4 km\\\/h \ud83d\udc49 De fortes rafales se maintiennent encore ce matin sur les littoraux atlantiques et la Normandie. \ud83d\udd0e Suivez l\u2019\u00e9volution en temps r\u00e9el sur Infoclimat #Temp\u00eateBenjamin #me\u0301te\u0301o #infoclimat #temp\u00eatePhotos de la publication de Infoclimat\"}]},{\"@type\":\"WebSite\",\"@id\":\"https:\\\/\\\/meteo-sain-bel.fr\\\/wp\\\/#website\",\"url\":\"https:\\\/\\\/meteo-sain-bel.fr\\\/wp\\\/\",\"name\":\"Meteo Sain-Bel\",\"description\":\"Station m\u00e9t\u00e9orologique, donn\u00e9es en temps r\u00e9el 24h\\\/24 et Webcam \u00e0 Sain-Bel (69210) Pays de l\u2019Arbresle, 69 Rh\u00f4ne, France\",\"publisher\":{\"@id\":\"https:\\\/\\\/meteo-sain-bel.fr\\\/wp\\\/#organization\"},\"alternateName\":\"Site m\u00e9t\u00e9o de Sain-Bel, Rh\u00f4ne\",\"potentialAction\":[{\"@type\":\"SearchAction\",\"target\":{\"@type\":\"EntryPoint\",\"urlTemplate\":\"https:\\\/\\\/meteo-sain-bel.fr\\\/wp\\\/?s={search_term_string}\"},\"query-input\":{\"@type\":\"PropertyValueSpecification\",\"valueRequired\":true,\"valueName\":\"search_term_string\"}}],\"inLanguage\":\"fr-FR\"},{\"@type\":\"Organization\",\"@id\":\"https:\\\/\\\/meteo-sain-bel.fr\\\/wp\\\/#organization\",\"name\":\"Meteo Sain-Bel\",\"url\":\"https:\\\/\\\/meteo-sain-bel.fr\\\/wp\\\/\",\"logo\":{\"@type\":\"ImageObject\",\"inLanguage\":\"fr-FR\",\"@id\":\"https:\\\/\\\/meteo-sain-bel.fr\\\/wp\\\/#\\\/schema\\\/logo\\\/image\\\/\",\"url\":\"https:\\\/\\\/meteo-sain-bel.fr\\\/wp\\\/wp-content\\\/uploads\\\/2024\\\/07\\\/cropped-cropped-Capture-decran-2024-07-13-065002.png\",\"contentUrl\":\"https:\\\/\\\/meteo-sain-bel.fr\\\/wp\\\/wp-content\\\/uploads\\\/2024\\\/07\\\/cropped-cropped-Capture-decran-2024-07-13-065002.png\",\"width\":336,\"height\":283,\"caption\":\"Meteo Sain-Bel\"},\"image\":{\"@id\":\"https:\\\/\\\/meteo-sain-bel.fr\\\/wp\\\/#\\\/schema\\\/logo\\\/image\\\/\"},\"sameAs\":[\"https:\\\/\\\/www.facebook.com\\\/meteosainbel\",\"https:\\\/\\\/x.com\\\/pichej\",\"https:\\\/\\\/www.instagram.com\\\/pichej\"]},{\"@type\":\"Person\",\"@id\":\"https:\\\/\\\/meteo-sain-bel.fr\\\/wp\\\/#\\\/schema\\\/person\\\/01aaa16bd38fc34093b74f9fe631ce9f\",\"name\":\"Webmaster Meteo Sain-Bel\",\"image\":{\"@type\":\"ImageObject\",\"inLanguage\":\"fr-FR\",\"@id\":\"https:\\\/\\\/secure.gravatar.com\\\/avatar\\\/fbbe8b1b88f3bedc77cf954f56a4f23bb0cac63f504868560f513f1ccb1405ee?s=96&r=g\",\"url\":\"https:\\\/\\\/secure.gravatar.com\\\/avatar\\\/fbbe8b1b88f3bedc77cf954f56a4f23bb0cac63f504868560f513f1ccb1405ee?s=96&r=g\",\"contentUrl\":\"https:\\\/\\\/secure.gravatar.com\\\/avatar\\\/fbbe8b1b88f3bedc77cf954f56a4f23bb0cac63f504868560f513f1ccb1405ee?s=96&r=g\",\"caption\":\"Webmaster Meteo Sain-Bel\"},\"sameAs\":[\"http:\\\/\\\/meteo-sain-bel.fr\\\/wp\"],\"url\":\"https:\\\/\\\/meteo-sain-bel.fr\\\/wp\\\/blog\\\/author\\\/admin\\\/\"}]}<\/script>\n<!-- \/ Yoast SEO plugin. -->","yoast_head_json":{"title":"on 23 octobre 2025 at 5h51 \ud83c\udf2c\ufe0f Temp\u00eate Benjamin - Point de 7h  Les vents soufflent violemment sur les c\u00f4tes atlantiques et de la Manche. Plusieurs rafales remarquables ont \u00e9t\u00e9 relev\u00e9es ces derni\u00e8res heures :   \ud83d\udca8 Rafales maximales observ\u00e9es :  - Saint-Cl\u00e9ment-des-Baleines (17) : 141.8 km\/h  - \u00cele d\u2019Aix (17) : 136.8 km\/h  - Cap de la H\u00e8ve (76) : 127.1 km\/h  - \u00cele de Groix (56) : 123.1 km\/h  - Chassiron (17) : 122.8 km\/h  - F\u00e9camp (76) : 122.4 km\/h   \ud83d\udc49 De fortes rafales se maintiennent encore ce matin sur les littoraux atlantiques et la Normandie.  \ud83d\udd0e Suivez l\u2019\u00e9volution en temps r\u00e9el sur Infoclimat   #Temp\u00eateBenjamin #me\u0301te\u0301o #infoclimat #temp\u00eatePhotos de la publication de Infoclimat - Meteo Sain-Bel","robots":{"index":"index","follow":"follow","max-snippet":"max-snippet:-1","max-image-preview":"max-image-preview:large","max-video-preview":"max-video-preview:-1"},"canonical":"https:\/\/meteo-sain-bel.fr\/wp\/blog\/on-23-octobre-2025-at-5h51-\ud83c\udf2c\ufe0f-tempete-benjamin-point-de-7h-les-vents-soufflent-violemment-sur-les-cotes-atlantiques-et-de-la-manche-plusieurs-rafales-remarquables-ont-ete-rele\/","og_locale":"fr_FR","og_type":"article","og_title":"on 23 octobre 2025 at 5h51 \ud83c\udf2c\ufe0f Temp\u00eate Benjamin - Point de 7h  Les vents soufflent violemment sur les c\u00f4tes atlantiques et de la Manche. Plusieurs rafales remarquables ont \u00e9t\u00e9 relev\u00e9es ces derni\u00e8res heures :   \ud83d\udca8 Rafales maximales observ\u00e9es :  - Saint-Cl\u00e9ment-des-Baleines (17) : 141.8 km\/h  - \u00cele d\u2019Aix (17) : 136.8 km\/h  - Cap de la H\u00e8ve (76) : 127.1 km\/h  - \u00cele de Groix (56) : 123.1 km\/h  - Chassiron (17) : 122.8 km\/h  - F\u00e9camp (76) : 122.4 km\/h   \ud83d\udc49 De fortes rafales se maintiennent encore ce matin sur les littoraux atlantiques et la Normandie.  \ud83d\udd0e Suivez l\u2019\u00e9volution en temps r\u00e9el sur Infoclimat   #Temp\u00eateBenjamin #me\u0301te\u0301o #infoclimat #temp\u00eatePhotos de la publication de Infoclimat - Meteo Sain-Bel","og_description":"M\u00e9t\u00e9o\u00a0 Republi\u00e9 via Innoreader Read More \ud83c\udf2c\ufe0f Temp\u00eate Benjamin &#8211; Point de 7h Les vents soufflent violemment sur les c\u00f4tes atlantiques et de la Manche. [&hellip;]","og_url":"https:\/\/meteo-sain-bel.fr\/wp\/blog\/on-23-octobre-2025-at-5h51-\ud83c\udf2c\ufe0f-tempete-benjamin-point-de-7h-les-vents-soufflent-violemment-sur-les-cotes-atlantiques-et-de-la-manche-plusieurs-rafales-remarquables-ont-ete-rele\/","og_site_name":"Meteo Sain-Bel","article_publisher":"https:\/\/www.facebook.com\/meteosainbel","article_published_time":"2025-10-23T05:51:42+00:00","og_image":[{"url":"https:\/\/scontent.fsof11-1.fna.fbcdn.net\/v\/t39.30808-6\/569197203_1224821569675461_8281718587809244639_n.jpg?stp=cp1_dst-jpg_p720x720_tt6&amp;_nc_cat=106&amp;ccb=1-7&amp;_nc_sid=127cfc&amp;_nc_ohc=z3wOtKHsBWgQ7kNvwGcDiDW&amp;_nc_oc=AdliHzU1y_uuoVFv2z7Ha0X6M6-Im6_IPTv6BaMNmWTt9qLiWIMYjHqKF8UfKPfa7wQ&amp;_nc_zt=23&amp;_nc_ht=scontent.fsof11-1.fna&amp;edm=AKIiGfEEAAAA&amp;_nc_gid=puZo0ipB9nQVekKgIuEb-A&amp;_nc_tpa=Q5bMBQHjBGdx91ynljAuWiQ2G2HweuLJO4H4oidZ1OQkgiSpaJjIrAnGly3zgRoy0_eB2fXjdu02SgbQ&amp;oh=00_AfdoU7KDMAIzK41JaGdSG7kMWKxXIrt_aY_3APG_8JFTiQ&amp;oe=68FF7E13","type":"","width":"","height":""}],"author":"Webmaster Meteo Sain-Bel","twitter_card":"summary_large_image","twitter_creator":"@pichej","twitter_site":"@pichej","schema":{"@context":"https:\/\/schema.org","@graph":[{"@type":"Article","@id":"https:\/\/meteo-sain-bel.fr\/wp\/blog\/on-23-octobre-2025-at-5h51-%f0%9f%8c%ac%ef%b8%8f-tempete-benjamin-point-de-7h-les-vents-soufflent-violemment-sur-les-cotes-atlantiques-et-de-la-manche-plusieurs-rafales-remarquables-ont-ete-rele\/#article","isPartOf":{"@id":"https:\/\/meteo-sain-bel.fr\/wp\/blog\/on-23-octobre-2025-at-5h51-%f0%9f%8c%ac%ef%b8%8f-tempete-benjamin-point-de-7h-les-vents-soufflent-violemment-sur-les-cotes-atlantiques-et-de-la-manche-plusieurs-rafales-remarquables-ont-ete-rele\/"},"author":{"name":"Webmaster Meteo Sain-Bel","@id":"https:\/\/meteo-sain-bel.fr\/wp\/#\/schema\/person\/01aaa16bd38fc34093b74f9fe631ce9f"},"headline":"on 23 octobre 2025 at 5h51 \ud83c\udf2c\ufe0f Temp\u00eate Benjamin &#8211; Point de 7h Les vents soufflent violemment sur les c\u00f4tes atlantiques et de la Manche. Plusieurs rafales remarquables ont \u00e9t\u00e9 relev\u00e9es ces derni\u00e8res heures : \ud83d\udca8 Rafales maximales observ\u00e9es : &#8211; Saint-Cl\u00e9ment-des-Baleines (17) : 141.8 km\/h &#8211; \u00cele d\u2019Aix (17) : 136.8 km\/h &#8211; Cap de la H\u00e8ve (76) : 127.1 km\/h &#8211; \u00cele de Groix (56) : 123.1 km\/h &#8211; Chassiron (17) : 122.8 km\/h &#8211; F\u00e9camp (76) : 122.4 km\/h \ud83d\udc49 De fortes rafales se maintiennent encore ce matin sur les littoraux atlantiques et la Normandie. \ud83d\udd0e Suivez l\u2019\u00e9volution en temps r\u00e9el sur Infoclimat #Temp\u00eateBenjamin #me\u0301te\u0301o #infoclimat #temp\u00eatePhotos de la publication de Infoclimat","datePublished":"2025-10-23T05:51:42+00:00","mainEntityOfPage":{"@id":"https:\/\/meteo-sain-bel.fr\/wp\/blog\/on-23-octobre-2025-at-5h51-%f0%9f%8c%ac%ef%b8%8f-tempete-benjamin-point-de-7h-les-vents-soufflent-violemment-sur-les-cotes-atlantiques-et-de-la-manche-plusieurs-rafales-remarquables-ont-ete-rele\/"},"wordCount":225,"commentCount":0,"publisher":{"@id":"https:\/\/meteo-sain-bel.fr\/wp\/#organization"},"image":{"@id":"https:\/\/meteo-sain-bel.fr\/wp\/blog\/on-23-octobre-2025-at-5h51-%f0%9f%8c%ac%ef%b8%8f-tempete-benjamin-point-de-7h-les-vents-soufflent-violemment-sur-les-cotes-atlantiques-et-de-la-manche-plusieurs-rafales-remarquables-ont-ete-rele\/#primaryimage"},"thumbnailUrl":"https:\/\/meteo-sain-bel.fr\/wp\/wp-content\/uploads\/2025\/10\/569197203_1224821569675461_8281718587809244639_n-xIGCIO.jpg","articleSection":["Sources Externes"],"inLanguage":"fr-FR","potentialAction":[{"@type":"CommentAction","name":"Comment","target":["https:\/\/meteo-sain-bel.fr\/wp\/blog\/on-23-octobre-2025-at-5h51-%f0%9f%8c%ac%ef%b8%8f-tempete-benjamin-point-de-7h-les-vents-soufflent-violemment-sur-les-cotes-atlantiques-et-de-la-manche-plusieurs-rafales-remarquables-ont-ete-rele\/#respond"]}]},{"@type":"WebPage","@id":"https:\/\/meteo-sain-bel.fr\/wp\/blog\/on-23-octobre-2025-at-5h51-%f0%9f%8c%ac%ef%b8%8f-tempete-benjamin-point-de-7h-les-vents-soufflent-violemment-sur-les-cotes-atlantiques-et-de-la-manche-plusieurs-rafales-remarquables-ont-ete-rele\/","url":"https:\/\/meteo-sain-bel.fr\/wp\/blog\/on-23-octobre-2025-at-5h51-%f0%9f%8c%ac%ef%b8%8f-tempete-benjamin-point-de-7h-les-vents-soufflent-violemment-sur-les-cotes-atlantiques-et-de-la-manche-plusieurs-rafales-remarquables-ont-ete-rele\/","name":"on 23 octobre 2025 at 5h51 \ud83c\udf2c\ufe0f Temp\u00eate Benjamin - Point de 7h Les vents soufflent violemment sur les c\u00f4tes atlantiques et de la Manche. Plusieurs rafales remarquables ont \u00e9t\u00e9 relev\u00e9es ces derni\u00e8res heures : \ud83d\udca8 Rafales maximales observ\u00e9es : - Saint-Cl\u00e9ment-des-Baleines (17) : 141.8 km\/h - \u00cele d\u2019Aix (17) : 136.8 km\/h - Cap de la H\u00e8ve (76) : 127.1 km\/h - \u00cele de Groix (56) : 123.1 km\/h - Chassiron (17) : 122.8 km\/h - F\u00e9camp (76) : 122.4 km\/h \ud83d\udc49 De fortes rafales se maintiennent encore ce matin sur les littoraux atlantiques et la Normandie. \ud83d\udd0e Suivez l\u2019\u00e9volution en temps r\u00e9el sur Infoclimat #Temp\u00eateBenjamin #me\u0301te\u0301o #infoclimat #temp\u00eatePhotos de la publication de Infoclimat - Meteo Sain-Bel","isPartOf":{"@id":"https:\/\/meteo-sain-bel.fr\/wp\/#website"},"primaryImageOfPage":{"@id":"https:\/\/meteo-sain-bel.fr\/wp\/blog\/on-23-octobre-2025-at-5h51-%f0%9f%8c%ac%ef%b8%8f-tempete-benjamin-point-de-7h-les-vents-soufflent-violemment-sur-les-cotes-atlantiques-et-de-la-manche-plusieurs-rafales-remarquables-ont-ete-rele\/#primaryimage"},"image":{"@id":"https:\/\/meteo-sain-bel.fr\/wp\/blog\/on-23-octobre-2025-at-5h51-%f0%9f%8c%ac%ef%b8%8f-tempete-benjamin-point-de-7h-les-vents-soufflent-violemment-sur-les-cotes-atlantiques-et-de-la-manche-plusieurs-rafales-remarquables-ont-ete-rele\/#primaryimage"},"thumbnailUrl":"https:\/\/meteo-sain-bel.fr\/wp\/wp-content\/uploads\/2025\/10\/569197203_1224821569675461_8281718587809244639_n-xIGCIO.jpg","datePublished":"2025-10-23T05:51:42+00:00","breadcrumb":{"@id":"https:\/\/meteo-sain-bel.fr\/wp\/blog\/on-23-octobre-2025-at-5h51-%f0%9f%8c%ac%ef%b8%8f-tempete-benjamin-point-de-7h-les-vents-soufflent-violemment-sur-les-cotes-atlantiques-et-de-la-manche-plusieurs-rafales-remarquables-ont-ete-rele\/#breadcrumb"},"inLanguage":"fr-FR","potentialAction":[{"@type":"ReadAction","target":["https:\/\/meteo-sain-bel.fr\/wp\/blog\/on-23-octobre-2025-at-5h51-%f0%9f%8c%ac%ef%b8%8f-tempete-benjamin-point-de-7h-les-vents-soufflent-violemment-sur-les-cotes-atlantiques-et-de-la-manche-plusieurs-rafales-remarquables-ont-ete-rele\/"]}]},{"@type":"ImageObject","inLanguage":"fr-FR","@id":"https:\/\/meteo-sain-bel.fr\/wp\/blog\/on-23-octobre-2025-at-5h51-%f0%9f%8c%ac%ef%b8%8f-tempete-benjamin-point-de-7h-les-vents-soufflent-violemment-sur-les-cotes-atlantiques-et-de-la-manche-plusieurs-rafales-remarquables-ont-ete-rele\/#primaryimage","url":"https:\/\/meteo-sain-bel.fr\/wp\/wp-content\/uploads\/2025\/10\/569197203_1224821569675461_8281718587809244639_n-xIGCIO.jpg","contentUrl":"https:\/\/meteo-sain-bel.fr\/wp\/wp-content\/uploads\/2025\/10\/569197203_1224821569675461_8281718587809244639_n-xIGCIO.jpg","width":1498,"height":720},{"@type":"BreadcrumbList","@id":"https:\/\/meteo-sain-bel.fr\/wp\/blog\/on-23-octobre-2025-at-5h51-%f0%9f%8c%ac%ef%b8%8f-tempete-benjamin-point-de-7h-les-vents-soufflent-violemment-sur-les-cotes-atlantiques-et-de-la-manche-plusieurs-rafales-remarquables-ont-ete-rele\/#breadcrumb","itemListElement":[{"@type":"ListItem","position":1,"name":"Accueil","item":"https:\/\/meteo-sain-bel.fr\/wp\/"},{"@type":"ListItem","position":2,"name":"on 23 octobre 2025 at 5h51 \ud83c\udf2c\ufe0f Temp\u00eate Benjamin &#8211; Point de 7h Les vents soufflent violemment sur les c\u00f4tes atlantiques et de la Manche. Plusieurs rafales remarquables ont \u00e9t\u00e9 relev\u00e9es ces derni\u00e8res heures : \ud83d\udca8 Rafales maximales observ\u00e9es : &#8211; Saint-Cl\u00e9ment-des-Baleines (17) : 141.8 km\/h &#8211; \u00cele d\u2019Aix (17) : 136.8 km\/h &#8211; Cap de la H\u00e8ve (76) : 127.1 km\/h &#8211; \u00cele de Groix (56) : 123.1 km\/h &#8211; Chassiron (17) : 122.8 km\/h &#8211; F\u00e9camp (76) : 122.4 km\/h \ud83d\udc49 De fortes rafales se maintiennent encore ce matin sur les littoraux atlantiques et la Normandie. \ud83d\udd0e Suivez l\u2019\u00e9volution en temps r\u00e9el sur Infoclimat #Temp\u00eateBenjamin #me\u0301te\u0301o #infoclimat #temp\u00eatePhotos de la publication de Infoclimat"}]},{"@type":"WebSite","@id":"https:\/\/meteo-sain-bel.fr\/wp\/#website","url":"https:\/\/meteo-sain-bel.fr\/wp\/","name":"Meteo Sain-Bel","description":"Station m\u00e9t\u00e9orologique, donn\u00e9es en temps r\u00e9el 24h\/24 et Webcam \u00e0 Sain-Bel (69210) Pays de l\u2019Arbresle, 69 Rh\u00f4ne, France","publisher":{"@id":"https:\/\/meteo-sain-bel.fr\/wp\/#organization"},"alternateName":"Site m\u00e9t\u00e9o de Sain-Bel, Rh\u00f4ne","potentialAction":[{"@type":"SearchAction","target":{"@type":"EntryPoint","urlTemplate":"https:\/\/meteo-sain-bel.fr\/wp\/?s={search_term_string}"},"query-input":{"@type":"PropertyValueSpecification","valueRequired":true,"valueName":"search_term_string"}}],"inLanguage":"fr-FR"},{"@type":"Organization","@id":"https:\/\/meteo-sain-bel.fr\/wp\/#organization","name":"Meteo Sain-Bel","url":"https:\/\/meteo-sain-bel.fr\/wp\/","logo":{"@type":"ImageObject","inLanguage":"fr-FR","@id":"https:\/\/meteo-sain-bel.fr\/wp\/#\/schema\/logo\/image\/","url":"https:\/\/meteo-sain-bel.fr\/wp\/wp-content\/uploads\/2024\/07\/cropped-cropped-Capture-decran-2024-07-13-065002.png","contentUrl":"https:\/\/meteo-sain-bel.fr\/wp\/wp-content\/uploads\/2024\/07\/cropped-cropped-Capture-decran-2024-07-13-065002.png","width":336,"height":283,"caption":"Meteo Sain-Bel"},"image":{"@id":"https:\/\/meteo-sain-bel.fr\/wp\/#\/schema\/logo\/image\/"},"sameAs":["https:\/\/www.facebook.com\/meteosainbel","https:\/\/x.com\/pichej","https:\/\/www.instagram.com\/pichej"]},{"@type":"Person","@id":"https:\/\/meteo-sain-bel.fr\/wp\/#\/schema\/person\/01aaa16bd38fc34093b74f9fe631ce9f","name":"Webmaster Meteo Sain-Bel","image":{"@type":"ImageObject","inLanguage":"fr-FR","@id":"https:\/\/secure.gravatar.com\/avatar\/fbbe8b1b88f3bedc77cf954f56a4f23bb0cac63f504868560f513f1ccb1405ee?s=96&r=g","url":"https:\/\/secure.gravatar.com\/avatar\/fbbe8b1b88f3bedc77cf954f56a4f23bb0cac63f504868560f513f1ccb1405ee?s=96&r=g","contentUrl":"https:\/\/secure.gravatar.com\/avatar\/fbbe8b1b88f3bedc77cf954f56a4f23bb0cac63f504868560f513f1ccb1405ee?s=96&r=g","caption":"Webmaster Meteo Sain-Bel"},"sameAs":["http:\/\/meteo-sain-bel.fr\/wp"],"url":"https:\/\/meteo-sain-bel.fr\/wp\/blog\/author\/admin\/"}]}},"uagb_featured_image_src":{"full":["https:\/\/meteo-sain-bel.fr\/wp\/wp-content\/uploads\/2025\/10\/569197203_1224821569675461_8281718587809244639_n-xIGCIO.jpg",1498,720,false],"thumbnail":["https:\/\/meteo-sain-bel.fr\/wp\/wp-content\/uploads\/2025\/10\/569197203_1224821569675461_8281718587809244639_n-xIGCIO-150x150.jpg",150,150,true],"medium":["https:\/\/meteo-sain-bel.fr\/wp\/wp-content\/uploads\/2025\/10\/569197203_1224821569675461_8281718587809244639_n-xIGCIO-300x144.jpg",300,144,true],"medium_large":["https:\/\/meteo-sain-bel.fr\/wp\/wp-content\/uploads\/2025\/10\/569197203_1224821569675461_8281718587809244639_n-xIGCIO-768x369.jpg",768,369,true],"large":["https:\/\/meteo-sain-bel.fr\/wp\/wp-content\/uploads\/2025\/10\/569197203_1224821569675461_8281718587809244639_n-xIGCIO-1024x492.jpg",1024,492,true],"1536x1536":["https:\/\/meteo-sain-bel.fr\/wp\/wp-content\/uploads\/2025\/10\/569197203_1224821569675461_8281718587809244639_n-xIGCIO.jpg",1498,720,false],"2048x2048":["https:\/\/meteo-sain-bel.fr\/wp\/wp-content\/uploads\/2025\/10\/569197203_1224821569675461_8281718587809244639_n-xIGCIO.jpg",1498,720,false]},"uagb_author_info":{"display_name":"Webmaster Meteo Sain-Bel","author_link":"https:\/\/meteo-sain-bel.fr\/wp\/blog\/author\/admin\/"},"uagb_comment_info":0,"uagb_excerpt":"M\u00e9t\u00e9o\u00a0 Republi\u00e9 via Innoreader Read More \ud83c\udf2c\ufe0f Temp\u00eate Benjamin &#8211; Point de 7h Les vents soufflent violemment sur les c\u00f4tes atlantiques et de la Manche. [&hellip;]","_links":{"self":[{"href":"https:\/\/meteo-sain-bel.fr\/wp\/wp-json\/wp\/v2\/posts\/5679","targetHints":{"allow":["GET"]}}],"collection":[{"href":"https:\/\/meteo-sain-bel.fr\/wp\/wp-json\/wp\/v2\/posts"}],"about":[{"href":"https:\/\/meteo-sain-bel.fr\/wp\/wp-json\/wp\/v2\/types\/post"}],"author":[{"embeddable":true,"href":"https:\/\/meteo-sain-bel.fr\/wp\/wp-json\/wp\/v2\/users\/1"}],"replies":[{"embeddable":true,"href":"https:\/\/meteo-sain-bel.fr\/wp\/wp-json\/wp\/v2\/comments?post=5679"}],"version-history":[{"count":0,"href":"https:\/\/meteo-sain-bel.fr\/wp\/wp-json\/wp\/v2\/posts\/5679\/revisions"}],"wp:featuredmedia":[{"embeddable":true,"href":"https:\/\/meteo-sain-bel.fr\/wp\/wp-json\/wp\/v2\/media\/5680"}],"wp:attachment":[{"href":"https:\/\/meteo-sain-bel.fr\/wp\/wp-json\/wp\/v2\/media?parent=5679"}],"wp:term":[{"taxonomy":"category","embeddable":true,"href":"https:\/\/meteo-sain-bel.fr\/wp\/wp-json\/wp\/v2\/categories?post=5679"},{"taxonomy":"post_tag","embeddable":true,"href":"https:\/\/meteo-sain-bel.fr\/wp\/wp-json\/wp\/v2\/tags?post=5679"}],"curies":[{"name":"wp","href":"https:\/\/api.w.org\/{rel}","templated":true}]}}