{"id":5663,"date":"2025-10-22T14:48:15","date_gmt":"2025-10-22T12:48:15","guid":{"rendered":"https:\/\/meteo-sain-bel.fr\/wp\/blog\/on-22-octobre-2025-at-12h48-%f0%9f%8c%a7-les-cumuls-depuis-dimanche-sont-importants-avec-une-etendue-assez-vaste-de-stations-depassant-les-100-mm-la-pluie-va-se-poursuivre-avec-une-tempete-prevue\/"},"modified":"2025-10-22T14:48:15","modified_gmt":"2025-10-22T12:48:15","slug":"on-22-octobre-2025-at-12h48-%f0%9f%8c%a7-les-cumuls-depuis-dimanche-sont-importants-avec-une-etendue-assez-vaste-de-stations-depassant-les-100-mm-la-pluie-va-se-poursuivre-avec-une-tempete-prevue","status":"publish","type":"post","link":"https:\/\/meteo-sain-bel.fr\/wp\/blog\/on-22-octobre-2025-at-12h48-%f0%9f%8c%a7-les-cumuls-depuis-dimanche-sont-importants-avec-une-etendue-assez-vaste-de-stations-depassant-les-100-mm-la-pluie-va-se-poursuivre-avec-une-tempete-prevue\/","title":{"rendered":"on 22 octobre 2025 at 12h48  \ud83c\udf27 Les cumuls depuis dimanche sont importants, avec une \u00e9tendue assez vaste de stations d\u00e9passant les 100 mm. La pluie va se poursuivre, avec une temp\u00eate pr\u00e9vue demain (6 d\u00e9partements de la moiti\u00e9 Ouest ont \u00e9t\u00e9 plac\u00e9s en vigilance orange vent par M\u00e9t\u00e9o-France).  \n  \n\ud83d\udccdC\u00f4t\u00e9 pluie, il est tomb\u00e9 depuis dimanche :  \n  \n159 mm \u00e0 Beaumont-du-Ventoux (84)  \n154 mm au Lioran (15)  \n140 mm aux Salces-Fromental (48)  \n136 mm \u00e0 Bugeat (19)  \n132 mm \u00e0 Aurelle-Verlac (12)  \n130 mm \u00e0 Moncouti\u00e9 (46)  \n122 mm \u00e0 Maurs (15) et \u00e0 Vieillevie (15)  \n120 mm au Ballon d&#8217;Alsace (90)  \n117 mm \u00e0 Croix Millet (07)  \n111 mm \u00e0 Bagnac-sur-C\u00e9l\u00e9 (46)  \n108 mm \u00e0 Beaumont-du-Lac (87)  \n  \n #infoclimat"},"content":{"rendered":"<p>M\u00e9t\u00e9o\u00a0 Republi\u00e9 via Innoreader <a href=\"https:\/\/www.facebook.com\/457169573107335\/posts\/1224180279739590\" target=\"_blank\" class=\"feedzy-rss-link-icon\">Read More<\/a><\/p>\n<p>\ud83c\udf27 Les cumuls depuis dimanche sont importants, avec une \u00e9tendue assez vaste de stations d\u00e9passant les 100 mm. La pluie va se poursuivre, avec une temp\u00eate pr\u00e9vue demain (6 d\u00e9partements de la moiti\u00e9 Ouest ont \u00e9t\u00e9 plac\u00e9s en vigilance orange vent par M\u00e9t\u00e9o-France).<\/p>\n<p>\ud83d\udccdC\u00f4t\u00e9 pluie, il est tomb\u00e9 depuis dimanche :<\/p>\n<p>159 mm \u00e0 Beaumont-du-Ventoux (84)<br \/> <br \/>\n154 mm au Lioran (15)<br \/> <br \/>\n140 mm aux Salces-Fromental (48)<br \/> <br \/>\n136 mm \u00e0 Bugeat (19)<br \/> <br \/>\n132 mm \u00e0 Aurelle-Verlac (12)<br \/> <br \/>\n130 mm \u00e0 Moncouti\u00e9 (46)<br \/> <br \/>\n122 mm \u00e0 Maurs (15) et \u00e0 Vieillevie (15)<br \/> <br \/>\n120 mm au Ballon d&#8217;Alsace (90)<br \/> <br \/>\n117 mm \u00e0 Croix Millet (07)<br \/> <br \/>\n111 mm \u00e0 Bagnac-sur-C\u00e9l\u00e9 (46)<br \/> <br \/>\n108 mm \u00e0 Beaumont-du-Lac (87)<\/p>\n<p><a href=\"https:\/\/facebook.com\/hashtag\/infoclimat\">#infoclimat<\/a><\/p>\n<p><a href=\"https:\/\/www.facebook.com\/photo.php?fbid=1224171236407161&amp;set=a.457167346440891&amp;type=3\"><img decoding=\"async\" src=\"https:\/\/scontent.fsof11-1.fna.fbcdn.net\/v\/t39.30808-6\/569280578_1224171239740494_3165845901179042292_n.jpg?stp=dst-jpg_p720x720_tt6&amp;_nc_cat=102&amp;ccb=1-7&amp;_nc_sid=127cfc&amp;_nc_ohc=_g3y6GZ2sm8Q7kNvwFFKelm&amp;_nc_oc=Adk4ClmA7r0mhhLdsYD2_06Z0DLCRhQJ8HPG938X8nVk5Kf4DeL28rifYT9PJ9IOGiU&amp;_nc_zt=23&amp;_nc_ht=scontent.fsof11-1.fna&amp;edm=AKIiGfEEAAAA&amp;_nc_gid=9mvh92u8C1EBo5jHF62JeQ&amp;oh=00_Affe-mCRoBpcmrDaVuSDoeI_KtonZVVlC25O1BYMJGo4-Q&amp;oe=68FEAC02\" alt=\"569280578_1224171239740494_3165845901179\" \/><\/a><\/p>","protected":false},"excerpt":{"rendered":"<p>M\u00e9t\u00e9o\u00a0 Republi\u00e9 via Innoreader Read More \ud83c\udf27 Les cumuls depuis dimanche sont importants, avec une \u00e9tendue assez vaste de stations d\u00e9passant les 100 mm. La [&hellip;]<\/p>\n","protected":false},"author":1,"featured_media":5664,"comment_status":"open","ping_status":"open","sticky":false,"template":"","format":"standard","meta":{"content-type":"","_uag_custom_page_level_css":"","site-sidebar-layout":"default","site-content-layout":"","ast-site-content-layout":"default","site-content-style":"default","site-sidebar-style":"default","ast-global-header-display":"","ast-banner-title-visibility":"","ast-main-header-display":"","ast-hfb-above-header-display":"","ast-hfb-below-header-display":"","ast-hfb-mobile-header-display":"","site-post-title":"","ast-breadcrumbs-content":"","ast-featured-img":"","footer-sml-layout":"","ast-disable-related-posts":"","theme-transparent-header-meta":"","adv-header-id-meta":"","stick-header-meta":"","header-above-stick-meta":"","header-main-stick-meta":"","header-below-stick-meta":"","astra-migrate-meta-layouts":"default","ast-page-background-enabled":"default","ast-page-background-meta":{"desktop":{"background-color":"var(--ast-global-color-4)","background-image":"","background-repeat":"repeat","background-position":"center center","background-size":"auto","background-attachment":"scroll","background-type":"","background-media":"","overlay-type":"","overlay-color":"","overlay-opacity":"","overlay-gradient":""},"tablet":{"background-color":"","background-image":"","background-repeat":"repeat","background-position":"center center","background-size":"auto","background-attachment":"scroll","background-type":"","background-media":"","overlay-type":"","overlay-color":"","overlay-opacity":"","overlay-gradient":""},"mobile":{"background-color":"","background-image":"","background-repeat":"repeat","background-position":"center center","background-size":"auto","background-attachment":"scroll","background-type":"","background-media":"","overlay-type":"","overlay-color":"","overlay-opacity":"","overlay-gradient":""}},"ast-content-background-meta":{"desktop":{"background-color":"var(--ast-global-color-5)","background-image":"","background-repeat":"repeat","background-position":"center center","background-size":"auto","background-attachment":"scroll","background-type":"","background-media":"","overlay-type":"","overlay-color":"","overlay-opacity":"","overlay-gradient":""},"tablet":{"background-color":"var(--ast-global-color-5)","background-image":"","background-repeat":"repeat","background-position":"center center","background-size":"auto","background-attachment":"scroll","background-type":"","background-media":"","overlay-type":"","overlay-color":"","overlay-opacity":"","overlay-gradient":""},"mobile":{"background-color":"var(--ast-global-color-5)","background-image":"","background-repeat":"repeat","background-position":"center center","background-size":"auto","background-attachment":"scroll","background-type":"","background-media":"","overlay-type":"","overlay-color":"","overlay-opacity":"","overlay-gradient":""}},"footnotes":""},"categories":[6],"tags":[],"class_list":["post-5663","post","type-post","status-publish","format-standard","has-post-thumbnail","hentry","category-externes"],"yoast_head":"<!-- This site is optimized with the Yoast SEO plugin v27.4 - https:\/\/yoast.com\/product\/yoast-seo-wordpress\/ -->\n<title>on 22 octobre 2025 at 12h48 \ud83c\udf27 Les cumuls depuis dimanche sont importants, avec une \u00e9tendue assez vaste de stations d\u00e9passant les 100 mm. La pluie va se poursuivre, avec une temp\u00eate pr\u00e9vue demain (6 d\u00e9partements de la moiti\u00e9 Ouest ont \u00e9t\u00e9 plac\u00e9s en vigilance orange vent par M\u00e9t\u00e9o-France).   \ud83d\udccdC\u00f4t\u00e9 pluie, il est tomb\u00e9 depuis dimanche :   159 mm \u00e0 Beaumont-du-Ventoux (84)  154 mm au Lioran (15)  140 mm aux Salces-Fromental (48)  136 mm \u00e0 Bugeat (19)  132 mm \u00e0 Aurelle-Verlac (12)  130 mm \u00e0 Moncouti\u00e9 (46)  122 mm \u00e0 Maurs (15) et \u00e0 Vieillevie (15)  120 mm au Ballon d&#039;Alsace (90)  117 mm \u00e0 Croix Millet (07)  111 mm \u00e0 Bagnac-sur-C\u00e9l\u00e9 (46)  108 mm \u00e0 Beaumont-du-Lac (87)    #infoclimat - Meteo Sain-Bel<\/title>\n<meta name=\"robots\" content=\"index, follow, max-snippet:-1, max-image-preview:large, max-video-preview:-1\" \/>\n<link rel=\"canonical\" href=\"https:\/\/meteo-sain-bel.fr\/wp\/blog\/on-22-octobre-2025-at-12h48-\ud83c\udf27-les-cumuls-depuis-dimanche-sont-importants-avec-une-etendue-assez-vaste-de-stations-depassant-les-100-mm-la-pluie-va-se-poursuivre-avec-une-tempete-prevue\/\" \/>\n<meta property=\"og:locale\" content=\"fr_FR\" \/>\n<meta property=\"og:type\" content=\"article\" \/>\n<meta property=\"og:title\" content=\"on 22 octobre 2025 at 12h48 \ud83c\udf27 Les cumuls depuis dimanche sont importants, avec une \u00e9tendue assez vaste de stations d\u00e9passant les 100 mm. La pluie va se poursuivre, avec une temp\u00eate pr\u00e9vue demain (6 d\u00e9partements de la moiti\u00e9 Ouest ont \u00e9t\u00e9 plac\u00e9s en vigilance orange vent par M\u00e9t\u00e9o-France).   \ud83d\udccdC\u00f4t\u00e9 pluie, il est tomb\u00e9 depuis dimanche :   159 mm \u00e0 Beaumont-du-Ventoux (84)  154 mm au Lioran (15)  140 mm aux Salces-Fromental (48)  136 mm \u00e0 Bugeat (19)  132 mm \u00e0 Aurelle-Verlac (12)  130 mm \u00e0 Moncouti\u00e9 (46)  122 mm \u00e0 Maurs (15) et \u00e0 Vieillevie (15)  120 mm au Ballon d&#039;Alsace (90)  117 mm \u00e0 Croix Millet (07)  111 mm \u00e0 Bagnac-sur-C\u00e9l\u00e9 (46)  108 mm \u00e0 Beaumont-du-Lac (87)    #infoclimat - Meteo Sain-Bel\" \/>\n<meta property=\"og:description\" content=\"M\u00e9t\u00e9o\u00a0 Republi\u00e9 via Innoreader Read More \ud83c\udf27 Les cumuls depuis dimanche sont importants, avec une \u00e9tendue assez vaste de stations d\u00e9passant les 100 mm. La [&hellip;]\" \/>\n<meta property=\"og:url\" content=\"https:\/\/meteo-sain-bel.fr\/wp\/blog\/on-22-octobre-2025-at-12h48-\ud83c\udf27-les-cumuls-depuis-dimanche-sont-importants-avec-une-etendue-assez-vaste-de-stations-depassant-les-100-mm-la-pluie-va-se-poursuivre-avec-une-tempete-prevue\/\" \/>\n<meta property=\"og:site_name\" content=\"Meteo Sain-Bel\" \/>\n<meta property=\"article:publisher\" content=\"https:\/\/www.facebook.com\/meteosainbel\" \/>\n<meta property=\"article:published_time\" content=\"2025-10-22T12:48:15+00:00\" \/>\n<meta property=\"og:image\" content=\"https:\/\/scontent.fsof11-1.fna.fbcdn.net\/v\/t39.30808-6\/569280578_1224171239740494_3165845901179042292_n.jpg?stp=dst-jpg_p720x720_tt6&amp;_nc_cat=102&amp;ccb=1-7&amp;_nc_sid=127cfc&amp;_nc_ohc=_g3y6GZ2sm8Q7kNvwFFKelm&amp;_nc_oc=Adk4ClmA7r0mhhLdsYD2_06Z0DLCRhQJ8HPG938X8nVk5Kf4DeL28rifYT9PJ9IOGiU&amp;_nc_zt=23&amp;_nc_ht=scontent.fsof11-1.fna&amp;edm=AKIiGfEEAAAA&amp;_nc_gid=9mvh92u8C1EBo5jHF62JeQ&amp;oh=00_Affe-mCRoBpcmrDaVuSDoeI_KtonZVVlC25O1BYMJGo4-Q&amp;oe=68FEAC02\" \/>\n<meta name=\"author\" content=\"Webmaster Meteo Sain-Bel\" \/>\n<meta name=\"twitter:card\" content=\"summary_large_image\" \/>\n<meta name=\"twitter:creator\" content=\"@pichej\" \/>\n<meta name=\"twitter:site\" content=\"@pichej\" \/>\n<script type=\"application\/ld+json\" class=\"yoast-schema-graph\">{\"@context\":\"https:\\\/\\\/schema.org\",\"@graph\":[{\"@type\":\"Article\",\"@id\":\"https:\\\/\\\/meteo-sain-bel.fr\\\/wp\\\/blog\\\/on-22-octobre-2025-at-12h48-%f0%9f%8c%a7-les-cumuls-depuis-dimanche-sont-importants-avec-une-etendue-assez-vaste-de-stations-depassant-les-100-mm-la-pluie-va-se-poursuivre-avec-une-tempete-prevue\\\/#article\",\"isPartOf\":{\"@id\":\"https:\\\/\\\/meteo-sain-bel.fr\\\/wp\\\/blog\\\/on-22-octobre-2025-at-12h48-%f0%9f%8c%a7-les-cumuls-depuis-dimanche-sont-importants-avec-une-etendue-assez-vaste-de-stations-depassant-les-100-mm-la-pluie-va-se-poursuivre-avec-une-tempete-prevue\\\/\"},\"author\":{\"name\":\"Webmaster Meteo Sain-Bel\",\"@id\":\"https:\\\/\\\/meteo-sain-bel.fr\\\/wp\\\/#\\\/schema\\\/person\\\/01aaa16bd38fc34093b74f9fe631ce9f\"},\"headline\":\"on 22 octobre 2025 at 12h48 \ud83c\udf27 Les cumuls depuis dimanche sont importants, avec une \u00e9tendue assez vaste de stations d\u00e9passant les 100 mm. La pluie va se poursuivre, avec une temp\u00eate pr\u00e9vue demain (6 d\u00e9partements de la moiti\u00e9 Ouest ont \u00e9t\u00e9 plac\u00e9s en vigilance orange vent par M\u00e9t\u00e9o-France). \ud83d\udccdC\u00f4t\u00e9 pluie, il est tomb\u00e9 depuis dimanche : 159 mm \u00e0 Beaumont-du-Ventoux (84) 154 mm au Lioran (15) 140 mm aux Salces-Fromental (48) 136 mm \u00e0 Bugeat (19) 132 mm \u00e0 Aurelle-Verlac (12) 130 mm \u00e0 Moncouti\u00e9 (46) 122 mm \u00e0 Maurs (15) et \u00e0 Vieillevie (15) 120 mm au Ballon d&#8217;Alsace (90) 117 mm \u00e0 Croix Millet (07) 111 mm \u00e0 Bagnac-sur-C\u00e9l\u00e9 (46) 108 mm \u00e0 Beaumont-du-Lac (87) #infoclimat\",\"datePublished\":\"2025-10-22T12:48:15+00:00\",\"mainEntityOfPage\":{\"@id\":\"https:\\\/\\\/meteo-sain-bel.fr\\\/wp\\\/blog\\\/on-22-octobre-2025-at-12h48-%f0%9f%8c%a7-les-cumuls-depuis-dimanche-sont-importants-avec-une-etendue-assez-vaste-de-stations-depassant-les-100-mm-la-pluie-va-se-poursuivre-avec-une-tempete-prevue\\\/\"},\"wordCount\":184,\"commentCount\":0,\"publisher\":{\"@id\":\"https:\\\/\\\/meteo-sain-bel.fr\\\/wp\\\/#organization\"},\"image\":{\"@id\":\"https:\\\/\\\/meteo-sain-bel.fr\\\/wp\\\/blog\\\/on-22-octobre-2025-at-12h48-%f0%9f%8c%a7-les-cumuls-depuis-dimanche-sont-importants-avec-une-etendue-assez-vaste-de-stations-depassant-les-100-mm-la-pluie-va-se-poursuivre-avec-une-tempete-prevue\\\/#primaryimage\"},\"thumbnailUrl\":\"https:\\\/\\\/meteo-sain-bel.fr\\\/wp\\\/wp-content\\\/uploads\\\/2025\\\/10\\\/569280578_1224171239740494_3165845901179042292_n-QrFvV8.jpg\",\"articleSection\":[\"Sources Externes\"],\"inLanguage\":\"fr-FR\",\"potentialAction\":[{\"@type\":\"CommentAction\",\"name\":\"Comment\",\"target\":[\"https:\\\/\\\/meteo-sain-bel.fr\\\/wp\\\/blog\\\/on-22-octobre-2025-at-12h48-%f0%9f%8c%a7-les-cumuls-depuis-dimanche-sont-importants-avec-une-etendue-assez-vaste-de-stations-depassant-les-100-mm-la-pluie-va-se-poursuivre-avec-une-tempete-prevue\\\/#respond\"]}]},{\"@type\":\"WebPage\",\"@id\":\"https:\\\/\\\/meteo-sain-bel.fr\\\/wp\\\/blog\\\/on-22-octobre-2025-at-12h48-%f0%9f%8c%a7-les-cumuls-depuis-dimanche-sont-importants-avec-une-etendue-assez-vaste-de-stations-depassant-les-100-mm-la-pluie-va-se-poursuivre-avec-une-tempete-prevue\\\/\",\"url\":\"https:\\\/\\\/meteo-sain-bel.fr\\\/wp\\\/blog\\\/on-22-octobre-2025-at-12h48-%f0%9f%8c%a7-les-cumuls-depuis-dimanche-sont-importants-avec-une-etendue-assez-vaste-de-stations-depassant-les-100-mm-la-pluie-va-se-poursuivre-avec-une-tempete-prevue\\\/\",\"name\":\"on 22 octobre 2025 at 12h48 \ud83c\udf27 Les cumuls depuis dimanche sont importants, avec une \u00e9tendue assez vaste de stations d\u00e9passant les 100 mm. La pluie va se poursuivre, avec une temp\u00eate pr\u00e9vue demain (6 d\u00e9partements de la moiti\u00e9 Ouest ont \u00e9t\u00e9 plac\u00e9s en vigilance orange vent par M\u00e9t\u00e9o-France). \ud83d\udccdC\u00f4t\u00e9 pluie, il est tomb\u00e9 depuis dimanche : 159 mm \u00e0 Beaumont-du-Ventoux (84) 154 mm au Lioran (15) 140 mm aux Salces-Fromental (48) 136 mm \u00e0 Bugeat (19) 132 mm \u00e0 Aurelle-Verlac (12) 130 mm \u00e0 Moncouti\u00e9 (46) 122 mm \u00e0 Maurs (15) et \u00e0 Vieillevie (15) 120 mm au Ballon d'Alsace (90) 117 mm \u00e0 Croix Millet (07) 111 mm \u00e0 Bagnac-sur-C\u00e9l\u00e9 (46) 108 mm \u00e0 Beaumont-du-Lac (87) #infoclimat - Meteo Sain-Bel\",\"isPartOf\":{\"@id\":\"https:\\\/\\\/meteo-sain-bel.fr\\\/wp\\\/#website\"},\"primaryImageOfPage\":{\"@id\":\"https:\\\/\\\/meteo-sain-bel.fr\\\/wp\\\/blog\\\/on-22-octobre-2025-at-12h48-%f0%9f%8c%a7-les-cumuls-depuis-dimanche-sont-importants-avec-une-etendue-assez-vaste-de-stations-depassant-les-100-mm-la-pluie-va-se-poursuivre-avec-une-tempete-prevue\\\/#primaryimage\"},\"image\":{\"@id\":\"https:\\\/\\\/meteo-sain-bel.fr\\\/wp\\\/blog\\\/on-22-octobre-2025-at-12h48-%f0%9f%8c%a7-les-cumuls-depuis-dimanche-sont-importants-avec-une-etendue-assez-vaste-de-stations-depassant-les-100-mm-la-pluie-va-se-poursuivre-avec-une-tempete-prevue\\\/#primaryimage\"},\"thumbnailUrl\":\"https:\\\/\\\/meteo-sain-bel.fr\\\/wp\\\/wp-content\\\/uploads\\\/2025\\\/10\\\/569280578_1224171239740494_3165845901179042292_n-QrFvV8.jpg\",\"datePublished\":\"2025-10-22T12:48:15+00:00\",\"breadcrumb\":{\"@id\":\"https:\\\/\\\/meteo-sain-bel.fr\\\/wp\\\/blog\\\/on-22-octobre-2025-at-12h48-%f0%9f%8c%a7-les-cumuls-depuis-dimanche-sont-importants-avec-une-etendue-assez-vaste-de-stations-depassant-les-100-mm-la-pluie-va-se-poursuivre-avec-une-tempete-prevue\\\/#breadcrumb\"},\"inLanguage\":\"fr-FR\",\"potentialAction\":[{\"@type\":\"ReadAction\",\"target\":[\"https:\\\/\\\/meteo-sain-bel.fr\\\/wp\\\/blog\\\/on-22-octobre-2025-at-12h48-%f0%9f%8c%a7-les-cumuls-depuis-dimanche-sont-importants-avec-une-etendue-assez-vaste-de-stations-depassant-les-100-mm-la-pluie-va-se-poursuivre-avec-une-tempete-prevue\\\/\"]}]},{\"@type\":\"ImageObject\",\"inLanguage\":\"fr-FR\",\"@id\":\"https:\\\/\\\/meteo-sain-bel.fr\\\/wp\\\/blog\\\/on-22-octobre-2025-at-12h48-%f0%9f%8c%a7-les-cumuls-depuis-dimanche-sont-importants-avec-une-etendue-assez-vaste-de-stations-depassant-les-100-mm-la-pluie-va-se-poursuivre-avec-une-tempete-prevue\\\/#primaryimage\",\"url\":\"https:\\\/\\\/meteo-sain-bel.fr\\\/wp\\\/wp-content\\\/uploads\\\/2025\\\/10\\\/569280578_1224171239740494_3165845901179042292_n-QrFvV8.jpg\",\"contentUrl\":\"https:\\\/\\\/meteo-sain-bel.fr\\\/wp\\\/wp-content\\\/uploads\\\/2025\\\/10\\\/569280578_1224171239740494_3165845901179042292_n-QrFvV8.jpg\",\"width\":1335,\"height\":720},{\"@type\":\"BreadcrumbList\",\"@id\":\"https:\\\/\\\/meteo-sain-bel.fr\\\/wp\\\/blog\\\/on-22-octobre-2025-at-12h48-%f0%9f%8c%a7-les-cumuls-depuis-dimanche-sont-importants-avec-une-etendue-assez-vaste-de-stations-depassant-les-100-mm-la-pluie-va-se-poursuivre-avec-une-tempete-prevue\\\/#breadcrumb\",\"itemListElement\":[{\"@type\":\"ListItem\",\"position\":1,\"name\":\"Accueil\",\"item\":\"https:\\\/\\\/meteo-sain-bel.fr\\\/wp\\\/\"},{\"@type\":\"ListItem\",\"position\":2,\"name\":\"on 22 octobre 2025 at 12h48 \ud83c\udf27 Les cumuls depuis dimanche sont importants, avec une \u00e9tendue assez vaste de stations d\u00e9passant les 100 mm. La pluie va se poursuivre, avec une temp\u00eate pr\u00e9vue demain (6 d\u00e9partements de la moiti\u00e9 Ouest ont \u00e9t\u00e9 plac\u00e9s en vigilance orange vent par M\u00e9t\u00e9o-France). \ud83d\udccdC\u00f4t\u00e9 pluie, il est tomb\u00e9 depuis dimanche : 159 mm \u00e0 Beaumont-du-Ventoux (84) 154 mm au Lioran (15) 140 mm aux Salces-Fromental (48) 136 mm \u00e0 Bugeat (19) 132 mm \u00e0 Aurelle-Verlac (12) 130 mm \u00e0 Moncouti\u00e9 (46) 122 mm \u00e0 Maurs (15) et \u00e0 Vieillevie (15) 120 mm au Ballon d&#8217;Alsace (90) 117 mm \u00e0 Croix Millet (07) 111 mm \u00e0 Bagnac-sur-C\u00e9l\u00e9 (46) 108 mm \u00e0 Beaumont-du-Lac (87) #infoclimat\"}]},{\"@type\":\"WebSite\",\"@id\":\"https:\\\/\\\/meteo-sain-bel.fr\\\/wp\\\/#website\",\"url\":\"https:\\\/\\\/meteo-sain-bel.fr\\\/wp\\\/\",\"name\":\"Meteo Sain-Bel\",\"description\":\"Station m\u00e9t\u00e9orologique, donn\u00e9es en temps r\u00e9el 24h\\\/24 et Webcam \u00e0 Sain-Bel (69210) Pays de l\u2019Arbresle, 69 Rh\u00f4ne, France\",\"publisher\":{\"@id\":\"https:\\\/\\\/meteo-sain-bel.fr\\\/wp\\\/#organization\"},\"alternateName\":\"Site m\u00e9t\u00e9o de Sain-Bel, Rh\u00f4ne\",\"potentialAction\":[{\"@type\":\"SearchAction\",\"target\":{\"@type\":\"EntryPoint\",\"urlTemplate\":\"https:\\\/\\\/meteo-sain-bel.fr\\\/wp\\\/?s={search_term_string}\"},\"query-input\":{\"@type\":\"PropertyValueSpecification\",\"valueRequired\":true,\"valueName\":\"search_term_string\"}}],\"inLanguage\":\"fr-FR\"},{\"@type\":\"Organization\",\"@id\":\"https:\\\/\\\/meteo-sain-bel.fr\\\/wp\\\/#organization\",\"name\":\"Meteo Sain-Bel\",\"url\":\"https:\\\/\\\/meteo-sain-bel.fr\\\/wp\\\/\",\"logo\":{\"@type\":\"ImageObject\",\"inLanguage\":\"fr-FR\",\"@id\":\"https:\\\/\\\/meteo-sain-bel.fr\\\/wp\\\/#\\\/schema\\\/logo\\\/image\\\/\",\"url\":\"https:\\\/\\\/meteo-sain-bel.fr\\\/wp\\\/wp-content\\\/uploads\\\/2024\\\/07\\\/cropped-cropped-Capture-decran-2024-07-13-065002.png\",\"contentUrl\":\"https:\\\/\\\/meteo-sain-bel.fr\\\/wp\\\/wp-content\\\/uploads\\\/2024\\\/07\\\/cropped-cropped-Capture-decran-2024-07-13-065002.png\",\"width\":336,\"height\":283,\"caption\":\"Meteo Sain-Bel\"},\"image\":{\"@id\":\"https:\\\/\\\/meteo-sain-bel.fr\\\/wp\\\/#\\\/schema\\\/logo\\\/image\\\/\"},\"sameAs\":[\"https:\\\/\\\/www.facebook.com\\\/meteosainbel\",\"https:\\\/\\\/x.com\\\/pichej\",\"https:\\\/\\\/www.instagram.com\\\/pichej\"]},{\"@type\":\"Person\",\"@id\":\"https:\\\/\\\/meteo-sain-bel.fr\\\/wp\\\/#\\\/schema\\\/person\\\/01aaa16bd38fc34093b74f9fe631ce9f\",\"name\":\"Webmaster Meteo Sain-Bel\",\"image\":{\"@type\":\"ImageObject\",\"inLanguage\":\"fr-FR\",\"@id\":\"https:\\\/\\\/secure.gravatar.com\\\/avatar\\\/fbbe8b1b88f3bedc77cf954f56a4f23bb0cac63f504868560f513f1ccb1405ee?s=96&r=g\",\"url\":\"https:\\\/\\\/secure.gravatar.com\\\/avatar\\\/fbbe8b1b88f3bedc77cf954f56a4f23bb0cac63f504868560f513f1ccb1405ee?s=96&r=g\",\"contentUrl\":\"https:\\\/\\\/secure.gravatar.com\\\/avatar\\\/fbbe8b1b88f3bedc77cf954f56a4f23bb0cac63f504868560f513f1ccb1405ee?s=96&r=g\",\"caption\":\"Webmaster Meteo Sain-Bel\"},\"sameAs\":[\"http:\\\/\\\/meteo-sain-bel.fr\\\/wp\"],\"url\":\"https:\\\/\\\/meteo-sain-bel.fr\\\/wp\\\/blog\\\/author\\\/admin\\\/\"}]}<\/script>\n<!-- \/ Yoast SEO plugin. -->","yoast_head_json":{"title":"on 22 octobre 2025 at 12h48 \ud83c\udf27 Les cumuls depuis dimanche sont importants, avec une \u00e9tendue assez vaste de stations d\u00e9passant les 100 mm. La pluie va se poursuivre, avec une temp\u00eate pr\u00e9vue demain (6 d\u00e9partements de la moiti\u00e9 Ouest ont \u00e9t\u00e9 plac\u00e9s en vigilance orange vent par M\u00e9t\u00e9o-France).   \ud83d\udccdC\u00f4t\u00e9 pluie, il est tomb\u00e9 depuis dimanche :   159 mm \u00e0 Beaumont-du-Ventoux (84)  154 mm au Lioran (15)  140 mm aux Salces-Fromental (48)  136 mm \u00e0 Bugeat (19)  132 mm \u00e0 Aurelle-Verlac (12)  130 mm \u00e0 Moncouti\u00e9 (46)  122 mm \u00e0 Maurs (15) et \u00e0 Vieillevie (15)  120 mm au Ballon d'Alsace (90)  117 mm \u00e0 Croix Millet (07)  111 mm \u00e0 Bagnac-sur-C\u00e9l\u00e9 (46)  108 mm \u00e0 Beaumont-du-Lac (87)    #infoclimat - Meteo Sain-Bel","robots":{"index":"index","follow":"follow","max-snippet":"max-snippet:-1","max-image-preview":"max-image-preview:large","max-video-preview":"max-video-preview:-1"},"canonical":"https:\/\/meteo-sain-bel.fr\/wp\/blog\/on-22-octobre-2025-at-12h48-\ud83c\udf27-les-cumuls-depuis-dimanche-sont-importants-avec-une-etendue-assez-vaste-de-stations-depassant-les-100-mm-la-pluie-va-se-poursuivre-avec-une-tempete-prevue\/","og_locale":"fr_FR","og_type":"article","og_title":"on 22 octobre 2025 at 12h48 \ud83c\udf27 Les cumuls depuis dimanche sont importants, avec une \u00e9tendue assez vaste de stations d\u00e9passant les 100 mm. La pluie va se poursuivre, avec une temp\u00eate pr\u00e9vue demain (6 d\u00e9partements de la moiti\u00e9 Ouest ont \u00e9t\u00e9 plac\u00e9s en vigilance orange vent par M\u00e9t\u00e9o-France).   \ud83d\udccdC\u00f4t\u00e9 pluie, il est tomb\u00e9 depuis dimanche :   159 mm \u00e0 Beaumont-du-Ventoux (84)  154 mm au Lioran (15)  140 mm aux Salces-Fromental (48)  136 mm \u00e0 Bugeat (19)  132 mm \u00e0 Aurelle-Verlac (12)  130 mm \u00e0 Moncouti\u00e9 (46)  122 mm \u00e0 Maurs (15) et \u00e0 Vieillevie (15)  120 mm au Ballon d'Alsace (90)  117 mm \u00e0 Croix Millet (07)  111 mm \u00e0 Bagnac-sur-C\u00e9l\u00e9 (46)  108 mm \u00e0 Beaumont-du-Lac (87)    #infoclimat - Meteo Sain-Bel","og_description":"M\u00e9t\u00e9o\u00a0 Republi\u00e9 via Innoreader Read More \ud83c\udf27 Les cumuls depuis dimanche sont importants, avec une \u00e9tendue assez vaste de stations d\u00e9passant les 100 mm. La [&hellip;]","og_url":"https:\/\/meteo-sain-bel.fr\/wp\/blog\/on-22-octobre-2025-at-12h48-\ud83c\udf27-les-cumuls-depuis-dimanche-sont-importants-avec-une-etendue-assez-vaste-de-stations-depassant-les-100-mm-la-pluie-va-se-poursuivre-avec-une-tempete-prevue\/","og_site_name":"Meteo Sain-Bel","article_publisher":"https:\/\/www.facebook.com\/meteosainbel","article_published_time":"2025-10-22T12:48:15+00:00","og_image":[{"url":"https:\/\/scontent.fsof11-1.fna.fbcdn.net\/v\/t39.30808-6\/569280578_1224171239740494_3165845901179042292_n.jpg?stp=dst-jpg_p720x720_tt6&amp;_nc_cat=102&amp;ccb=1-7&amp;_nc_sid=127cfc&amp;_nc_ohc=_g3y6GZ2sm8Q7kNvwFFKelm&amp;_nc_oc=Adk4ClmA7r0mhhLdsYD2_06Z0DLCRhQJ8HPG938X8nVk5Kf4DeL28rifYT9PJ9IOGiU&amp;_nc_zt=23&amp;_nc_ht=scontent.fsof11-1.fna&amp;edm=AKIiGfEEAAAA&amp;_nc_gid=9mvh92u8C1EBo5jHF62JeQ&amp;oh=00_Affe-mCRoBpcmrDaVuSDoeI_KtonZVVlC25O1BYMJGo4-Q&amp;oe=68FEAC02","type":"","width":"","height":""}],"author":"Webmaster Meteo Sain-Bel","twitter_card":"summary_large_image","twitter_creator":"@pichej","twitter_site":"@pichej","schema":{"@context":"https:\/\/schema.org","@graph":[{"@type":"Article","@id":"https:\/\/meteo-sain-bel.fr\/wp\/blog\/on-22-octobre-2025-at-12h48-%f0%9f%8c%a7-les-cumuls-depuis-dimanche-sont-importants-avec-une-etendue-assez-vaste-de-stations-depassant-les-100-mm-la-pluie-va-se-poursuivre-avec-une-tempete-prevue\/#article","isPartOf":{"@id":"https:\/\/meteo-sain-bel.fr\/wp\/blog\/on-22-octobre-2025-at-12h48-%f0%9f%8c%a7-les-cumuls-depuis-dimanche-sont-importants-avec-une-etendue-assez-vaste-de-stations-depassant-les-100-mm-la-pluie-va-se-poursuivre-avec-une-tempete-prevue\/"},"author":{"name":"Webmaster Meteo Sain-Bel","@id":"https:\/\/meteo-sain-bel.fr\/wp\/#\/schema\/person\/01aaa16bd38fc34093b74f9fe631ce9f"},"headline":"on 22 octobre 2025 at 12h48 \ud83c\udf27 Les cumuls depuis dimanche sont importants, avec une \u00e9tendue assez vaste de stations d\u00e9passant les 100 mm. La pluie va se poursuivre, avec une temp\u00eate pr\u00e9vue demain (6 d\u00e9partements de la moiti\u00e9 Ouest ont \u00e9t\u00e9 plac\u00e9s en vigilance orange vent par M\u00e9t\u00e9o-France). \ud83d\udccdC\u00f4t\u00e9 pluie, il est tomb\u00e9 depuis dimanche : 159 mm \u00e0 Beaumont-du-Ventoux (84) 154 mm au Lioran (15) 140 mm aux Salces-Fromental (48) 136 mm \u00e0 Bugeat (19) 132 mm \u00e0 Aurelle-Verlac (12) 130 mm \u00e0 Moncouti\u00e9 (46) 122 mm \u00e0 Maurs (15) et \u00e0 Vieillevie (15) 120 mm au Ballon d&#8217;Alsace (90) 117 mm \u00e0 Croix Millet (07) 111 mm \u00e0 Bagnac-sur-C\u00e9l\u00e9 (46) 108 mm \u00e0 Beaumont-du-Lac (87) #infoclimat","datePublished":"2025-10-22T12:48:15+00:00","mainEntityOfPage":{"@id":"https:\/\/meteo-sain-bel.fr\/wp\/blog\/on-22-octobre-2025-at-12h48-%f0%9f%8c%a7-les-cumuls-depuis-dimanche-sont-importants-avec-une-etendue-assez-vaste-de-stations-depassant-les-100-mm-la-pluie-va-se-poursuivre-avec-une-tempete-prevue\/"},"wordCount":184,"commentCount":0,"publisher":{"@id":"https:\/\/meteo-sain-bel.fr\/wp\/#organization"},"image":{"@id":"https:\/\/meteo-sain-bel.fr\/wp\/blog\/on-22-octobre-2025-at-12h48-%f0%9f%8c%a7-les-cumuls-depuis-dimanche-sont-importants-avec-une-etendue-assez-vaste-de-stations-depassant-les-100-mm-la-pluie-va-se-poursuivre-avec-une-tempete-prevue\/#primaryimage"},"thumbnailUrl":"https:\/\/meteo-sain-bel.fr\/wp\/wp-content\/uploads\/2025\/10\/569280578_1224171239740494_3165845901179042292_n-QrFvV8.jpg","articleSection":["Sources Externes"],"inLanguage":"fr-FR","potentialAction":[{"@type":"CommentAction","name":"Comment","target":["https:\/\/meteo-sain-bel.fr\/wp\/blog\/on-22-octobre-2025-at-12h48-%f0%9f%8c%a7-les-cumuls-depuis-dimanche-sont-importants-avec-une-etendue-assez-vaste-de-stations-depassant-les-100-mm-la-pluie-va-se-poursuivre-avec-une-tempete-prevue\/#respond"]}]},{"@type":"WebPage","@id":"https:\/\/meteo-sain-bel.fr\/wp\/blog\/on-22-octobre-2025-at-12h48-%f0%9f%8c%a7-les-cumuls-depuis-dimanche-sont-importants-avec-une-etendue-assez-vaste-de-stations-depassant-les-100-mm-la-pluie-va-se-poursuivre-avec-une-tempete-prevue\/","url":"https:\/\/meteo-sain-bel.fr\/wp\/blog\/on-22-octobre-2025-at-12h48-%f0%9f%8c%a7-les-cumuls-depuis-dimanche-sont-importants-avec-une-etendue-assez-vaste-de-stations-depassant-les-100-mm-la-pluie-va-se-poursuivre-avec-une-tempete-prevue\/","name":"on 22 octobre 2025 at 12h48 \ud83c\udf27 Les cumuls depuis dimanche sont importants, avec une \u00e9tendue assez vaste de stations d\u00e9passant les 100 mm. La pluie va se poursuivre, avec une temp\u00eate pr\u00e9vue demain (6 d\u00e9partements de la moiti\u00e9 Ouest ont \u00e9t\u00e9 plac\u00e9s en vigilance orange vent par M\u00e9t\u00e9o-France). \ud83d\udccdC\u00f4t\u00e9 pluie, il est tomb\u00e9 depuis dimanche : 159 mm \u00e0 Beaumont-du-Ventoux (84) 154 mm au Lioran (15) 140 mm aux Salces-Fromental (48) 136 mm \u00e0 Bugeat (19) 132 mm \u00e0 Aurelle-Verlac (12) 130 mm \u00e0 Moncouti\u00e9 (46) 122 mm \u00e0 Maurs (15) et \u00e0 Vieillevie (15) 120 mm au Ballon d'Alsace (90) 117 mm \u00e0 Croix Millet (07) 111 mm \u00e0 Bagnac-sur-C\u00e9l\u00e9 (46) 108 mm \u00e0 Beaumont-du-Lac (87) #infoclimat - Meteo Sain-Bel","isPartOf":{"@id":"https:\/\/meteo-sain-bel.fr\/wp\/#website"},"primaryImageOfPage":{"@id":"https:\/\/meteo-sain-bel.fr\/wp\/blog\/on-22-octobre-2025-at-12h48-%f0%9f%8c%a7-les-cumuls-depuis-dimanche-sont-importants-avec-une-etendue-assez-vaste-de-stations-depassant-les-100-mm-la-pluie-va-se-poursuivre-avec-une-tempete-prevue\/#primaryimage"},"image":{"@id":"https:\/\/meteo-sain-bel.fr\/wp\/blog\/on-22-octobre-2025-at-12h48-%f0%9f%8c%a7-les-cumuls-depuis-dimanche-sont-importants-avec-une-etendue-assez-vaste-de-stations-depassant-les-100-mm-la-pluie-va-se-poursuivre-avec-une-tempete-prevue\/#primaryimage"},"thumbnailUrl":"https:\/\/meteo-sain-bel.fr\/wp\/wp-content\/uploads\/2025\/10\/569280578_1224171239740494_3165845901179042292_n-QrFvV8.jpg","datePublished":"2025-10-22T12:48:15+00:00","breadcrumb":{"@id":"https:\/\/meteo-sain-bel.fr\/wp\/blog\/on-22-octobre-2025-at-12h48-%f0%9f%8c%a7-les-cumuls-depuis-dimanche-sont-importants-avec-une-etendue-assez-vaste-de-stations-depassant-les-100-mm-la-pluie-va-se-poursuivre-avec-une-tempete-prevue\/#breadcrumb"},"inLanguage":"fr-FR","potentialAction":[{"@type":"ReadAction","target":["https:\/\/meteo-sain-bel.fr\/wp\/blog\/on-22-octobre-2025-at-12h48-%f0%9f%8c%a7-les-cumuls-depuis-dimanche-sont-importants-avec-une-etendue-assez-vaste-de-stations-depassant-les-100-mm-la-pluie-va-se-poursuivre-avec-une-tempete-prevue\/"]}]},{"@type":"ImageObject","inLanguage":"fr-FR","@id":"https:\/\/meteo-sain-bel.fr\/wp\/blog\/on-22-octobre-2025-at-12h48-%f0%9f%8c%a7-les-cumuls-depuis-dimanche-sont-importants-avec-une-etendue-assez-vaste-de-stations-depassant-les-100-mm-la-pluie-va-se-poursuivre-avec-une-tempete-prevue\/#primaryimage","url":"https:\/\/meteo-sain-bel.fr\/wp\/wp-content\/uploads\/2025\/10\/569280578_1224171239740494_3165845901179042292_n-QrFvV8.jpg","contentUrl":"https:\/\/meteo-sain-bel.fr\/wp\/wp-content\/uploads\/2025\/10\/569280578_1224171239740494_3165845901179042292_n-QrFvV8.jpg","width":1335,"height":720},{"@type":"BreadcrumbList","@id":"https:\/\/meteo-sain-bel.fr\/wp\/blog\/on-22-octobre-2025-at-12h48-%f0%9f%8c%a7-les-cumuls-depuis-dimanche-sont-importants-avec-une-etendue-assez-vaste-de-stations-depassant-les-100-mm-la-pluie-va-se-poursuivre-avec-une-tempete-prevue\/#breadcrumb","itemListElement":[{"@type":"ListItem","position":1,"name":"Accueil","item":"https:\/\/meteo-sain-bel.fr\/wp\/"},{"@type":"ListItem","position":2,"name":"on 22 octobre 2025 at 12h48 \ud83c\udf27 Les cumuls depuis dimanche sont importants, avec une \u00e9tendue assez vaste de stations d\u00e9passant les 100 mm. La pluie va se poursuivre, avec une temp\u00eate pr\u00e9vue demain (6 d\u00e9partements de la moiti\u00e9 Ouest ont \u00e9t\u00e9 plac\u00e9s en vigilance orange vent par M\u00e9t\u00e9o-France). \ud83d\udccdC\u00f4t\u00e9 pluie, il est tomb\u00e9 depuis dimanche : 159 mm \u00e0 Beaumont-du-Ventoux (84) 154 mm au Lioran (15) 140 mm aux Salces-Fromental (48) 136 mm \u00e0 Bugeat (19) 132 mm \u00e0 Aurelle-Verlac (12) 130 mm \u00e0 Moncouti\u00e9 (46) 122 mm \u00e0 Maurs (15) et \u00e0 Vieillevie (15) 120 mm au Ballon d&#8217;Alsace (90) 117 mm \u00e0 Croix Millet (07) 111 mm \u00e0 Bagnac-sur-C\u00e9l\u00e9 (46) 108 mm \u00e0 Beaumont-du-Lac (87) #infoclimat"}]},{"@type":"WebSite","@id":"https:\/\/meteo-sain-bel.fr\/wp\/#website","url":"https:\/\/meteo-sain-bel.fr\/wp\/","name":"Meteo Sain-Bel","description":"Station m\u00e9t\u00e9orologique, donn\u00e9es en temps r\u00e9el 24h\/24 et Webcam \u00e0 Sain-Bel (69210) Pays de l\u2019Arbresle, 69 Rh\u00f4ne, France","publisher":{"@id":"https:\/\/meteo-sain-bel.fr\/wp\/#organization"},"alternateName":"Site m\u00e9t\u00e9o de Sain-Bel, Rh\u00f4ne","potentialAction":[{"@type":"SearchAction","target":{"@type":"EntryPoint","urlTemplate":"https:\/\/meteo-sain-bel.fr\/wp\/?s={search_term_string}"},"query-input":{"@type":"PropertyValueSpecification","valueRequired":true,"valueName":"search_term_string"}}],"inLanguage":"fr-FR"},{"@type":"Organization","@id":"https:\/\/meteo-sain-bel.fr\/wp\/#organization","name":"Meteo Sain-Bel","url":"https:\/\/meteo-sain-bel.fr\/wp\/","logo":{"@type":"ImageObject","inLanguage":"fr-FR","@id":"https:\/\/meteo-sain-bel.fr\/wp\/#\/schema\/logo\/image\/","url":"https:\/\/meteo-sain-bel.fr\/wp\/wp-content\/uploads\/2024\/07\/cropped-cropped-Capture-decran-2024-07-13-065002.png","contentUrl":"https:\/\/meteo-sain-bel.fr\/wp\/wp-content\/uploads\/2024\/07\/cropped-cropped-Capture-decran-2024-07-13-065002.png","width":336,"height":283,"caption":"Meteo Sain-Bel"},"image":{"@id":"https:\/\/meteo-sain-bel.fr\/wp\/#\/schema\/logo\/image\/"},"sameAs":["https:\/\/www.facebook.com\/meteosainbel","https:\/\/x.com\/pichej","https:\/\/www.instagram.com\/pichej"]},{"@type":"Person","@id":"https:\/\/meteo-sain-bel.fr\/wp\/#\/schema\/person\/01aaa16bd38fc34093b74f9fe631ce9f","name":"Webmaster Meteo Sain-Bel","image":{"@type":"ImageObject","inLanguage":"fr-FR","@id":"https:\/\/secure.gravatar.com\/avatar\/fbbe8b1b88f3bedc77cf954f56a4f23bb0cac63f504868560f513f1ccb1405ee?s=96&r=g","url":"https:\/\/secure.gravatar.com\/avatar\/fbbe8b1b88f3bedc77cf954f56a4f23bb0cac63f504868560f513f1ccb1405ee?s=96&r=g","contentUrl":"https:\/\/secure.gravatar.com\/avatar\/fbbe8b1b88f3bedc77cf954f56a4f23bb0cac63f504868560f513f1ccb1405ee?s=96&r=g","caption":"Webmaster Meteo Sain-Bel"},"sameAs":["http:\/\/meteo-sain-bel.fr\/wp"],"url":"https:\/\/meteo-sain-bel.fr\/wp\/blog\/author\/admin\/"}]}},"uagb_featured_image_src":{"full":["https:\/\/meteo-sain-bel.fr\/wp\/wp-content\/uploads\/2025\/10\/569280578_1224171239740494_3165845901179042292_n-QrFvV8.jpg",1335,720,false],"thumbnail":["https:\/\/meteo-sain-bel.fr\/wp\/wp-content\/uploads\/2025\/10\/569280578_1224171239740494_3165845901179042292_n-QrFvV8-150x150.jpg",150,150,true],"medium":["https:\/\/meteo-sain-bel.fr\/wp\/wp-content\/uploads\/2025\/10\/569280578_1224171239740494_3165845901179042292_n-QrFvV8-300x162.jpg",300,162,true],"medium_large":["https:\/\/meteo-sain-bel.fr\/wp\/wp-content\/uploads\/2025\/10\/569280578_1224171239740494_3165845901179042292_n-QrFvV8-768x414.jpg",768,414,true],"large":["https:\/\/meteo-sain-bel.fr\/wp\/wp-content\/uploads\/2025\/10\/569280578_1224171239740494_3165845901179042292_n-QrFvV8-1024x552.jpg",1024,552,true],"1536x1536":["https:\/\/meteo-sain-bel.fr\/wp\/wp-content\/uploads\/2025\/10\/569280578_1224171239740494_3165845901179042292_n-QrFvV8.jpg",1335,720,false],"2048x2048":["https:\/\/meteo-sain-bel.fr\/wp\/wp-content\/uploads\/2025\/10\/569280578_1224171239740494_3165845901179042292_n-QrFvV8.jpg",1335,720,false]},"uagb_author_info":{"display_name":"Webmaster Meteo Sain-Bel","author_link":"https:\/\/meteo-sain-bel.fr\/wp\/blog\/author\/admin\/"},"uagb_comment_info":0,"uagb_excerpt":"M\u00e9t\u00e9o\u00a0 Republi\u00e9 via Innoreader Read More \ud83c\udf27 Les cumuls depuis dimanche sont importants, avec une \u00e9tendue assez vaste de stations d\u00e9passant les 100 mm. La [&hellip;]","_links":{"self":[{"href":"https:\/\/meteo-sain-bel.fr\/wp\/wp-json\/wp\/v2\/posts\/5663","targetHints":{"allow":["GET"]}}],"collection":[{"href":"https:\/\/meteo-sain-bel.fr\/wp\/wp-json\/wp\/v2\/posts"}],"about":[{"href":"https:\/\/meteo-sain-bel.fr\/wp\/wp-json\/wp\/v2\/types\/post"}],"author":[{"embeddable":true,"href":"https:\/\/meteo-sain-bel.fr\/wp\/wp-json\/wp\/v2\/users\/1"}],"replies":[{"embeddable":true,"href":"https:\/\/meteo-sain-bel.fr\/wp\/wp-json\/wp\/v2\/comments?post=5663"}],"version-history":[{"count":0,"href":"https:\/\/meteo-sain-bel.fr\/wp\/wp-json\/wp\/v2\/posts\/5663\/revisions"}],"wp:featuredmedia":[{"embeddable":true,"href":"https:\/\/meteo-sain-bel.fr\/wp\/wp-json\/wp\/v2\/media\/5664"}],"wp:attachment":[{"href":"https:\/\/meteo-sain-bel.fr\/wp\/wp-json\/wp\/v2\/media?parent=5663"}],"wp:term":[{"taxonomy":"category","embeddable":true,"href":"https:\/\/meteo-sain-bel.fr\/wp\/wp-json\/wp\/v2\/categories?post=5663"},{"taxonomy":"post_tag","embeddable":true,"href":"https:\/\/meteo-sain-bel.fr\/wp\/wp-json\/wp\/v2\/tags?post=5663"}],"curies":[{"name":"wp","href":"https:\/\/api.w.org\/{rel}","templated":true}]}}