{"id":5649,"date":"2025-10-21T17:56:13","date_gmt":"2025-10-21T15:56:13","guid":{"rendered":"https:\/\/meteo-sain-bel.fr\/wp\/blog\/on-21-octobre-2025-at-15h56-%f0%9f%8c%aa%ef%b8%8f-vous-avez-tres-probablement-vu-les-images-ce-lundi-dans-le-val-doise-un-phenomene-soudain-et-intense-a-touche-de-maniere-tres-localisee\/"},"modified":"2025-10-21T17:56:13","modified_gmt":"2025-10-21T15:56:13","slug":"on-21-octobre-2025-at-15h56-%f0%9f%8c%aa%ef%b8%8f-vous-avez-tres-probablement-vu-les-images-ce-lundi-dans-le-val-doise-un-phenomene-soudain-et-intense-a-touche-de-maniere-tres-localisee","status":"publish","type":"post","link":"https:\/\/meteo-sain-bel.fr\/wp\/blog\/on-21-octobre-2025-at-15h56-%f0%9f%8c%aa%ef%b8%8f-vous-avez-tres-probablement-vu-les-images-ce-lundi-dans-le-val-doise-un-phenomene-soudain-et-intense-a-touche-de-maniere-tres-localisee\/","title":{"rendered":"on 21 octobre 2025 at 15h56  \ud83c\udf2a\ufe0f  Vous avez tr\u00e8s probablement vu les images : ce lundi, dans le Val d\u2019Oise, un ph\u00e9nom\u00e8ne soudain et intense a touch\u00e9 de mani\u00e8re tr\u00e8s localis\u00e9e le secteur d\u2019Ermont (de Cormeilles-en-Parisis \u00e0 Montmorency).  Les vid\u00e9os montrent une tornade. Une enqu\u00eate est en cours pour \u00e9valuer l&#8217;intensit\u00e9 et la trajectoire.   \n  \nNous avons une pens\u00e9e particuli\u00e8re pour les victimes et leurs proches, \u00e0 qui nous adressons tout notre soutien.  \n  \n\ud83d\udd0e Que s\u2019est-il pass\u00e9 ?  \n  \nUne cellule orageuse s\u2019est form\u00e9e sur l\u2019Eure-et-Loir en fin d\u2019apr\u00e8s-midi en progressant vers le nord-est. Elle s\u2019est intensifi\u00e9e fortement et rapidement autour de 17h45, avec de violentes rafales de vent lorsqu\u2019elle est pass\u00e9e dans la zone d\u2019Ermont. La cellule orageuse a continu\u00e9 son d\u00e9placement vers le nord-est en perdant tr\u00e8s rapidement en intensit\u00e9, et s\u2019est dissip\u00e9e peu apr\u00e8s 18h.  \n  \n\ud83d\udca1 La tornade est un ph\u00e9nom\u00e8ne de tr\u00e8s faible dimension et de courte dur\u00e9e de vie.   \n  \nM\u00e9t\u00e9o-France avait identifi\u00e9 la situation orageuse : le Val d\u2019Oise avait \u00e9t\u00e9 plac\u00e9 en Vigilance Jaune orages pour l\u2019apr\u00e8s-midi et la soir\u00e9e du lundi 20 octobre. Ce niveau de Vigilance indique que des ph\u00e9nom\u00e8nes m\u00e9t\u00e9orologiques sont en cours dans le d\u00e9partement, et qu\u2019ils peuvent \u00eatre occasionnellement et localement dangereux.   \n  \n\ud83e\uddee Combien de tornades touchent la France chaque ann\u00e9e ?   \n  \nDans notre pays, en moyenne, on d\u00e9nombre quelques dizaines de tornades chaque ann\u00e9e, d&#8217;intensit\u00e9 variable. On estime que les r\u00e9gions les plus sujettes \u00e0 ce risque sont un grand tiers nord-ouest du pays et la c\u00f4te m\u00e9diterran\u00e9enne.   \n  \n\ud83d\udcf8 Merci \u00e0 @Mlb Nini sur Facebook"},"content":{"rendered":"<p>M\u00e9t\u00e9o\u00a0 Republi\u00e9 via Innoreader <a href=\"https:\/\/www.facebook.com\/457169573107335\/posts\/1223470863143865\" target=\"_blank\" class=\"feedzy-rss-link-icon\">Read More<\/a><\/p>\n<p><a href=\"https:\/\/www.facebook.com\/photo.php?fbid=1255808233245146&amp;set=a.482685020557475&amp;type=3\"><img decoding=\"async\" src=\"https:\/\/scontent.fsof11-1.fna.fbcdn.net\/v\/t39.30808-6\/568539677_1255808236578479_6986916102676383405_n.jpg?_nc_cat=102&amp;ccb=1-7&amp;_nc_sid=127cfc&amp;_nc_ohc=OVJkWhYEVJsQ7kNvwGBZNAU&amp;_nc_oc=Adkgh8u1PHhBW7Ur7cAQ9_71XCDXRuljbjQCMIfzndTPT6HzXKMLv4gK-n9d9_5UZBo&amp;_nc_zt=23&amp;_nc_ht=scontent.fsof11-1.fna&amp;edm=AKIiGfEEAAAA&amp;_nc_gid=V1yZXvQ66t4cUKxNdCpVzA&amp;oh=00_AfcDIwBEAdkZlOmmAy2oiq3yNoItljs-RiGtKV90nJa_hw&amp;oe=68FD89A3\" alt=\"568539677_1255808236578479_6986916102676\" \/><\/a><\/p>\n<p>\ud83c\udf2a\ufe0f  Vous avez tr\u00e8s probablement vu les images : ce lundi, dans le Val d\u2019Oise, un ph\u00e9nom\u00e8ne soudain et intense a touch\u00e9 de mani\u00e8re tr\u00e8s localis\u00e9e le secteur d\u2019Ermont (de Cormeilles-en-Parisis \u00e0 Montmorency).  Les vid\u00e9os montrent une tornade. Une enqu\u00eate est en cours pour \u00e9valuer l&#8217;intensit\u00e9 et la trajectoire. <\/p>\n<p>Nous avons une pens\u00e9e particuli\u00e8re pour les victimes et leurs proches, \u00e0 qui nous adressons tout notre soutien.<\/p>\n<p>\ud83d\udd0e Que s\u2019est-il pass\u00e9 ?<\/p>\n<p>Une cellule orageuse s\u2019est form\u00e9e sur l\u2019Eure-et-Loir en fin d\u2019apr\u00e8s-midi en progressant vers le nord-est. Elle s\u2019est intensifi\u00e9e fortement et rapidement autour de 17h45, avec de violentes rafales de vent lorsqu\u2019elle est pass\u00e9e dans la zone d\u2019Ermont. La cellule orageuse a continu\u00e9 son d\u00e9placement vers le nord-est en perdant tr\u00e8s rapidement en intensit\u00e9, et s\u2019est dissip\u00e9e peu apr\u00e8s 18h.<\/p>\n<p>\ud83d\udca1 La tornade est un ph\u00e9nom\u00e8ne de tr\u00e8s faible dimension et de courte dur\u00e9e de vie. <\/p>\n<p>M\u00e9t\u00e9o-France avait identifi\u00e9 la situation orageuse : le Val d\u2019Oise avait \u00e9t\u00e9 plac\u00e9 en Vigilance Jaune orages pour l\u2019apr\u00e8s-midi et la soir\u00e9e du lundi 20 octobre. Ce niveau de Vigilance indique que des ph\u00e9nom\u00e8nes m\u00e9t\u00e9orologiques sont en cours dans le d\u00e9partement, et qu\u2019ils peuvent \u00eatre occasionnellement et localement dangereux. <\/p>\n<p>\ud83e\uddee Combien de tornades touchent la France chaque ann\u00e9e ? <\/p>\n<p>Dans notre pays, en moyenne, on d\u00e9nombre quelques dizaines de tornades chaque ann\u00e9e, d&#8217;intensit\u00e9 variable. On estime que les r\u00e9gions les plus sujettes \u00e0 ce risque sont un grand tiers nord-ouest du pays et la c\u00f4te m\u00e9diterran\u00e9enne. <\/p>\n<p>\ud83d\udcf8 Merci \u00e0 @Mlb Nini sur Facebook<\/p>","protected":false},"excerpt":{"rendered":"<p>M\u00e9t\u00e9o\u00a0 Republi\u00e9 via Innoreader Read More \ud83c\udf2a\ufe0f Vous avez tr\u00e8s probablement vu les images : ce lundi, dans le Val d\u2019Oise, un ph\u00e9nom\u00e8ne soudain et [&hellip;]<\/p>\n","protected":false},"author":1,"featured_media":5650,"comment_status":"open","ping_status":"open","sticky":false,"template":"","format":"standard","meta":{"content-type":"","_uag_custom_page_level_css":"","site-sidebar-layout":"default","site-content-layout":"","ast-site-content-layout":"default","site-content-style":"default","site-sidebar-style":"default","ast-global-header-display":"","ast-banner-title-visibility":"","ast-main-header-display":"","ast-hfb-above-header-display":"","ast-hfb-below-header-display":"","ast-hfb-mobile-header-display":"","site-post-title":"","ast-breadcrumbs-content":"","ast-featured-img":"","footer-sml-layout":"","ast-disable-related-posts":"","theme-transparent-header-meta":"","adv-header-id-meta":"","stick-header-meta":"","header-above-stick-meta":"","header-main-stick-meta":"","header-below-stick-meta":"","astra-migrate-meta-layouts":"default","ast-page-background-enabled":"default","ast-page-background-meta":{"desktop":{"background-color":"var(--ast-global-color-4)","background-image":"","background-repeat":"repeat","background-position":"center center","background-size":"auto","background-attachment":"scroll","background-type":"","background-media":"","overlay-type":"","overlay-color":"","overlay-opacity":"","overlay-gradient":""},"tablet":{"background-color":"","background-image":"","background-repeat":"repeat","background-position":"center center","background-size":"auto","background-attachment":"scroll","background-type":"","background-media":"","overlay-type":"","overlay-color":"","overlay-opacity":"","overlay-gradient":""},"mobile":{"background-color":"","background-image":"","background-repeat":"repeat","background-position":"center center","background-size":"auto","background-attachment":"scroll","background-type":"","background-media":"","overlay-type":"","overlay-color":"","overlay-opacity":"","overlay-gradient":""}},"ast-content-background-meta":{"desktop":{"background-color":"var(--ast-global-color-5)","background-image":"","background-repeat":"repeat","background-position":"center center","background-size":"auto","background-attachment":"scroll","background-type":"","background-media":"","overlay-type":"","overlay-color":"","overlay-opacity":"","overlay-gradient":""},"tablet":{"background-color":"var(--ast-global-color-5)","background-image":"","background-repeat":"repeat","background-position":"center center","background-size":"auto","background-attachment":"scroll","background-type":"","background-media":"","overlay-type":"","overlay-color":"","overlay-opacity":"","overlay-gradient":""},"mobile":{"background-color":"var(--ast-global-color-5)","background-image":"","background-repeat":"repeat","background-position":"center center","background-size":"auto","background-attachment":"scroll","background-type":"","background-media":"","overlay-type":"","overlay-color":"","overlay-opacity":"","overlay-gradient":""}},"footnotes":""},"categories":[6],"tags":[],"class_list":["post-5649","post","type-post","status-publish","format-standard","has-post-thumbnail","hentry","category-externes"],"yoast_head":"<!-- This site is optimized with the Yoast SEO plugin v27.4 - https:\/\/yoast.com\/product\/yoast-seo-wordpress\/ -->\n<title>on 21 octobre 2025 at 15h56 \ud83c\udf2a\ufe0f Vous avez tr\u00e8s probablement vu les images : ce lundi, dans le Val d\u2019Oise, un ph\u00e9nom\u00e8ne soudain et intense a touch\u00e9 de mani\u00e8re tr\u00e8s localis\u00e9e le secteur d\u2019Ermont (de Cormeilles-en-Parisis \u00e0 Montmorency). Les vid\u00e9os montrent une tornade. Une enqu\u00eate est en cours pour \u00e9valuer l&#039;intensit\u00e9 et la trajectoire.    Nous avons une pens\u00e9e particuli\u00e8re pour les victimes et leurs proches, \u00e0 qui nous adressons tout notre soutien.   \ud83d\udd0e Que s\u2019est-il pass\u00e9 ?   Une cellule orageuse s\u2019est form\u00e9e sur l\u2019Eure-et-Loir en fin d\u2019apr\u00e8s-midi en progressant vers le nord-est. Elle s\u2019est intensifi\u00e9e fortement et rapidement autour de 17h45, avec de violentes rafales de vent lorsqu\u2019elle est pass\u00e9e dans la zone d\u2019Ermont. La cellule orageuse a continu\u00e9 son d\u00e9placement vers le nord-est en perdant tr\u00e8s rapidement en intensit\u00e9, et s\u2019est dissip\u00e9e peu apr\u00e8s 18h.   \ud83d\udca1 La tornade est un ph\u00e9nom\u00e8ne de tr\u00e8s faible dimension et de courte dur\u00e9e de vie.    M\u00e9t\u00e9o-France avait identifi\u00e9 la situation orageuse : le Val d\u2019Oise avait \u00e9t\u00e9 plac\u00e9 en Vigilance Jaune orages pour l\u2019apr\u00e8s-midi et la soir\u00e9e du lundi 20 octobre. Ce niveau de Vigilance indique que des ph\u00e9nom\u00e8nes m\u00e9t\u00e9orologiques sont en cours dans le d\u00e9partement, et qu\u2019ils peuvent \u00eatre occasionnellement et localement dangereux.    \ud83e\uddee Combien de tornades touchent la France chaque ann\u00e9e ?    Dans notre pays, en moyenne, on d\u00e9nombre quelques dizaines de tornades chaque ann\u00e9e, d&#039;intensit\u00e9 variable. On estime que les r\u00e9gions les plus sujettes \u00e0 ce risque sont un grand tiers nord-ouest du pays et la c\u00f4te m\u00e9diterran\u00e9enne.    \ud83d\udcf8 Merci \u00e0 @Mlb Nini sur Facebook - Meteo Sain-Bel<\/title>\n<meta name=\"robots\" content=\"index, follow, max-snippet:-1, max-image-preview:large, max-video-preview:-1\" \/>\n<link rel=\"canonical\" href=\"https:\/\/meteo-sain-bel.fr\/wp\/blog\/on-21-octobre-2025-at-15h56-\ud83c\udf2a\ufe0f-vous-avez-tres-probablement-vu-les-images-ce-lundi-dans-le-val-doise-un-phenomene-soudain-et-intense-a-touche-de-maniere-tres-localisee\/\" \/>\n<meta property=\"og:locale\" content=\"fr_FR\" \/>\n<meta property=\"og:type\" content=\"article\" \/>\n<meta property=\"og:title\" content=\"on 21 octobre 2025 at 15h56 \ud83c\udf2a\ufe0f Vous avez tr\u00e8s probablement vu les images : ce lundi, dans le Val d\u2019Oise, un ph\u00e9nom\u00e8ne soudain et intense a touch\u00e9 de mani\u00e8re tr\u00e8s localis\u00e9e le secteur d\u2019Ermont (de Cormeilles-en-Parisis \u00e0 Montmorency). Les vid\u00e9os montrent une tornade. Une enqu\u00eate est en cours pour \u00e9valuer l&#039;intensit\u00e9 et la trajectoire.    Nous avons une pens\u00e9e particuli\u00e8re pour les victimes et leurs proches, \u00e0 qui nous adressons tout notre soutien.   \ud83d\udd0e Que s\u2019est-il pass\u00e9 ?   Une cellule orageuse s\u2019est form\u00e9e sur l\u2019Eure-et-Loir en fin d\u2019apr\u00e8s-midi en progressant vers le nord-est. Elle s\u2019est intensifi\u00e9e fortement et rapidement autour de 17h45, avec de violentes rafales de vent lorsqu\u2019elle est pass\u00e9e dans la zone d\u2019Ermont. La cellule orageuse a continu\u00e9 son d\u00e9placement vers le nord-est en perdant tr\u00e8s rapidement en intensit\u00e9, et s\u2019est dissip\u00e9e peu apr\u00e8s 18h.   \ud83d\udca1 La tornade est un ph\u00e9nom\u00e8ne de tr\u00e8s faible dimension et de courte dur\u00e9e de vie.    M\u00e9t\u00e9o-France avait identifi\u00e9 la situation orageuse : le Val d\u2019Oise avait \u00e9t\u00e9 plac\u00e9 en Vigilance Jaune orages pour l\u2019apr\u00e8s-midi et la soir\u00e9e du lundi 20 octobre. Ce niveau de Vigilance indique que des ph\u00e9nom\u00e8nes m\u00e9t\u00e9orologiques sont en cours dans le d\u00e9partement, et qu\u2019ils peuvent \u00eatre occasionnellement et localement dangereux.    \ud83e\uddee Combien de tornades touchent la France chaque ann\u00e9e ?    Dans notre pays, en moyenne, on d\u00e9nombre quelques dizaines de tornades chaque ann\u00e9e, d&#039;intensit\u00e9 variable. On estime que les r\u00e9gions les plus sujettes \u00e0 ce risque sont un grand tiers nord-ouest du pays et la c\u00f4te m\u00e9diterran\u00e9enne.    \ud83d\udcf8 Merci \u00e0 @Mlb Nini sur Facebook - Meteo Sain-Bel\" \/>\n<meta property=\"og:description\" content=\"M\u00e9t\u00e9o\u00a0 Republi\u00e9 via Innoreader Read More \ud83c\udf2a\ufe0f Vous avez tr\u00e8s probablement vu les images : ce lundi, dans le Val d\u2019Oise, un ph\u00e9nom\u00e8ne soudain et [&hellip;]\" \/>\n<meta property=\"og:url\" content=\"https:\/\/meteo-sain-bel.fr\/wp\/blog\/on-21-octobre-2025-at-15h56-\ud83c\udf2a\ufe0f-vous-avez-tres-probablement-vu-les-images-ce-lundi-dans-le-val-doise-un-phenomene-soudain-et-intense-a-touche-de-maniere-tres-localisee\/\" \/>\n<meta property=\"og:site_name\" content=\"Meteo Sain-Bel\" \/>\n<meta property=\"article:publisher\" content=\"https:\/\/www.facebook.com\/meteosainbel\" \/>\n<meta property=\"article:published_time\" content=\"2025-10-21T15:56:13+00:00\" \/>\n<meta property=\"og:image\" content=\"https:\/\/scontent.fsof11-1.fna.fbcdn.net\/v\/t39.30808-6\/568539677_1255808236578479_6986916102676383405_n.jpg?_nc_cat=102&amp;ccb=1-7&amp;_nc_sid=127cfc&amp;_nc_ohc=OVJkWhYEVJsQ7kNvwGBZNAU&amp;_nc_oc=Adkgh8u1PHhBW7Ur7cAQ9_71XCDXRuljbjQCMIfzndTPT6HzXKMLv4gK-n9d9_5UZBo&amp;_nc_zt=23&amp;_nc_ht=scontent.fsof11-1.fna&amp;edm=AKIiGfEEAAAA&amp;_nc_gid=V1yZXvQ66t4cUKxNdCpVzA&amp;oh=00_AfcDIwBEAdkZlOmmAy2oiq3yNoItljs-RiGtKV90nJa_hw&amp;oe=68FD89A3\" \/>\n<meta name=\"author\" content=\"Webmaster Meteo Sain-Bel\" \/>\n<meta name=\"twitter:card\" content=\"summary_large_image\" \/>\n<meta name=\"twitter:creator\" content=\"@pichej\" \/>\n<meta name=\"twitter:site\" content=\"@pichej\" \/>\n<script type=\"application\/ld+json\" class=\"yoast-schema-graph\">{\"@context\":\"https:\\\/\\\/schema.org\",\"@graph\":[{\"@type\":\"Article\",\"@id\":\"https:\\\/\\\/meteo-sain-bel.fr\\\/wp\\\/blog\\\/on-21-octobre-2025-at-15h56-%f0%9f%8c%aa%ef%b8%8f-vous-avez-tres-probablement-vu-les-images-ce-lundi-dans-le-val-doise-un-phenomene-soudain-et-intense-a-touche-de-maniere-tres-localisee\\\/#article\",\"isPartOf\":{\"@id\":\"https:\\\/\\\/meteo-sain-bel.fr\\\/wp\\\/blog\\\/on-21-octobre-2025-at-15h56-%f0%9f%8c%aa%ef%b8%8f-vous-avez-tres-probablement-vu-les-images-ce-lundi-dans-le-val-doise-un-phenomene-soudain-et-intense-a-touche-de-maniere-tres-localisee\\\/\"},\"author\":{\"name\":\"Webmaster Meteo Sain-Bel\",\"@id\":\"https:\\\/\\\/meteo-sain-bel.fr\\\/wp\\\/#\\\/schema\\\/person\\\/01aaa16bd38fc34093b74f9fe631ce9f\"},\"headline\":\"on 21 octobre 2025 at 15h56 \ud83c\udf2a\ufe0f Vous avez tr\u00e8s probablement vu les images : ce lundi, dans le Val d\u2019Oise, un ph\u00e9nom\u00e8ne soudain et intense a touch\u00e9 de mani\u00e8re tr\u00e8s localis\u00e9e le secteur d\u2019Ermont (de Cormeilles-en-Parisis \u00e0 Montmorency). Les vid\u00e9os montrent une tornade. Une enqu\u00eate est en cours pour \u00e9valuer l&#8217;intensit\u00e9 et la trajectoire. Nous avons une pens\u00e9e particuli\u00e8re pour les victimes et leurs proches, \u00e0 qui nous adressons tout notre soutien. \ud83d\udd0e Que s\u2019est-il pass\u00e9 ? Une cellule orageuse s\u2019est form\u00e9e sur l\u2019Eure-et-Loir en fin d\u2019apr\u00e8s-midi en progressant vers le nord-est. Elle s\u2019est intensifi\u00e9e fortement et rapidement autour de 17h45, avec de violentes rafales de vent lorsqu\u2019elle est pass\u00e9e dans la zone d\u2019Ermont. La cellule orageuse a continu\u00e9 son d\u00e9placement vers le nord-est en perdant tr\u00e8s rapidement en intensit\u00e9, et s\u2019est dissip\u00e9e peu apr\u00e8s 18h. \ud83d\udca1 La tornade est un ph\u00e9nom\u00e8ne de tr\u00e8s faible dimension et de courte dur\u00e9e de vie. M\u00e9t\u00e9o-France avait identifi\u00e9 la situation orageuse : le Val d\u2019Oise avait \u00e9t\u00e9 plac\u00e9 en Vigilance Jaune orages pour l\u2019apr\u00e8s-midi et la soir\u00e9e du lundi 20 octobre. Ce niveau de Vigilance indique que des ph\u00e9nom\u00e8nes m\u00e9t\u00e9orologiques sont en cours dans le d\u00e9partement, et qu\u2019ils peuvent \u00eatre occasionnellement et localement dangereux. \ud83e\uddee Combien de tornades touchent la France chaque ann\u00e9e ? Dans notre pays, en moyenne, on d\u00e9nombre quelques dizaines de tornades chaque ann\u00e9e, d&#8217;intensit\u00e9 variable. On estime que les r\u00e9gions les plus sujettes \u00e0 ce risque sont un grand tiers nord-ouest du pays et la c\u00f4te m\u00e9diterran\u00e9enne. \ud83d\udcf8 Merci \u00e0 @Mlb Nini sur Facebook\",\"datePublished\":\"2025-10-21T15:56:13+00:00\",\"mainEntityOfPage\":{\"@id\":\"https:\\\/\\\/meteo-sain-bel.fr\\\/wp\\\/blog\\\/on-21-octobre-2025-at-15h56-%f0%9f%8c%aa%ef%b8%8f-vous-avez-tres-probablement-vu-les-images-ce-lundi-dans-le-val-doise-un-phenomene-soudain-et-intense-a-touche-de-maniere-tres-localisee\\\/\"},\"wordCount\":586,\"commentCount\":0,\"publisher\":{\"@id\":\"https:\\\/\\\/meteo-sain-bel.fr\\\/wp\\\/#organization\"},\"image\":{\"@id\":\"https:\\\/\\\/meteo-sain-bel.fr\\\/wp\\\/blog\\\/on-21-octobre-2025-at-15h56-%f0%9f%8c%aa%ef%b8%8f-vous-avez-tres-probablement-vu-les-images-ce-lundi-dans-le-val-doise-un-phenomene-soudain-et-intense-a-touche-de-maniere-tres-localisee\\\/#primaryimage\"},\"thumbnailUrl\":\"https:\\\/\\\/meteo-sain-bel.fr\\\/wp\\\/wp-content\\\/uploads\\\/2025\\\/10\\\/568539677_1255808236578479_6986916102676383405_n-dLFDHy.jpg\",\"articleSection\":[\"Sources Externes\"],\"inLanguage\":\"fr-FR\",\"potentialAction\":[{\"@type\":\"CommentAction\",\"name\":\"Comment\",\"target\":[\"https:\\\/\\\/meteo-sain-bel.fr\\\/wp\\\/blog\\\/on-21-octobre-2025-at-15h56-%f0%9f%8c%aa%ef%b8%8f-vous-avez-tres-probablement-vu-les-images-ce-lundi-dans-le-val-doise-un-phenomene-soudain-et-intense-a-touche-de-maniere-tres-localisee\\\/#respond\"]}]},{\"@type\":\"WebPage\",\"@id\":\"https:\\\/\\\/meteo-sain-bel.fr\\\/wp\\\/blog\\\/on-21-octobre-2025-at-15h56-%f0%9f%8c%aa%ef%b8%8f-vous-avez-tres-probablement-vu-les-images-ce-lundi-dans-le-val-doise-un-phenomene-soudain-et-intense-a-touche-de-maniere-tres-localisee\\\/\",\"url\":\"https:\\\/\\\/meteo-sain-bel.fr\\\/wp\\\/blog\\\/on-21-octobre-2025-at-15h56-%f0%9f%8c%aa%ef%b8%8f-vous-avez-tres-probablement-vu-les-images-ce-lundi-dans-le-val-doise-un-phenomene-soudain-et-intense-a-touche-de-maniere-tres-localisee\\\/\",\"name\":\"on 21 octobre 2025 at 15h56 \ud83c\udf2a\ufe0f Vous avez tr\u00e8s probablement vu les images : ce lundi, dans le Val d\u2019Oise, un ph\u00e9nom\u00e8ne soudain et intense a touch\u00e9 de mani\u00e8re tr\u00e8s localis\u00e9e le secteur d\u2019Ermont (de Cormeilles-en-Parisis \u00e0 Montmorency). Les vid\u00e9os montrent une tornade. Une enqu\u00eate est en cours pour \u00e9valuer l'intensit\u00e9 et la trajectoire. Nous avons une pens\u00e9e particuli\u00e8re pour les victimes et leurs proches, \u00e0 qui nous adressons tout notre soutien. \ud83d\udd0e Que s\u2019est-il pass\u00e9 ? Une cellule orageuse s\u2019est form\u00e9e sur l\u2019Eure-et-Loir en fin d\u2019apr\u00e8s-midi en progressant vers le nord-est. Elle s\u2019est intensifi\u00e9e fortement et rapidement autour de 17h45, avec de violentes rafales de vent lorsqu\u2019elle est pass\u00e9e dans la zone d\u2019Ermont. La cellule orageuse a continu\u00e9 son d\u00e9placement vers le nord-est en perdant tr\u00e8s rapidement en intensit\u00e9, et s\u2019est dissip\u00e9e peu apr\u00e8s 18h. \ud83d\udca1 La tornade est un ph\u00e9nom\u00e8ne de tr\u00e8s faible dimension et de courte dur\u00e9e de vie. M\u00e9t\u00e9o-France avait identifi\u00e9 la situation orageuse : le Val d\u2019Oise avait \u00e9t\u00e9 plac\u00e9 en Vigilance Jaune orages pour l\u2019apr\u00e8s-midi et la soir\u00e9e du lundi 20 octobre. Ce niveau de Vigilance indique que des ph\u00e9nom\u00e8nes m\u00e9t\u00e9orologiques sont en cours dans le d\u00e9partement, et qu\u2019ils peuvent \u00eatre occasionnellement et localement dangereux. \ud83e\uddee Combien de tornades touchent la France chaque ann\u00e9e ? Dans notre pays, en moyenne, on d\u00e9nombre quelques dizaines de tornades chaque ann\u00e9e, d'intensit\u00e9 variable. On estime que les r\u00e9gions les plus sujettes \u00e0 ce risque sont un grand tiers nord-ouest du pays et la c\u00f4te m\u00e9diterran\u00e9enne. \ud83d\udcf8 Merci \u00e0 @Mlb Nini sur Facebook - Meteo Sain-Bel\",\"isPartOf\":{\"@id\":\"https:\\\/\\\/meteo-sain-bel.fr\\\/wp\\\/#website\"},\"primaryImageOfPage\":{\"@id\":\"https:\\\/\\\/meteo-sain-bel.fr\\\/wp\\\/blog\\\/on-21-octobre-2025-at-15h56-%f0%9f%8c%aa%ef%b8%8f-vous-avez-tres-probablement-vu-les-images-ce-lundi-dans-le-val-doise-un-phenomene-soudain-et-intense-a-touche-de-maniere-tres-localisee\\\/#primaryimage\"},\"image\":{\"@id\":\"https:\\\/\\\/meteo-sain-bel.fr\\\/wp\\\/blog\\\/on-21-octobre-2025-at-15h56-%f0%9f%8c%aa%ef%b8%8f-vous-avez-tres-probablement-vu-les-images-ce-lundi-dans-le-val-doise-un-phenomene-soudain-et-intense-a-touche-de-maniere-tres-localisee\\\/#primaryimage\"},\"thumbnailUrl\":\"https:\\\/\\\/meteo-sain-bel.fr\\\/wp\\\/wp-content\\\/uploads\\\/2025\\\/10\\\/568539677_1255808236578479_6986916102676383405_n-dLFDHy.jpg\",\"datePublished\":\"2025-10-21T15:56:13+00:00\",\"breadcrumb\":{\"@id\":\"https:\\\/\\\/meteo-sain-bel.fr\\\/wp\\\/blog\\\/on-21-octobre-2025-at-15h56-%f0%9f%8c%aa%ef%b8%8f-vous-avez-tres-probablement-vu-les-images-ce-lundi-dans-le-val-doise-un-phenomene-soudain-et-intense-a-touche-de-maniere-tres-localisee\\\/#breadcrumb\"},\"inLanguage\":\"fr-FR\",\"potentialAction\":[{\"@type\":\"ReadAction\",\"target\":[\"https:\\\/\\\/meteo-sain-bel.fr\\\/wp\\\/blog\\\/on-21-octobre-2025-at-15h56-%f0%9f%8c%aa%ef%b8%8f-vous-avez-tres-probablement-vu-les-images-ce-lundi-dans-le-val-doise-un-phenomene-soudain-et-intense-a-touche-de-maniere-tres-localisee\\\/\"]}]},{\"@type\":\"ImageObject\",\"inLanguage\":\"fr-FR\",\"@id\":\"https:\\\/\\\/meteo-sain-bel.fr\\\/wp\\\/blog\\\/on-21-octobre-2025-at-15h56-%f0%9f%8c%aa%ef%b8%8f-vous-avez-tres-probablement-vu-les-images-ce-lundi-dans-le-val-doise-un-phenomene-soudain-et-intense-a-touche-de-maniere-tres-localisee\\\/#primaryimage\",\"url\":\"https:\\\/\\\/meteo-sain-bel.fr\\\/wp\\\/wp-content\\\/uploads\\\/2025\\\/10\\\/568539677_1255808236578479_6986916102676383405_n-dLFDHy.jpg\",\"contentUrl\":\"https:\\\/\\\/meteo-sain-bel.fr\\\/wp\\\/wp-content\\\/uploads\\\/2025\\\/10\\\/568539677_1255808236578479_6986916102676383405_n-dLFDHy.jpg\",\"width\":507,\"height\":785},{\"@type\":\"BreadcrumbList\",\"@id\":\"https:\\\/\\\/meteo-sain-bel.fr\\\/wp\\\/blog\\\/on-21-octobre-2025-at-15h56-%f0%9f%8c%aa%ef%b8%8f-vous-avez-tres-probablement-vu-les-images-ce-lundi-dans-le-val-doise-un-phenomene-soudain-et-intense-a-touche-de-maniere-tres-localisee\\\/#breadcrumb\",\"itemListElement\":[{\"@type\":\"ListItem\",\"position\":1,\"name\":\"Accueil\",\"item\":\"https:\\\/\\\/meteo-sain-bel.fr\\\/wp\\\/\"},{\"@type\":\"ListItem\",\"position\":2,\"name\":\"on 21 octobre 2025 at 15h56 \ud83c\udf2a\ufe0f Vous avez tr\u00e8s probablement vu les images : ce lundi, dans le Val d\u2019Oise, un ph\u00e9nom\u00e8ne soudain et intense a touch\u00e9 de mani\u00e8re tr\u00e8s localis\u00e9e le secteur d\u2019Ermont (de Cormeilles-en-Parisis \u00e0 Montmorency). Les vid\u00e9os montrent une tornade. Une enqu\u00eate est en cours pour \u00e9valuer l&#8217;intensit\u00e9 et la trajectoire. Nous avons une pens\u00e9e particuli\u00e8re pour les victimes et leurs proches, \u00e0 qui nous adressons tout notre soutien. \ud83d\udd0e Que s\u2019est-il pass\u00e9 ? Une cellule orageuse s\u2019est form\u00e9e sur l\u2019Eure-et-Loir en fin d\u2019apr\u00e8s-midi en progressant vers le nord-est. Elle s\u2019est intensifi\u00e9e fortement et rapidement autour de 17h45, avec de violentes rafales de vent lorsqu\u2019elle est pass\u00e9e dans la zone d\u2019Ermont. La cellule orageuse a continu\u00e9 son d\u00e9placement vers le nord-est en perdant tr\u00e8s rapidement en intensit\u00e9, et s\u2019est dissip\u00e9e peu apr\u00e8s 18h. \ud83d\udca1 La tornade est un ph\u00e9nom\u00e8ne de tr\u00e8s faible dimension et de courte dur\u00e9e de vie. M\u00e9t\u00e9o-France avait identifi\u00e9 la situation orageuse : le Val d\u2019Oise avait \u00e9t\u00e9 plac\u00e9 en Vigilance Jaune orages pour l\u2019apr\u00e8s-midi et la soir\u00e9e du lundi 20 octobre. Ce niveau de Vigilance indique que des ph\u00e9nom\u00e8nes m\u00e9t\u00e9orologiques sont en cours dans le d\u00e9partement, et qu\u2019ils peuvent \u00eatre occasionnellement et localement dangereux. \ud83e\uddee Combien de tornades touchent la France chaque ann\u00e9e ? Dans notre pays, en moyenne, on d\u00e9nombre quelques dizaines de tornades chaque ann\u00e9e, d&#8217;intensit\u00e9 variable. On estime que les r\u00e9gions les plus sujettes \u00e0 ce risque sont un grand tiers nord-ouest du pays et la c\u00f4te m\u00e9diterran\u00e9enne. \ud83d\udcf8 Merci \u00e0 @Mlb Nini sur Facebook\"}]},{\"@type\":\"WebSite\",\"@id\":\"https:\\\/\\\/meteo-sain-bel.fr\\\/wp\\\/#website\",\"url\":\"https:\\\/\\\/meteo-sain-bel.fr\\\/wp\\\/\",\"name\":\"Meteo Sain-Bel\",\"description\":\"Station m\u00e9t\u00e9orologique, donn\u00e9es en temps r\u00e9el 24h\\\/24 et Webcam \u00e0 Sain-Bel (69210) Pays de l\u2019Arbresle, 69 Rh\u00f4ne, France\",\"publisher\":{\"@id\":\"https:\\\/\\\/meteo-sain-bel.fr\\\/wp\\\/#organization\"},\"alternateName\":\"Site m\u00e9t\u00e9o de Sain-Bel, Rh\u00f4ne\",\"potentialAction\":[{\"@type\":\"SearchAction\",\"target\":{\"@type\":\"EntryPoint\",\"urlTemplate\":\"https:\\\/\\\/meteo-sain-bel.fr\\\/wp\\\/?s={search_term_string}\"},\"query-input\":{\"@type\":\"PropertyValueSpecification\",\"valueRequired\":true,\"valueName\":\"search_term_string\"}}],\"inLanguage\":\"fr-FR\"},{\"@type\":\"Organization\",\"@id\":\"https:\\\/\\\/meteo-sain-bel.fr\\\/wp\\\/#organization\",\"name\":\"Meteo Sain-Bel\",\"url\":\"https:\\\/\\\/meteo-sain-bel.fr\\\/wp\\\/\",\"logo\":{\"@type\":\"ImageObject\",\"inLanguage\":\"fr-FR\",\"@id\":\"https:\\\/\\\/meteo-sain-bel.fr\\\/wp\\\/#\\\/schema\\\/logo\\\/image\\\/\",\"url\":\"https:\\\/\\\/meteo-sain-bel.fr\\\/wp\\\/wp-content\\\/uploads\\\/2024\\\/07\\\/cropped-cropped-Capture-decran-2024-07-13-065002.png\",\"contentUrl\":\"https:\\\/\\\/meteo-sain-bel.fr\\\/wp\\\/wp-content\\\/uploads\\\/2024\\\/07\\\/cropped-cropped-Capture-decran-2024-07-13-065002.png\",\"width\":336,\"height\":283,\"caption\":\"Meteo Sain-Bel\"},\"image\":{\"@id\":\"https:\\\/\\\/meteo-sain-bel.fr\\\/wp\\\/#\\\/schema\\\/logo\\\/image\\\/\"},\"sameAs\":[\"https:\\\/\\\/www.facebook.com\\\/meteosainbel\",\"https:\\\/\\\/x.com\\\/pichej\",\"https:\\\/\\\/www.instagram.com\\\/pichej\"]},{\"@type\":\"Person\",\"@id\":\"https:\\\/\\\/meteo-sain-bel.fr\\\/wp\\\/#\\\/schema\\\/person\\\/01aaa16bd38fc34093b74f9fe631ce9f\",\"name\":\"Webmaster Meteo Sain-Bel\",\"image\":{\"@type\":\"ImageObject\",\"inLanguage\":\"fr-FR\",\"@id\":\"https:\\\/\\\/secure.gravatar.com\\\/avatar\\\/fbbe8b1b88f3bedc77cf954f56a4f23bb0cac63f504868560f513f1ccb1405ee?s=96&r=g\",\"url\":\"https:\\\/\\\/secure.gravatar.com\\\/avatar\\\/fbbe8b1b88f3bedc77cf954f56a4f23bb0cac63f504868560f513f1ccb1405ee?s=96&r=g\",\"contentUrl\":\"https:\\\/\\\/secure.gravatar.com\\\/avatar\\\/fbbe8b1b88f3bedc77cf954f56a4f23bb0cac63f504868560f513f1ccb1405ee?s=96&r=g\",\"caption\":\"Webmaster Meteo Sain-Bel\"},\"sameAs\":[\"http:\\\/\\\/meteo-sain-bel.fr\\\/wp\"],\"url\":\"https:\\\/\\\/meteo-sain-bel.fr\\\/wp\\\/blog\\\/author\\\/admin\\\/\"}]}<\/script>\n<!-- \/ Yoast SEO plugin. -->","yoast_head_json":{"title":"on 21 octobre 2025 at 15h56 \ud83c\udf2a\ufe0f Vous avez tr\u00e8s probablement vu les images : ce lundi, dans le Val d\u2019Oise, un ph\u00e9nom\u00e8ne soudain et intense a touch\u00e9 de mani\u00e8re tr\u00e8s localis\u00e9e le secteur d\u2019Ermont (de Cormeilles-en-Parisis \u00e0 Montmorency). Les vid\u00e9os montrent une tornade. Une enqu\u00eate est en cours pour \u00e9valuer l'intensit\u00e9 et la trajectoire.    Nous avons une pens\u00e9e particuli\u00e8re pour les victimes et leurs proches, \u00e0 qui nous adressons tout notre soutien.   \ud83d\udd0e Que s\u2019est-il pass\u00e9 ?   Une cellule orageuse s\u2019est form\u00e9e sur l\u2019Eure-et-Loir en fin d\u2019apr\u00e8s-midi en progressant vers le nord-est. Elle s\u2019est intensifi\u00e9e fortement et rapidement autour de 17h45, avec de violentes rafales de vent lorsqu\u2019elle est pass\u00e9e dans la zone d\u2019Ermont. La cellule orageuse a continu\u00e9 son d\u00e9placement vers le nord-est en perdant tr\u00e8s rapidement en intensit\u00e9, et s\u2019est dissip\u00e9e peu apr\u00e8s 18h.   \ud83d\udca1 La tornade est un ph\u00e9nom\u00e8ne de tr\u00e8s faible dimension et de courte dur\u00e9e de vie.    M\u00e9t\u00e9o-France avait identifi\u00e9 la situation orageuse : le Val d\u2019Oise avait \u00e9t\u00e9 plac\u00e9 en Vigilance Jaune orages pour l\u2019apr\u00e8s-midi et la soir\u00e9e du lundi 20 octobre. Ce niveau de Vigilance indique que des ph\u00e9nom\u00e8nes m\u00e9t\u00e9orologiques sont en cours dans le d\u00e9partement, et qu\u2019ils peuvent \u00eatre occasionnellement et localement dangereux.    \ud83e\uddee Combien de tornades touchent la France chaque ann\u00e9e ?    Dans notre pays, en moyenne, on d\u00e9nombre quelques dizaines de tornades chaque ann\u00e9e, d'intensit\u00e9 variable. On estime que les r\u00e9gions les plus sujettes \u00e0 ce risque sont un grand tiers nord-ouest du pays et la c\u00f4te m\u00e9diterran\u00e9enne.    \ud83d\udcf8 Merci \u00e0 @Mlb Nini sur Facebook - Meteo Sain-Bel","robots":{"index":"index","follow":"follow","max-snippet":"max-snippet:-1","max-image-preview":"max-image-preview:large","max-video-preview":"max-video-preview:-1"},"canonical":"https:\/\/meteo-sain-bel.fr\/wp\/blog\/on-21-octobre-2025-at-15h56-\ud83c\udf2a\ufe0f-vous-avez-tres-probablement-vu-les-images-ce-lundi-dans-le-val-doise-un-phenomene-soudain-et-intense-a-touche-de-maniere-tres-localisee\/","og_locale":"fr_FR","og_type":"article","og_title":"on 21 octobre 2025 at 15h56 \ud83c\udf2a\ufe0f Vous avez tr\u00e8s probablement vu les images : ce lundi, dans le Val d\u2019Oise, un ph\u00e9nom\u00e8ne soudain et intense a touch\u00e9 de mani\u00e8re tr\u00e8s localis\u00e9e le secteur d\u2019Ermont (de Cormeilles-en-Parisis \u00e0 Montmorency). Les vid\u00e9os montrent une tornade. Une enqu\u00eate est en cours pour \u00e9valuer l'intensit\u00e9 et la trajectoire.    Nous avons une pens\u00e9e particuli\u00e8re pour les victimes et leurs proches, \u00e0 qui nous adressons tout notre soutien.   \ud83d\udd0e Que s\u2019est-il pass\u00e9 ?   Une cellule orageuse s\u2019est form\u00e9e sur l\u2019Eure-et-Loir en fin d\u2019apr\u00e8s-midi en progressant vers le nord-est. Elle s\u2019est intensifi\u00e9e fortement et rapidement autour de 17h45, avec de violentes rafales de vent lorsqu\u2019elle est pass\u00e9e dans la zone d\u2019Ermont. La cellule orageuse a continu\u00e9 son d\u00e9placement vers le nord-est en perdant tr\u00e8s rapidement en intensit\u00e9, et s\u2019est dissip\u00e9e peu apr\u00e8s 18h.   \ud83d\udca1 La tornade est un ph\u00e9nom\u00e8ne de tr\u00e8s faible dimension et de courte dur\u00e9e de vie.    M\u00e9t\u00e9o-France avait identifi\u00e9 la situation orageuse : le Val d\u2019Oise avait \u00e9t\u00e9 plac\u00e9 en Vigilance Jaune orages pour l\u2019apr\u00e8s-midi et la soir\u00e9e du lundi 20 octobre. Ce niveau de Vigilance indique que des ph\u00e9nom\u00e8nes m\u00e9t\u00e9orologiques sont en cours dans le d\u00e9partement, et qu\u2019ils peuvent \u00eatre occasionnellement et localement dangereux.    \ud83e\uddee Combien de tornades touchent la France chaque ann\u00e9e ?    Dans notre pays, en moyenne, on d\u00e9nombre quelques dizaines de tornades chaque ann\u00e9e, d'intensit\u00e9 variable. On estime que les r\u00e9gions les plus sujettes \u00e0 ce risque sont un grand tiers nord-ouest du pays et la c\u00f4te m\u00e9diterran\u00e9enne.    \ud83d\udcf8 Merci \u00e0 @Mlb Nini sur Facebook - Meteo Sain-Bel","og_description":"M\u00e9t\u00e9o\u00a0 Republi\u00e9 via Innoreader Read More \ud83c\udf2a\ufe0f Vous avez tr\u00e8s probablement vu les images : ce lundi, dans le Val d\u2019Oise, un ph\u00e9nom\u00e8ne soudain et [&hellip;]","og_url":"https:\/\/meteo-sain-bel.fr\/wp\/blog\/on-21-octobre-2025-at-15h56-\ud83c\udf2a\ufe0f-vous-avez-tres-probablement-vu-les-images-ce-lundi-dans-le-val-doise-un-phenomene-soudain-et-intense-a-touche-de-maniere-tres-localisee\/","og_site_name":"Meteo Sain-Bel","article_publisher":"https:\/\/www.facebook.com\/meteosainbel","article_published_time":"2025-10-21T15:56:13+00:00","og_image":[{"url":"https:\/\/scontent.fsof11-1.fna.fbcdn.net\/v\/t39.30808-6\/568539677_1255808236578479_6986916102676383405_n.jpg?_nc_cat=102&amp;ccb=1-7&amp;_nc_sid=127cfc&amp;_nc_ohc=OVJkWhYEVJsQ7kNvwGBZNAU&amp;_nc_oc=Adkgh8u1PHhBW7Ur7cAQ9_71XCDXRuljbjQCMIfzndTPT6HzXKMLv4gK-n9d9_5UZBo&amp;_nc_zt=23&amp;_nc_ht=scontent.fsof11-1.fna&amp;edm=AKIiGfEEAAAA&amp;_nc_gid=V1yZXvQ66t4cUKxNdCpVzA&amp;oh=00_AfcDIwBEAdkZlOmmAy2oiq3yNoItljs-RiGtKV90nJa_hw&amp;oe=68FD89A3","type":"","width":"","height":""}],"author":"Webmaster Meteo Sain-Bel","twitter_card":"summary_large_image","twitter_creator":"@pichej","twitter_site":"@pichej","schema":{"@context":"https:\/\/schema.org","@graph":[{"@type":"Article","@id":"https:\/\/meteo-sain-bel.fr\/wp\/blog\/on-21-octobre-2025-at-15h56-%f0%9f%8c%aa%ef%b8%8f-vous-avez-tres-probablement-vu-les-images-ce-lundi-dans-le-val-doise-un-phenomene-soudain-et-intense-a-touche-de-maniere-tres-localisee\/#article","isPartOf":{"@id":"https:\/\/meteo-sain-bel.fr\/wp\/blog\/on-21-octobre-2025-at-15h56-%f0%9f%8c%aa%ef%b8%8f-vous-avez-tres-probablement-vu-les-images-ce-lundi-dans-le-val-doise-un-phenomene-soudain-et-intense-a-touche-de-maniere-tres-localisee\/"},"author":{"name":"Webmaster Meteo Sain-Bel","@id":"https:\/\/meteo-sain-bel.fr\/wp\/#\/schema\/person\/01aaa16bd38fc34093b74f9fe631ce9f"},"headline":"on 21 octobre 2025 at 15h56 \ud83c\udf2a\ufe0f Vous avez tr\u00e8s probablement vu les images : ce lundi, dans le Val d\u2019Oise, un ph\u00e9nom\u00e8ne soudain et intense a touch\u00e9 de mani\u00e8re tr\u00e8s localis\u00e9e le secteur d\u2019Ermont (de Cormeilles-en-Parisis \u00e0 Montmorency). Les vid\u00e9os montrent une tornade. Une enqu\u00eate est en cours pour \u00e9valuer l&#8217;intensit\u00e9 et la trajectoire. Nous avons une pens\u00e9e particuli\u00e8re pour les victimes et leurs proches, \u00e0 qui nous adressons tout notre soutien. \ud83d\udd0e Que s\u2019est-il pass\u00e9 ? Une cellule orageuse s\u2019est form\u00e9e sur l\u2019Eure-et-Loir en fin d\u2019apr\u00e8s-midi en progressant vers le nord-est. Elle s\u2019est intensifi\u00e9e fortement et rapidement autour de 17h45, avec de violentes rafales de vent lorsqu\u2019elle est pass\u00e9e dans la zone d\u2019Ermont. La cellule orageuse a continu\u00e9 son d\u00e9placement vers le nord-est en perdant tr\u00e8s rapidement en intensit\u00e9, et s\u2019est dissip\u00e9e peu apr\u00e8s 18h. \ud83d\udca1 La tornade est un ph\u00e9nom\u00e8ne de tr\u00e8s faible dimension et de courte dur\u00e9e de vie. M\u00e9t\u00e9o-France avait identifi\u00e9 la situation orageuse : le Val d\u2019Oise avait \u00e9t\u00e9 plac\u00e9 en Vigilance Jaune orages pour l\u2019apr\u00e8s-midi et la soir\u00e9e du lundi 20 octobre. Ce niveau de Vigilance indique que des ph\u00e9nom\u00e8nes m\u00e9t\u00e9orologiques sont en cours dans le d\u00e9partement, et qu\u2019ils peuvent \u00eatre occasionnellement et localement dangereux. \ud83e\uddee Combien de tornades touchent la France chaque ann\u00e9e ? Dans notre pays, en moyenne, on d\u00e9nombre quelques dizaines de tornades chaque ann\u00e9e, d&#8217;intensit\u00e9 variable. On estime que les r\u00e9gions les plus sujettes \u00e0 ce risque sont un grand tiers nord-ouest du pays et la c\u00f4te m\u00e9diterran\u00e9enne. \ud83d\udcf8 Merci \u00e0 @Mlb Nini sur Facebook","datePublished":"2025-10-21T15:56:13+00:00","mainEntityOfPage":{"@id":"https:\/\/meteo-sain-bel.fr\/wp\/blog\/on-21-octobre-2025-at-15h56-%f0%9f%8c%aa%ef%b8%8f-vous-avez-tres-probablement-vu-les-images-ce-lundi-dans-le-val-doise-un-phenomene-soudain-et-intense-a-touche-de-maniere-tres-localisee\/"},"wordCount":586,"commentCount":0,"publisher":{"@id":"https:\/\/meteo-sain-bel.fr\/wp\/#organization"},"image":{"@id":"https:\/\/meteo-sain-bel.fr\/wp\/blog\/on-21-octobre-2025-at-15h56-%f0%9f%8c%aa%ef%b8%8f-vous-avez-tres-probablement-vu-les-images-ce-lundi-dans-le-val-doise-un-phenomene-soudain-et-intense-a-touche-de-maniere-tres-localisee\/#primaryimage"},"thumbnailUrl":"https:\/\/meteo-sain-bel.fr\/wp\/wp-content\/uploads\/2025\/10\/568539677_1255808236578479_6986916102676383405_n-dLFDHy.jpg","articleSection":["Sources Externes"],"inLanguage":"fr-FR","potentialAction":[{"@type":"CommentAction","name":"Comment","target":["https:\/\/meteo-sain-bel.fr\/wp\/blog\/on-21-octobre-2025-at-15h56-%f0%9f%8c%aa%ef%b8%8f-vous-avez-tres-probablement-vu-les-images-ce-lundi-dans-le-val-doise-un-phenomene-soudain-et-intense-a-touche-de-maniere-tres-localisee\/#respond"]}]},{"@type":"WebPage","@id":"https:\/\/meteo-sain-bel.fr\/wp\/blog\/on-21-octobre-2025-at-15h56-%f0%9f%8c%aa%ef%b8%8f-vous-avez-tres-probablement-vu-les-images-ce-lundi-dans-le-val-doise-un-phenomene-soudain-et-intense-a-touche-de-maniere-tres-localisee\/","url":"https:\/\/meteo-sain-bel.fr\/wp\/blog\/on-21-octobre-2025-at-15h56-%f0%9f%8c%aa%ef%b8%8f-vous-avez-tres-probablement-vu-les-images-ce-lundi-dans-le-val-doise-un-phenomene-soudain-et-intense-a-touche-de-maniere-tres-localisee\/","name":"on 21 octobre 2025 at 15h56 \ud83c\udf2a\ufe0f Vous avez tr\u00e8s probablement vu les images : ce lundi, dans le Val d\u2019Oise, un ph\u00e9nom\u00e8ne soudain et intense a touch\u00e9 de mani\u00e8re tr\u00e8s localis\u00e9e le secteur d\u2019Ermont (de Cormeilles-en-Parisis \u00e0 Montmorency). Les vid\u00e9os montrent une tornade. Une enqu\u00eate est en cours pour \u00e9valuer l'intensit\u00e9 et la trajectoire. Nous avons une pens\u00e9e particuli\u00e8re pour les victimes et leurs proches, \u00e0 qui nous adressons tout notre soutien. \ud83d\udd0e Que s\u2019est-il pass\u00e9 ? Une cellule orageuse s\u2019est form\u00e9e sur l\u2019Eure-et-Loir en fin d\u2019apr\u00e8s-midi en progressant vers le nord-est. Elle s\u2019est intensifi\u00e9e fortement et rapidement autour de 17h45, avec de violentes rafales de vent lorsqu\u2019elle est pass\u00e9e dans la zone d\u2019Ermont. La cellule orageuse a continu\u00e9 son d\u00e9placement vers le nord-est en perdant tr\u00e8s rapidement en intensit\u00e9, et s\u2019est dissip\u00e9e peu apr\u00e8s 18h. \ud83d\udca1 La tornade est un ph\u00e9nom\u00e8ne de tr\u00e8s faible dimension et de courte dur\u00e9e de vie. M\u00e9t\u00e9o-France avait identifi\u00e9 la situation orageuse : le Val d\u2019Oise avait \u00e9t\u00e9 plac\u00e9 en Vigilance Jaune orages pour l\u2019apr\u00e8s-midi et la soir\u00e9e du lundi 20 octobre. Ce niveau de Vigilance indique que des ph\u00e9nom\u00e8nes m\u00e9t\u00e9orologiques sont en cours dans le d\u00e9partement, et qu\u2019ils peuvent \u00eatre occasionnellement et localement dangereux. \ud83e\uddee Combien de tornades touchent la France chaque ann\u00e9e ? Dans notre pays, en moyenne, on d\u00e9nombre quelques dizaines de tornades chaque ann\u00e9e, d'intensit\u00e9 variable. On estime que les r\u00e9gions les plus sujettes \u00e0 ce risque sont un grand tiers nord-ouest du pays et la c\u00f4te m\u00e9diterran\u00e9enne. \ud83d\udcf8 Merci \u00e0 @Mlb Nini sur Facebook - Meteo Sain-Bel","isPartOf":{"@id":"https:\/\/meteo-sain-bel.fr\/wp\/#website"},"primaryImageOfPage":{"@id":"https:\/\/meteo-sain-bel.fr\/wp\/blog\/on-21-octobre-2025-at-15h56-%f0%9f%8c%aa%ef%b8%8f-vous-avez-tres-probablement-vu-les-images-ce-lundi-dans-le-val-doise-un-phenomene-soudain-et-intense-a-touche-de-maniere-tres-localisee\/#primaryimage"},"image":{"@id":"https:\/\/meteo-sain-bel.fr\/wp\/blog\/on-21-octobre-2025-at-15h56-%f0%9f%8c%aa%ef%b8%8f-vous-avez-tres-probablement-vu-les-images-ce-lundi-dans-le-val-doise-un-phenomene-soudain-et-intense-a-touche-de-maniere-tres-localisee\/#primaryimage"},"thumbnailUrl":"https:\/\/meteo-sain-bel.fr\/wp\/wp-content\/uploads\/2025\/10\/568539677_1255808236578479_6986916102676383405_n-dLFDHy.jpg","datePublished":"2025-10-21T15:56:13+00:00","breadcrumb":{"@id":"https:\/\/meteo-sain-bel.fr\/wp\/blog\/on-21-octobre-2025-at-15h56-%f0%9f%8c%aa%ef%b8%8f-vous-avez-tres-probablement-vu-les-images-ce-lundi-dans-le-val-doise-un-phenomene-soudain-et-intense-a-touche-de-maniere-tres-localisee\/#breadcrumb"},"inLanguage":"fr-FR","potentialAction":[{"@type":"ReadAction","target":["https:\/\/meteo-sain-bel.fr\/wp\/blog\/on-21-octobre-2025-at-15h56-%f0%9f%8c%aa%ef%b8%8f-vous-avez-tres-probablement-vu-les-images-ce-lundi-dans-le-val-doise-un-phenomene-soudain-et-intense-a-touche-de-maniere-tres-localisee\/"]}]},{"@type":"ImageObject","inLanguage":"fr-FR","@id":"https:\/\/meteo-sain-bel.fr\/wp\/blog\/on-21-octobre-2025-at-15h56-%f0%9f%8c%aa%ef%b8%8f-vous-avez-tres-probablement-vu-les-images-ce-lundi-dans-le-val-doise-un-phenomene-soudain-et-intense-a-touche-de-maniere-tres-localisee\/#primaryimage","url":"https:\/\/meteo-sain-bel.fr\/wp\/wp-content\/uploads\/2025\/10\/568539677_1255808236578479_6986916102676383405_n-dLFDHy.jpg","contentUrl":"https:\/\/meteo-sain-bel.fr\/wp\/wp-content\/uploads\/2025\/10\/568539677_1255808236578479_6986916102676383405_n-dLFDHy.jpg","width":507,"height":785},{"@type":"BreadcrumbList","@id":"https:\/\/meteo-sain-bel.fr\/wp\/blog\/on-21-octobre-2025-at-15h56-%f0%9f%8c%aa%ef%b8%8f-vous-avez-tres-probablement-vu-les-images-ce-lundi-dans-le-val-doise-un-phenomene-soudain-et-intense-a-touche-de-maniere-tres-localisee\/#breadcrumb","itemListElement":[{"@type":"ListItem","position":1,"name":"Accueil","item":"https:\/\/meteo-sain-bel.fr\/wp\/"},{"@type":"ListItem","position":2,"name":"on 21 octobre 2025 at 15h56 \ud83c\udf2a\ufe0f Vous avez tr\u00e8s probablement vu les images : ce lundi, dans le Val d\u2019Oise, un ph\u00e9nom\u00e8ne soudain et intense a touch\u00e9 de mani\u00e8re tr\u00e8s localis\u00e9e le secteur d\u2019Ermont (de Cormeilles-en-Parisis \u00e0 Montmorency). Les vid\u00e9os montrent une tornade. Une enqu\u00eate est en cours pour \u00e9valuer l&#8217;intensit\u00e9 et la trajectoire. Nous avons une pens\u00e9e particuli\u00e8re pour les victimes et leurs proches, \u00e0 qui nous adressons tout notre soutien. \ud83d\udd0e Que s\u2019est-il pass\u00e9 ? Une cellule orageuse s\u2019est form\u00e9e sur l\u2019Eure-et-Loir en fin d\u2019apr\u00e8s-midi en progressant vers le nord-est. Elle s\u2019est intensifi\u00e9e fortement et rapidement autour de 17h45, avec de violentes rafales de vent lorsqu\u2019elle est pass\u00e9e dans la zone d\u2019Ermont. La cellule orageuse a continu\u00e9 son d\u00e9placement vers le nord-est en perdant tr\u00e8s rapidement en intensit\u00e9, et s\u2019est dissip\u00e9e peu apr\u00e8s 18h. \ud83d\udca1 La tornade est un ph\u00e9nom\u00e8ne de tr\u00e8s faible dimension et de courte dur\u00e9e de vie. M\u00e9t\u00e9o-France avait identifi\u00e9 la situation orageuse : le Val d\u2019Oise avait \u00e9t\u00e9 plac\u00e9 en Vigilance Jaune orages pour l\u2019apr\u00e8s-midi et la soir\u00e9e du lundi 20 octobre. Ce niveau de Vigilance indique que des ph\u00e9nom\u00e8nes m\u00e9t\u00e9orologiques sont en cours dans le d\u00e9partement, et qu\u2019ils peuvent \u00eatre occasionnellement et localement dangereux. \ud83e\uddee Combien de tornades touchent la France chaque ann\u00e9e ? Dans notre pays, en moyenne, on d\u00e9nombre quelques dizaines de tornades chaque ann\u00e9e, d&#8217;intensit\u00e9 variable. On estime que les r\u00e9gions les plus sujettes \u00e0 ce risque sont un grand tiers nord-ouest du pays et la c\u00f4te m\u00e9diterran\u00e9enne. \ud83d\udcf8 Merci \u00e0 @Mlb Nini sur Facebook"}]},{"@type":"WebSite","@id":"https:\/\/meteo-sain-bel.fr\/wp\/#website","url":"https:\/\/meteo-sain-bel.fr\/wp\/","name":"Meteo Sain-Bel","description":"Station m\u00e9t\u00e9orologique, donn\u00e9es en temps r\u00e9el 24h\/24 et Webcam \u00e0 Sain-Bel (69210) Pays de l\u2019Arbresle, 69 Rh\u00f4ne, France","publisher":{"@id":"https:\/\/meteo-sain-bel.fr\/wp\/#organization"},"alternateName":"Site m\u00e9t\u00e9o de Sain-Bel, Rh\u00f4ne","potentialAction":[{"@type":"SearchAction","target":{"@type":"EntryPoint","urlTemplate":"https:\/\/meteo-sain-bel.fr\/wp\/?s={search_term_string}"},"query-input":{"@type":"PropertyValueSpecification","valueRequired":true,"valueName":"search_term_string"}}],"inLanguage":"fr-FR"},{"@type":"Organization","@id":"https:\/\/meteo-sain-bel.fr\/wp\/#organization","name":"Meteo Sain-Bel","url":"https:\/\/meteo-sain-bel.fr\/wp\/","logo":{"@type":"ImageObject","inLanguage":"fr-FR","@id":"https:\/\/meteo-sain-bel.fr\/wp\/#\/schema\/logo\/image\/","url":"https:\/\/meteo-sain-bel.fr\/wp\/wp-content\/uploads\/2024\/07\/cropped-cropped-Capture-decran-2024-07-13-065002.png","contentUrl":"https:\/\/meteo-sain-bel.fr\/wp\/wp-content\/uploads\/2024\/07\/cropped-cropped-Capture-decran-2024-07-13-065002.png","width":336,"height":283,"caption":"Meteo Sain-Bel"},"image":{"@id":"https:\/\/meteo-sain-bel.fr\/wp\/#\/schema\/logo\/image\/"},"sameAs":["https:\/\/www.facebook.com\/meteosainbel","https:\/\/x.com\/pichej","https:\/\/www.instagram.com\/pichej"]},{"@type":"Person","@id":"https:\/\/meteo-sain-bel.fr\/wp\/#\/schema\/person\/01aaa16bd38fc34093b74f9fe631ce9f","name":"Webmaster Meteo Sain-Bel","image":{"@type":"ImageObject","inLanguage":"fr-FR","@id":"https:\/\/secure.gravatar.com\/avatar\/fbbe8b1b88f3bedc77cf954f56a4f23bb0cac63f504868560f513f1ccb1405ee?s=96&r=g","url":"https:\/\/secure.gravatar.com\/avatar\/fbbe8b1b88f3bedc77cf954f56a4f23bb0cac63f504868560f513f1ccb1405ee?s=96&r=g","contentUrl":"https:\/\/secure.gravatar.com\/avatar\/fbbe8b1b88f3bedc77cf954f56a4f23bb0cac63f504868560f513f1ccb1405ee?s=96&r=g","caption":"Webmaster Meteo Sain-Bel"},"sameAs":["http:\/\/meteo-sain-bel.fr\/wp"],"url":"https:\/\/meteo-sain-bel.fr\/wp\/blog\/author\/admin\/"}]}},"uagb_featured_image_src":{"full":["https:\/\/meteo-sain-bel.fr\/wp\/wp-content\/uploads\/2025\/10\/568539677_1255808236578479_6986916102676383405_n-dLFDHy.jpg",507,785,false],"thumbnail":["https:\/\/meteo-sain-bel.fr\/wp\/wp-content\/uploads\/2025\/10\/568539677_1255808236578479_6986916102676383405_n-dLFDHy-150x150.jpg",150,150,true],"medium":["https:\/\/meteo-sain-bel.fr\/wp\/wp-content\/uploads\/2025\/10\/568539677_1255808236578479_6986916102676383405_n-dLFDHy-194x300.jpg",194,300,true],"medium_large":["https:\/\/meteo-sain-bel.fr\/wp\/wp-content\/uploads\/2025\/10\/568539677_1255808236578479_6986916102676383405_n-dLFDHy.jpg",507,785,false],"large":["https:\/\/meteo-sain-bel.fr\/wp\/wp-content\/uploads\/2025\/10\/568539677_1255808236578479_6986916102676383405_n-dLFDHy.jpg",507,785,false],"1536x1536":["https:\/\/meteo-sain-bel.fr\/wp\/wp-content\/uploads\/2025\/10\/568539677_1255808236578479_6986916102676383405_n-dLFDHy.jpg",507,785,false],"2048x2048":["https:\/\/meteo-sain-bel.fr\/wp\/wp-content\/uploads\/2025\/10\/568539677_1255808236578479_6986916102676383405_n-dLFDHy.jpg",507,785,false]},"uagb_author_info":{"display_name":"Webmaster Meteo Sain-Bel","author_link":"https:\/\/meteo-sain-bel.fr\/wp\/blog\/author\/admin\/"},"uagb_comment_info":0,"uagb_excerpt":"M\u00e9t\u00e9o\u00a0 Republi\u00e9 via Innoreader Read More \ud83c\udf2a\ufe0f Vous avez tr\u00e8s probablement vu les images : ce lundi, dans le Val d\u2019Oise, un ph\u00e9nom\u00e8ne soudain et [&hellip;]","_links":{"self":[{"href":"https:\/\/meteo-sain-bel.fr\/wp\/wp-json\/wp\/v2\/posts\/5649","targetHints":{"allow":["GET"]}}],"collection":[{"href":"https:\/\/meteo-sain-bel.fr\/wp\/wp-json\/wp\/v2\/posts"}],"about":[{"href":"https:\/\/meteo-sain-bel.fr\/wp\/wp-json\/wp\/v2\/types\/post"}],"author":[{"embeddable":true,"href":"https:\/\/meteo-sain-bel.fr\/wp\/wp-json\/wp\/v2\/users\/1"}],"replies":[{"embeddable":true,"href":"https:\/\/meteo-sain-bel.fr\/wp\/wp-json\/wp\/v2\/comments?post=5649"}],"version-history":[{"count":0,"href":"https:\/\/meteo-sain-bel.fr\/wp\/wp-json\/wp\/v2\/posts\/5649\/revisions"}],"wp:featuredmedia":[{"embeddable":true,"href":"https:\/\/meteo-sain-bel.fr\/wp\/wp-json\/wp\/v2\/media\/5650"}],"wp:attachment":[{"href":"https:\/\/meteo-sain-bel.fr\/wp\/wp-json\/wp\/v2\/media?parent=5649"}],"wp:term":[{"taxonomy":"category","embeddable":true,"href":"https:\/\/meteo-sain-bel.fr\/wp\/wp-json\/wp\/v2\/categories?post=5649"},{"taxonomy":"post_tag","embeddable":true,"href":"https:\/\/meteo-sain-bel.fr\/wp\/wp-json\/wp\/v2\/tags?post=5649"}],"curies":[{"name":"wp","href":"https:\/\/api.w.org\/{rel}","templated":true}]}}