{"id":5558,"date":"2025-10-11T03:02:26","date_gmt":"2025-10-11T01:02:26","guid":{"rendered":"https:\/\/meteo-sain-bel.fr\/wp\/blog\/on-11-octobre-2025-at-1h02-quand-lhiver-sinvite-deja-fin-octobre-et-debut-novembre-en-france\/"},"modified":"2025-10-11T03:02:26","modified_gmt":"2025-10-11T01:02:26","slug":"on-11-octobre-2025-at-1h02-quand-lhiver-sinvite-deja-fin-octobre-et-debut-novembre-en-france","status":"publish","type":"post","link":"https:\/\/meteo-sain-bel.fr\/wp\/blog\/on-11-octobre-2025-at-1h02-quand-lhiver-sinvite-deja-fin-octobre-et-debut-novembre-en-france\/","title":{"rendered":"on 11 octobre 2025 at 1h02  Quand l&#8217;hiver s&#8217;invite d\u00e9j\u00e0 fin octobre et d\u00e9but novembre en France"},"content":{"rendered":"<p>M\u00e9t\u00e9o\u00a0 Republi\u00e9 via Innoreader <a href=\"https:\/\/www.meteo-paris.com\/actualites\/quand-l-hiver-s-invite-deja-fin-octobre-et-debut-novembre-en-france\" target=\"_blank\" class=\"feedzy-rss-link-icon\">Read More<\/a><\/p>\n<p><img decoding=\"async\" alt=\"\" src=\"https:\/\/www.meteo-paris.com\/uploads\/actu\/0771b479f2_50175053_vague-froid-france.jpg\" \/><\/p>\n<p>\u00a0<\/p>\n<p>\u00a0<\/p>\n<h2>Une baisse marqu\u00e9e des temp\u00e9ratures en octobre en France<\/h2>\n<p>\u00a0<\/p>\n<p>En m\u00e9t\u00e9orologie, il est admis que l&#8217;automne, p\u00e9riode de transition entre la saison chaude et la saison froide, dure du 1er septembre au 30 novembre. Le mois d&#8217;octobre se situe donc en plein c\u0153ur de la saison automnale.<\/p>\n<p>Apr\u00e8s avoir atteint un pic entre la seconde quinzaine de juillet et le d\u00e9but du mois d&#8217;ao\u00fbt, le thermom\u00e8tre commence peu \u00e0 peu \u00e0 d\u00e9cliner en France. La baisse de la temp\u00e9rature moyenne nationale s&#8217;acc\u00e9l\u00e8re ensuite au cours du mois de septembre mais c&#8217;est durant le mois d&#8217;octobre qu&#8217;elle est la plus importante. Encore situ\u00e9e \u00e0 15.9\u00b0C le 1er octobre, les temp\u00e9ratures moyennes chutent jusqu&#8217;\u00e0 atteindre 11.8\u00b0C le 31, soit une chute de 4.1\u00b0C, soit la seconde baisse de temp\u00e9ratures la plus importante de l&#8217;ann\u00e9e apr\u00e8s novembre (-4.6\u00b0C entre le 1er et le 30).\u00a0<\/p>\n<p>\u00a0<\/p>\n<p><img decoding=\"async\" alt=\"\" src=\"https:\/\/www.meteo-paris.com\/uploads\/actu\/carte%20-%202025-10-10T120439.682.png\" \/><\/p>\n<p><em><strong>\u00c9volution des temp\u00e9ratures moyennes en France entre Juillet et d\u00e9cembre <\/strong><\/em>&#8211; Via Infoclimat.fr<\/p>\n<p>\u00a0<\/p>\n<p>On observe ainsi un tr\u00e8s net recul des temp\u00e9ratures moyennes en France entre le d\u00e9but du mois d&#8217;octobre et le d\u00e9but du mois de novembre. Par exemple, la moyenne des maximales \u00e0 Paris passe de 17 \u00e0 12\u00b0C en l&#8217;espace d&#8217;un mois. Sur la m\u00eame p\u00e9riode, Lyon perd m\u00eame 7 degr\u00e9s en passant de 19 \u00e0 12\u00b0C ! Strasbourg conna\u00eet la m\u00eame chute avec une valeur moyenne plongeant de 17 \u00e0 10\u00b0C. C&#8217;est notamment dans les r\u00e9gions continentales de l&#8217;est que le recul du thermom\u00e8tre se montre le plus important. Sur les r\u00e9gions c\u00f4ti\u00e8res, les eaux encore assez chaudes permettent de freiner quelque peu cette baisse (moyenne passant de 16 \u00e0 13\u00b0C sur Brest).<\/p>\n<p>\u00a0<\/p>\n<p><img decoding=\"async\" alt=\"\" src=\"https:\/\/www.meteo-paris.com\/uploads\/actu\/tempe-moyenne-oct-nov.jpg\" \/><\/p>\n<p><em><strong>Temp\u00e9ratures moyennes en 1\u00e8re d\u00e9cade d&#8217;octobre et 1\u00e8re d\u00e9cade de novembre\u00a0<\/strong><\/em>&#8211; lameteo.org<\/p>\n<p>\u00a0<\/p>\n<p>Cette baisse des temp\u00e9ratures s&#8217;explique d&#8217;une part par la baisse rapide de la dur\u00e9e du jour en cette p\u00e9riode de l&#8217;ann\u00e9e avec un peu plus d&#8217;une heure trente minutes de soleil perdues entre le d\u00e9but et la fin du mois mais aussi\u00a0par la reconstitution des masses d&#8217;air froid aux hautes latitudes. En effet, la dur\u00e9e du jour s&#8217;y r\u00e9duit bien plus rapidement qu&#8217;\u00e0 nos latitudes, favorisant l&#8217;accumulation de l&#8217;air froid. \u00c0 titre d&#8217;exemple, le jour dure encore pr\u00e8s de 11 heures au d\u00e9but du mois d&#8217;octobre dans le nord de l&#8217;Alaska alors que le soleil brille moins de 6 heures \u00e0 la fin de celui-ci. En octobre, la moindre orientation du flux au secteur nord ou nord-ouest commence ainsi \u00e0 drainer de l&#8217;air tr\u00e8s frais jusqu&#8217;\u00e0 nos r\u00e9gions.<\/p>\n<p>De ce fait, si les descentes d&#8217;air vraiment froid sont rares en d\u00e9but de mois, il arrive que les premi\u00e8res sensations hivernales de la saison froide soient observ\u00e9es entre la fin du mois d&#8217;octobre et le d\u00e9but du mois de novembre.\u00a0<\/p>\n<p>\u00a0<\/p>\n<p>\u00a0<\/p>\n<h2>L&#8217;hiver au milieu de l&#8217;automne : des exemples par le pass\u00e9\u00a0<\/h2>\n<p>\u00a0<\/p>\n<p>Des assauts de l&#8217;hiver ont d\u00e9j\u00e0 \u00e9t\u00e9 observ\u00e9s dans le pass\u00e9 en France d\u00e8s la fin du mois d&#8217;octobre avec m\u00eame <a href=\"https:\/\/www.meteo-paris.com\/actualites\/neige-en-plaine-en-octobre-est-ce-possible-en-france\">des \u00e9pisodes neigeux notables jusqu&#8217;en plaine<\/a>. On se souvient par exemple de la fin du mois d&#8217;octobre 2012 avec une vingtaine de centim\u00e8tres de neige jusqu&#8217;\u00e0 Grenoble ou encore des 29 et 30 octobre 2008 avec de la neige en plaine entre le Perche \u00e0 la Sologne o\u00f9 quelques centim\u00e8tres blanchissent les sols et pas plus de 3\u00b0C au meilleur de la journ\u00e9e dans l&#8217;Orne. N\u00e9anmoins d&#8217;autres \u00e9pisodes encore plus marquants se sont d\u00e9j\u00e0 produits.\u00a0<\/p>\n<p>\u00a0<\/p>\n<h3>Fin octobre 1997 : une v\u00e9ritable vague de froid \u00e0 la fin du mois d&#8217;octobre<\/h3>\n<p>Durant la derni\u00e8re d\u00e9cade du mois d&#8217;octobre 1997, une descente d&#8217;air polaire concerne une large partie centre et est de l&#8217;Europe en d\u00e9bordant sensiblement sur la France en raison de la mise en place d&#8217;un flux faiblement continental. Cet air tr\u00e8s froid pour la p\u00e9riode engendre le retour des gel\u00e9es quasiment g\u00e9n\u00e9ralis\u00e9es en plaine sur la France et m\u00eame quelques chutes de neige sur les reliefs l&#8217;arri\u00e8re-pays ni\u00e7ois et de la Corse.\u00a0<\/p>\n<p>\u00a0<\/p>\n<p><img decoding=\"async\" alt=\"\" src=\"https:\/\/www.meteo-paris.com\/uploads\/actu\/carte%20-%202025-10-10T120706.506.png\" \/><\/p>\n<p><em><strong>Situation du 28 octobre 1997 sur l&#8217;Europe <\/strong><\/em>&#8211; Wetterzentrale<\/p>\n<p>\u00a0<\/p>\n<p>Si les gel\u00e9es sont quasiment g\u00e9n\u00e9ralis\u00e9es, celles-ci sont \u00e9galement parfois marqu\u00e9es, favoris\u00e9es par un temps globalement calme et des nuits claires sous les hautes pressions. Au matin du 29 octobre 1997, on rel\u00e8ve ainsi jusqu&#8217;\u00e0 11\u00b0C \u00e0 Saint-Laurent dans le Jura, -10\u00b0C \u00e0 Aubusson ou encore -9\u00b0C \u00e0 Vichy et Clermont-Ferrand, des temp\u00e9ratures dignes du plein hiver !\u00a0<\/p>\n<p><img decoding=\"async\" alt=\"\" src=\"https:\/\/www.meteo-paris.com\/uploads\/actu\/2899.jpg\" \/><\/p>\n<p><em><strong>Temp\u00e9ratures minimales sur la France le 29 octobre 1997<\/strong><\/em> &#8211; M\u00e9t\u00e9o-France<\/p>\n<p>\u00a0<\/p>\n<h3>D\u00e9but novembre 1980 : Vague de froid marqu\u00e9e et neige au Nord comme au Sud\u00a0<\/h3>\n<p>Une masse d&#8217;air polaire envahit la France par l&#8217;Europe centrale durant une dizaine de jours au d\u00e9but du mois de novembre 1980 si bien qu&#8217;on retrouve des gel\u00e9es sur presque toute la France d\u00e8s le 2 novembre. Le 4, on rel\u00e8ve jusqu&#8217;\u00e0\u00a0-8\u00b0C \u00e0 Nevers\u00a0et certains secteurs observent une journ\u00e9e d\u00e9gel. Le m\u00eame jour, on observe de la neige jusqu&#8217;\u00e0 Carcassonne,\u00a0l&#8217;une des chutes les plus pr\u00e9coces jamais observ\u00e9es sur le secteur.\u00a0<\/p>\n<p>\u00a0<\/p>\n<p><img decoding=\"async\" alt=\"\" src=\"https:\/\/www.meteo-paris.com\/uploads\/actu\/carte%20-%202025-10-10T120825.258.png\" \/><\/p>\n<p><strong><em>Situation du 4 novembre 1980 sur l&#8217;Europe<\/em> &#8211; <\/strong>Wetterzentrale<\/p>\n<p>\u00a0<\/p>\n<p>Le 5 novembre 1980, la neige se g\u00e9n\u00e9ralise \u00e0 tout l\u2019ouest et au sud-ouest du pays &#8211; on mesure 50cm de neige \u00e0 Aubenas et Privas (Ard\u00e8che), 40cm \u00e0 Millau, 26cm \u00e0 Vichy, 20cm \u00e0 Issoire, 15cm \u00e0 Nantes, 10cm \u00e0 Tours, 7cm \u00e0 Lanv\u00e9oc (Bretagne), 4cm \u00e0 Rennes &#8211; il neige \u00e9galement \u00e0 Paris, et surtout \u00e0 Brest, Montpellier et Perpignan o\u00f9 l\u2019on mesure entre 10 et 20cm &#8211; au cours de cette journ\u00e9e, la temp\u00e9rature ne d\u00e9passe pas -1\u00b0C \u00e0 L\u2019\u00eele d\u2019Yeu, Nantes, Angers et bien d\u2019autres villes de l\u2019ouest de la France.\u00a0Le 6 novembre 1980, la neige concerne toutes les r\u00e9gions situ\u00e9es entre la Seine et la Belgique.<\/p>\n<p>\u00a0<\/p>\n<p><img decoding=\"async\" alt=\"\" src=\"https:\/\/www.meteo-paris.com\/uploads\/actu\/hauteur-maxi-neige-novembre-1980.jpg\" \/><\/p>\n<p><em><strong>Hauteur maximale de neige relev\u00e9e le 6 novembre 1980 en France<\/strong><\/em>\u00a0&#8211; M\u00e9t\u00e9o-France\u00a0<\/p>\n<p>\u00a0<\/p>\n<h3>D\u00e9but novembre 1966 : l&#8217;hiver au d\u00e9but du mois de novembre\u00a0<\/h3>\n<p>\u00a0<\/p>\n<p>Le 3 novembre 1966 (au lendemain de la Toussaint), alors que Florence subit les pires inondations du si\u00e8cle, des chutes de neige d&#8217;une pr\u00e9cocit\u00e9 record se produisent en France et laissent croire que l&#8217;hiver sera rude (il n&#8217;en sera rien). En marge d&#8217;une d\u00e9pression plongeant en M\u00e9diterran\u00e9e, de l&#8217;air froid s&#8217;engouffre sur la France, apportant un temps hivernal sur de nombreuses r\u00e9gions.\u00a0<\/p>\n<p>\u00a0<\/p>\n<p><img decoding=\"async\" alt=\"\" src=\"https:\/\/www.meteo-paris.com\/uploads\/actu\/carte%20-%202025-10-10T121331.294.png\" \/><\/p>\n<p><em><strong>Situation du 4 novembre 1966 sur l&#8217;Europe <\/strong><\/em>&#8211; Wetterzentrale<\/p>\n<p>\u00a0<\/p>\n<p>En tout cas, des chutes de neige assez marqu\u00e9es touchent la Champagne, l&#8217;Ile-de-France, le Centre, les Pays de la Loire et le Poitou-Charentes (o\u00f9 le ph\u00e9nom\u00e8ne ne s&#8217;\u00e9tait pas produit \u00e0 pareille \u00e9poque depuis 1921). Cette situation insolite provoque \u00e9videmment la joie des enfants qui s&#8217;empressent d&#8217;organiser de grandes batailles de boules de neige faciles \u00e0 fabriquer puisque l&#8217;on mesure 4 \u00e0 5cm \u00e0 Paris et jusqu&#8217;\u00e0 10cm \u00e0 Poitiers. Le paysage est f\u00e9erique car la neige recouvre des arbres encore en feuilles (alors qu&#8217;habituellement, elle attend leur chute). A Paris, 70 000 banlieusards sont bloqu\u00e9s sur les quais de la gare du Nord car la neige engendre de gros probl\u00e8mes dans les postes d&#8217;aiguillage jusqu&#8217;\u00e0 St-Denis. Dans les Pyr\u00e9n\u00e9es, des stations de ski ouvrent pr\u00e9matur\u00e9ment comme La Mongie, St-Lary ou Bagn\u00e8res. A presque un an des jeux olympiques d&#8217;hiver de Grenoble, les Fran\u00e7ais ont un engouement particulier pour la montagne.<\/p>\n<p>\u00a0<\/p>\n<p><img decoding=\"async\" alt=\"\" src=\"https:\/\/www.meteo-paris.com\/uploads\/actu\/2683.jpg\" \/><\/p>\n<p><strong><em>Neige de d\u00e9but novembre 1966 : Paris &#8211; la neige tient au sol dans l\u2019apr\u00e8s-midi du 3 novembre 1966<\/em> &#8211; <\/strong>Archives M\u00e9t\u00e9o-Villes<\/p>\n<p>\u00a0<\/p>\n<h3>Fin octobre et d\u00e9but novembre 1941 : froid et neigeux<\/h3>\n<p>\u00a0<\/p>\n<p>Apr\u00e8s une chaleur remarquable au d\u00e9but octobre, un froid exceptionnellement pr\u00e9coce concerne toutes les r\u00e9gions entre le 30 octobre et le 5 novembre 1941 en liaison \u00e0 une descente d&#8217;air polaire venu du nord-est du continent europ\u00e9en.\u00a0<\/p>\n<p>\u00a0<\/p>\n<p><img decoding=\"async\" alt=\"\" src=\"https:\/\/www.meteo-paris.com\/uploads\/actu\/carte%20-%202025-10-10T121138.946.png\" \/><\/p>\n<p><em><strong>Situation du 30 octobre 1941 sur l&#8217;Europe<\/strong><\/em> &#8211; Wetterzentrale<\/p>\n<p>\u00a0<\/p>\n<p>Il neige fr\u00e9quemment en plaine et \u00e0 basse altitude avec par exemple 5cm de neige \u00e0 Saint-Etienne le 30 octobre et 7cm \u00e0 Paris le 4 novembre, un record pour cette p\u00e9riode.\u00a0<\/p>\n<p>\u00a0<\/p>\n<p><img decoding=\"async\" alt=\"\" src=\"https:\/\/www.meteo-paris.com\/uploads\/actu\/4016.jpg\" \/><\/p>\n<p><em><strong>Chutes de neige tr\u00e8s pr\u00e9coces \u00e0 Paris le 4 novembre 1941\u00a0<\/strong><\/em>&#8211; M\u00e9t\u00e9o-Villes<\/p>\n<p>\u00a0<\/p>\n<h3>Fin octobre 1933 : un temps hivernal sur de nombreuses r\u00e9gions<\/h3>\n<p>\u00a0<\/p>\n<p>Les 28 et 29 octobre 1933, une d\u00e9pression profonde et associ\u00e9e \u00e0 de l&#8217;air froid plonge sur la France, apportant un temps humide et froid pour la p\u00e9riode sur la majorit\u00e9 du pays. La neige s&#8217;invite de ce fait en plaine dans de nombreuses r\u00e9gions et les accumulations sont remarquables dans le centre et l&#8217;est du pays.<\/p>\n<p>On rel\u00e8ve\u00a0<strong>8 cm<\/strong>\u00a0\u00e0 Mulhouse,\u00a0<strong>15 cm<\/strong>\u00a0\u00e0 Auxerre et Chaumont et jusqu&#8217;\u00e0\u00a0<strong>30 cm<\/strong>\u00a0\u00e0 Commentry dans l&#8217;Allier !\u00a0Cette neige lourde provoque d&#8217;importants d\u00e9g\u00e2ts sur des arbres qui n&#8217;ont pas encore perdu leurs feuilles.<\/p>\n<p>\u00a0<\/p>\n<p><img decoding=\"async\" alt=\"\" src=\"https:\/\/www.meteo-paris.com\/uploads\/actu\/carte%20-%202025-10-10T120959.907.png\" \/><\/p>\n<p><strong><em>Situation du 28 octobre 1933 sur l&#8217;Europe <\/em>&#8211; <\/strong>Wetterzentrale<\/p>\n<p>\u00a0<\/p>\n<h3>Retrouvez d&#8217;autres \u00e9v\u00e9nements marquants dans notre <a href=\"https:\/\/www.meteo-paris.com\/chronique\">Chronique depuis 1850 &gt;&gt;<\/a><\/h3>\n<h3>et dans notre <a href=\"https:\/\/www.meteo-paris.com\/almanach\/jour\/1010\">Almanach &gt;&gt;<\/a><\/h3>\n<p>\u00a0<\/p>\n<p>Auteur : <a href=\"https:\/\/x.com\/BergenTristan\">Tristan Bergen<\/a><\/p>","protected":false},"excerpt":{"rendered":"<p>M\u00e9t\u00e9o\u00a0 Republi\u00e9 via Innoreader Read More \u00a0 \u00a0 Une baisse marqu\u00e9e des temp\u00e9ratures en octobre en France \u00a0 En m\u00e9t\u00e9orologie, il est admis que l&#8217;automne, [&hellip;]<\/p>\n","protected":false},"author":1,"featured_media":5559,"comment_status":"open","ping_status":"open","sticky":false,"template":"","format":"standard","meta":{"content-type":"","_uag_custom_page_level_css":"","site-sidebar-layout":"default","site-content-layout":"","ast-site-content-layout":"default","site-content-style":"default","site-sidebar-style":"default","ast-global-header-display":"","ast-banner-title-visibility":"","ast-main-header-display":"","ast-hfb-above-header-display":"","ast-hfb-below-header-display":"","ast-hfb-mobile-header-display":"","site-post-title":"","ast-breadcrumbs-content":"","ast-featured-img":"","footer-sml-layout":"","ast-disable-related-posts":"","theme-transparent-header-meta":"","adv-header-id-meta":"","stick-header-meta":"","header-above-stick-meta":"","header-main-stick-meta":"","header-below-stick-meta":"","astra-migrate-meta-layouts":"default","ast-page-background-enabled":"default","ast-page-background-meta":{"desktop":{"background-color":"var(--ast-global-color-4)","background-image":"","background-repeat":"repeat","background-position":"center center","background-size":"auto","background-attachment":"scroll","background-type":"","background-media":"","overlay-type":"","overlay-color":"","overlay-opacity":"","overlay-gradient":""},"tablet":{"background-color":"","background-image":"","background-repeat":"repeat","background-position":"center center","background-size":"auto","background-attachment":"scroll","background-type":"","background-media":"","overlay-type":"","overlay-color":"","overlay-opacity":"","overlay-gradient":""},"mobile":{"background-color":"","background-image":"","background-repeat":"repeat","background-position":"center center","background-size":"auto","background-attachment":"scroll","background-type":"","background-media":"","overlay-type":"","overlay-color":"","overlay-opacity":"","overlay-gradient":""}},"ast-content-background-meta":{"desktop":{"background-color":"var(--ast-global-color-5)","background-image":"","background-repeat":"repeat","background-position":"center center","background-size":"auto","background-attachment":"scroll","background-type":"","background-media":"","overlay-type":"","overlay-color":"","overlay-opacity":"","overlay-gradient":""},"tablet":{"background-color":"var(--ast-global-color-5)","background-image":"","background-repeat":"repeat","background-position":"center center","background-size":"auto","background-attachment":"scroll","background-type":"","background-media":"","overlay-type":"","overlay-color":"","overlay-opacity":"","overlay-gradient":""},"mobile":{"background-color":"var(--ast-global-color-5)","background-image":"","background-repeat":"repeat","background-position":"center center","background-size":"auto","background-attachment":"scroll","background-type":"","background-media":"","overlay-type":"","overlay-color":"","overlay-opacity":"","overlay-gradient":""}},"footnotes":""},"categories":[6],"tags":[],"class_list":["post-5558","post","type-post","status-publish","format-standard","has-post-thumbnail","hentry","category-externes"],"yoast_head":"<!-- This site is optimized with the Yoast SEO plugin v27.4 - https:\/\/yoast.com\/product\/yoast-seo-wordpress\/ -->\n<title>on 11 octobre 2025 at 1h02 Quand l&#039;hiver s&#039;invite d\u00e9j\u00e0 fin octobre et d\u00e9but novembre en France - Meteo Sain-Bel<\/title>\n<meta name=\"robots\" content=\"index, follow, max-snippet:-1, max-image-preview:large, max-video-preview:-1\" \/>\n<link rel=\"canonical\" href=\"https:\/\/meteo-sain-bel.fr\/wp\/blog\/on-11-octobre-2025-at-1h02-quand-lhiver-sinvite-deja-fin-octobre-et-debut-novembre-en-france\/\" \/>\n<meta property=\"og:locale\" content=\"fr_FR\" \/>\n<meta property=\"og:type\" content=\"article\" \/>\n<meta property=\"og:title\" content=\"on 11 octobre 2025 at 1h02 Quand l&#039;hiver s&#039;invite d\u00e9j\u00e0 fin octobre et d\u00e9but novembre en France - Meteo Sain-Bel\" \/>\n<meta property=\"og:description\" content=\"M\u00e9t\u00e9o\u00a0 Republi\u00e9 via Innoreader Read More \u00a0 \u00a0 Une baisse marqu\u00e9e des temp\u00e9ratures en octobre en France \u00a0 En m\u00e9t\u00e9orologie, il est admis que l&#8217;automne, [&hellip;]\" \/>\n<meta property=\"og:url\" content=\"https:\/\/meteo-sain-bel.fr\/wp\/blog\/on-11-octobre-2025-at-1h02-quand-lhiver-sinvite-deja-fin-octobre-et-debut-novembre-en-france\/\" \/>\n<meta property=\"og:site_name\" content=\"Meteo Sain-Bel\" \/>\n<meta property=\"article:publisher\" content=\"https:\/\/www.facebook.com\/meteosainbel\" \/>\n<meta property=\"article:published_time\" content=\"2025-10-11T01:02:26+00:00\" \/>\n<meta property=\"og:image\" content=\"https:\/\/www.meteo-paris.com\/uploads\/actu\/0771b479f2_50175053_vague-froid-france.jpg\" \/>\n<meta name=\"author\" content=\"Webmaster Meteo Sain-Bel\" \/>\n<meta name=\"twitter:card\" content=\"summary_large_image\" \/>\n<meta name=\"twitter:creator\" content=\"@pichej\" \/>\n<meta name=\"twitter:site\" content=\"@pichej\" \/>\n<script type=\"application\/ld+json\" class=\"yoast-schema-graph\">{\"@context\":\"https:\\\/\\\/schema.org\",\"@graph\":[{\"@type\":\"Article\",\"@id\":\"https:\\\/\\\/meteo-sain-bel.fr\\\/wp\\\/blog\\\/on-11-octobre-2025-at-1h02-quand-lhiver-sinvite-deja-fin-octobre-et-debut-novembre-en-france\\\/#article\",\"isPartOf\":{\"@id\":\"https:\\\/\\\/meteo-sain-bel.fr\\\/wp\\\/blog\\\/on-11-octobre-2025-at-1h02-quand-lhiver-sinvite-deja-fin-octobre-et-debut-novembre-en-france\\\/\"},\"author\":{\"name\":\"Webmaster Meteo Sain-Bel\",\"@id\":\"https:\\\/\\\/meteo-sain-bel.fr\\\/wp\\\/#\\\/schema\\\/person\\\/01aaa16bd38fc34093b74f9fe631ce9f\"},\"headline\":\"on 11 octobre 2025 at 1h02 Quand l&#8217;hiver s&#8217;invite d\u00e9j\u00e0 fin octobre et d\u00e9but novembre en France\",\"datePublished\":\"2025-10-11T01:02:26+00:00\",\"mainEntityOfPage\":{\"@id\":\"https:\\\/\\\/meteo-sain-bel.fr\\\/wp\\\/blog\\\/on-11-octobre-2025-at-1h02-quand-lhiver-sinvite-deja-fin-octobre-et-debut-novembre-en-france\\\/\"},\"wordCount\":1510,\"commentCount\":0,\"publisher\":{\"@id\":\"https:\\\/\\\/meteo-sain-bel.fr\\\/wp\\\/#organization\"},\"image\":{\"@id\":\"https:\\\/\\\/meteo-sain-bel.fr\\\/wp\\\/blog\\\/on-11-octobre-2025-at-1h02-quand-lhiver-sinvite-deja-fin-octobre-et-debut-novembre-en-france\\\/#primaryimage\"},\"thumbnailUrl\":\"https:\\\/\\\/meteo-sain-bel.fr\\\/wp\\\/wp-content\\\/uploads\\\/2025\\\/10\\\/0771b479f2_50175053_vague-froid-france-GGQSwo.jpg\",\"articleSection\":[\"Sources Externes\"],\"inLanguage\":\"fr-FR\",\"potentialAction\":[{\"@type\":\"CommentAction\",\"name\":\"Comment\",\"target\":[\"https:\\\/\\\/meteo-sain-bel.fr\\\/wp\\\/blog\\\/on-11-octobre-2025-at-1h02-quand-lhiver-sinvite-deja-fin-octobre-et-debut-novembre-en-france\\\/#respond\"]}]},{\"@type\":\"WebPage\",\"@id\":\"https:\\\/\\\/meteo-sain-bel.fr\\\/wp\\\/blog\\\/on-11-octobre-2025-at-1h02-quand-lhiver-sinvite-deja-fin-octobre-et-debut-novembre-en-france\\\/\",\"url\":\"https:\\\/\\\/meteo-sain-bel.fr\\\/wp\\\/blog\\\/on-11-octobre-2025-at-1h02-quand-lhiver-sinvite-deja-fin-octobre-et-debut-novembre-en-france\\\/\",\"name\":\"on 11 octobre 2025 at 1h02 Quand l'hiver s'invite d\u00e9j\u00e0 fin octobre et d\u00e9but novembre en France - Meteo Sain-Bel\",\"isPartOf\":{\"@id\":\"https:\\\/\\\/meteo-sain-bel.fr\\\/wp\\\/#website\"},\"primaryImageOfPage\":{\"@id\":\"https:\\\/\\\/meteo-sain-bel.fr\\\/wp\\\/blog\\\/on-11-octobre-2025-at-1h02-quand-lhiver-sinvite-deja-fin-octobre-et-debut-novembre-en-france\\\/#primaryimage\"},\"image\":{\"@id\":\"https:\\\/\\\/meteo-sain-bel.fr\\\/wp\\\/blog\\\/on-11-octobre-2025-at-1h02-quand-lhiver-sinvite-deja-fin-octobre-et-debut-novembre-en-france\\\/#primaryimage\"},\"thumbnailUrl\":\"https:\\\/\\\/meteo-sain-bel.fr\\\/wp\\\/wp-content\\\/uploads\\\/2025\\\/10\\\/0771b479f2_50175053_vague-froid-france-GGQSwo.jpg\",\"datePublished\":\"2025-10-11T01:02:26+00:00\",\"breadcrumb\":{\"@id\":\"https:\\\/\\\/meteo-sain-bel.fr\\\/wp\\\/blog\\\/on-11-octobre-2025-at-1h02-quand-lhiver-sinvite-deja-fin-octobre-et-debut-novembre-en-france\\\/#breadcrumb\"},\"inLanguage\":\"fr-FR\",\"potentialAction\":[{\"@type\":\"ReadAction\",\"target\":[\"https:\\\/\\\/meteo-sain-bel.fr\\\/wp\\\/blog\\\/on-11-octobre-2025-at-1h02-quand-lhiver-sinvite-deja-fin-octobre-et-debut-novembre-en-france\\\/\"]}]},{\"@type\":\"ImageObject\",\"inLanguage\":\"fr-FR\",\"@id\":\"https:\\\/\\\/meteo-sain-bel.fr\\\/wp\\\/blog\\\/on-11-octobre-2025-at-1h02-quand-lhiver-sinvite-deja-fin-octobre-et-debut-novembre-en-france\\\/#primaryimage\",\"url\":\"https:\\\/\\\/meteo-sain-bel.fr\\\/wp\\\/wp-content\\\/uploads\\\/2025\\\/10\\\/0771b479f2_50175053_vague-froid-france-GGQSwo.jpg\",\"contentUrl\":\"https:\\\/\\\/meteo-sain-bel.fr\\\/wp\\\/wp-content\\\/uploads\\\/2025\\\/10\\\/0771b479f2_50175053_vague-froid-france-GGQSwo.jpg\",\"width\":1920,\"height\":1280},{\"@type\":\"BreadcrumbList\",\"@id\":\"https:\\\/\\\/meteo-sain-bel.fr\\\/wp\\\/blog\\\/on-11-octobre-2025-at-1h02-quand-lhiver-sinvite-deja-fin-octobre-et-debut-novembre-en-france\\\/#breadcrumb\",\"itemListElement\":[{\"@type\":\"ListItem\",\"position\":1,\"name\":\"Accueil\",\"item\":\"https:\\\/\\\/meteo-sain-bel.fr\\\/wp\\\/\"},{\"@type\":\"ListItem\",\"position\":2,\"name\":\"on 11 octobre 2025 at 1h02 Quand l&#8217;hiver s&#8217;invite d\u00e9j\u00e0 fin octobre et d\u00e9but novembre en France\"}]},{\"@type\":\"WebSite\",\"@id\":\"https:\\\/\\\/meteo-sain-bel.fr\\\/wp\\\/#website\",\"url\":\"https:\\\/\\\/meteo-sain-bel.fr\\\/wp\\\/\",\"name\":\"Meteo Sain-Bel\",\"description\":\"Station m\u00e9t\u00e9orologique, donn\u00e9es en temps r\u00e9el 24h\\\/24 et Webcam \u00e0 Sain-Bel (69210) Pays de l\u2019Arbresle, 69 Rh\u00f4ne, France\",\"publisher\":{\"@id\":\"https:\\\/\\\/meteo-sain-bel.fr\\\/wp\\\/#organization\"},\"alternateName\":\"Site m\u00e9t\u00e9o de Sain-Bel, Rh\u00f4ne\",\"potentialAction\":[{\"@type\":\"SearchAction\",\"target\":{\"@type\":\"EntryPoint\",\"urlTemplate\":\"https:\\\/\\\/meteo-sain-bel.fr\\\/wp\\\/?s={search_term_string}\"},\"query-input\":{\"@type\":\"PropertyValueSpecification\",\"valueRequired\":true,\"valueName\":\"search_term_string\"}}],\"inLanguage\":\"fr-FR\"},{\"@type\":\"Organization\",\"@id\":\"https:\\\/\\\/meteo-sain-bel.fr\\\/wp\\\/#organization\",\"name\":\"Meteo Sain-Bel\",\"url\":\"https:\\\/\\\/meteo-sain-bel.fr\\\/wp\\\/\",\"logo\":{\"@type\":\"ImageObject\",\"inLanguage\":\"fr-FR\",\"@id\":\"https:\\\/\\\/meteo-sain-bel.fr\\\/wp\\\/#\\\/schema\\\/logo\\\/image\\\/\",\"url\":\"https:\\\/\\\/meteo-sain-bel.fr\\\/wp\\\/wp-content\\\/uploads\\\/2024\\\/07\\\/cropped-cropped-Capture-decran-2024-07-13-065002.png\",\"contentUrl\":\"https:\\\/\\\/meteo-sain-bel.fr\\\/wp\\\/wp-content\\\/uploads\\\/2024\\\/07\\\/cropped-cropped-Capture-decran-2024-07-13-065002.png\",\"width\":336,\"height\":283,\"caption\":\"Meteo Sain-Bel\"},\"image\":{\"@id\":\"https:\\\/\\\/meteo-sain-bel.fr\\\/wp\\\/#\\\/schema\\\/logo\\\/image\\\/\"},\"sameAs\":[\"https:\\\/\\\/www.facebook.com\\\/meteosainbel\",\"https:\\\/\\\/x.com\\\/pichej\",\"https:\\\/\\\/www.instagram.com\\\/pichej\"]},{\"@type\":\"Person\",\"@id\":\"https:\\\/\\\/meteo-sain-bel.fr\\\/wp\\\/#\\\/schema\\\/person\\\/01aaa16bd38fc34093b74f9fe631ce9f\",\"name\":\"Webmaster Meteo Sain-Bel\",\"image\":{\"@type\":\"ImageObject\",\"inLanguage\":\"fr-FR\",\"@id\":\"https:\\\/\\\/secure.gravatar.com\\\/avatar\\\/fbbe8b1b88f3bedc77cf954f56a4f23bb0cac63f504868560f513f1ccb1405ee?s=96&r=g\",\"url\":\"https:\\\/\\\/secure.gravatar.com\\\/avatar\\\/fbbe8b1b88f3bedc77cf954f56a4f23bb0cac63f504868560f513f1ccb1405ee?s=96&r=g\",\"contentUrl\":\"https:\\\/\\\/secure.gravatar.com\\\/avatar\\\/fbbe8b1b88f3bedc77cf954f56a4f23bb0cac63f504868560f513f1ccb1405ee?s=96&r=g\",\"caption\":\"Webmaster Meteo Sain-Bel\"},\"sameAs\":[\"http:\\\/\\\/meteo-sain-bel.fr\\\/wp\"],\"url\":\"https:\\\/\\\/meteo-sain-bel.fr\\\/wp\\\/blog\\\/author\\\/admin\\\/\"}]}<\/script>\n<!-- \/ Yoast SEO plugin. -->","yoast_head_json":{"title":"on 11 octobre 2025 at 1h02 Quand l'hiver s'invite d\u00e9j\u00e0 fin octobre et d\u00e9but novembre en France - Meteo Sain-Bel","robots":{"index":"index","follow":"follow","max-snippet":"max-snippet:-1","max-image-preview":"max-image-preview:large","max-video-preview":"max-video-preview:-1"},"canonical":"https:\/\/meteo-sain-bel.fr\/wp\/blog\/on-11-octobre-2025-at-1h02-quand-lhiver-sinvite-deja-fin-octobre-et-debut-novembre-en-france\/","og_locale":"fr_FR","og_type":"article","og_title":"on 11 octobre 2025 at 1h02 Quand l'hiver s'invite d\u00e9j\u00e0 fin octobre et d\u00e9but novembre en France - Meteo Sain-Bel","og_description":"M\u00e9t\u00e9o\u00a0 Republi\u00e9 via Innoreader Read More \u00a0 \u00a0 Une baisse marqu\u00e9e des temp\u00e9ratures en octobre en France \u00a0 En m\u00e9t\u00e9orologie, il est admis que l&#8217;automne, [&hellip;]","og_url":"https:\/\/meteo-sain-bel.fr\/wp\/blog\/on-11-octobre-2025-at-1h02-quand-lhiver-sinvite-deja-fin-octobre-et-debut-novembre-en-france\/","og_site_name":"Meteo Sain-Bel","article_publisher":"https:\/\/www.facebook.com\/meteosainbel","article_published_time":"2025-10-11T01:02:26+00:00","og_image":[{"url":"https:\/\/www.meteo-paris.com\/uploads\/actu\/0771b479f2_50175053_vague-froid-france.jpg","type":"","width":"","height":""}],"author":"Webmaster Meteo Sain-Bel","twitter_card":"summary_large_image","twitter_creator":"@pichej","twitter_site":"@pichej","schema":{"@context":"https:\/\/schema.org","@graph":[{"@type":"Article","@id":"https:\/\/meteo-sain-bel.fr\/wp\/blog\/on-11-octobre-2025-at-1h02-quand-lhiver-sinvite-deja-fin-octobre-et-debut-novembre-en-france\/#article","isPartOf":{"@id":"https:\/\/meteo-sain-bel.fr\/wp\/blog\/on-11-octobre-2025-at-1h02-quand-lhiver-sinvite-deja-fin-octobre-et-debut-novembre-en-france\/"},"author":{"name":"Webmaster Meteo Sain-Bel","@id":"https:\/\/meteo-sain-bel.fr\/wp\/#\/schema\/person\/01aaa16bd38fc34093b74f9fe631ce9f"},"headline":"on 11 octobre 2025 at 1h02 Quand l&#8217;hiver s&#8217;invite d\u00e9j\u00e0 fin octobre et d\u00e9but novembre en France","datePublished":"2025-10-11T01:02:26+00:00","mainEntityOfPage":{"@id":"https:\/\/meteo-sain-bel.fr\/wp\/blog\/on-11-octobre-2025-at-1h02-quand-lhiver-sinvite-deja-fin-octobre-et-debut-novembre-en-france\/"},"wordCount":1510,"commentCount":0,"publisher":{"@id":"https:\/\/meteo-sain-bel.fr\/wp\/#organization"},"image":{"@id":"https:\/\/meteo-sain-bel.fr\/wp\/blog\/on-11-octobre-2025-at-1h02-quand-lhiver-sinvite-deja-fin-octobre-et-debut-novembre-en-france\/#primaryimage"},"thumbnailUrl":"https:\/\/meteo-sain-bel.fr\/wp\/wp-content\/uploads\/2025\/10\/0771b479f2_50175053_vague-froid-france-GGQSwo.jpg","articleSection":["Sources Externes"],"inLanguage":"fr-FR","potentialAction":[{"@type":"CommentAction","name":"Comment","target":["https:\/\/meteo-sain-bel.fr\/wp\/blog\/on-11-octobre-2025-at-1h02-quand-lhiver-sinvite-deja-fin-octobre-et-debut-novembre-en-france\/#respond"]}]},{"@type":"WebPage","@id":"https:\/\/meteo-sain-bel.fr\/wp\/blog\/on-11-octobre-2025-at-1h02-quand-lhiver-sinvite-deja-fin-octobre-et-debut-novembre-en-france\/","url":"https:\/\/meteo-sain-bel.fr\/wp\/blog\/on-11-octobre-2025-at-1h02-quand-lhiver-sinvite-deja-fin-octobre-et-debut-novembre-en-france\/","name":"on 11 octobre 2025 at 1h02 Quand l'hiver s'invite d\u00e9j\u00e0 fin octobre et d\u00e9but novembre en France - Meteo Sain-Bel","isPartOf":{"@id":"https:\/\/meteo-sain-bel.fr\/wp\/#website"},"primaryImageOfPage":{"@id":"https:\/\/meteo-sain-bel.fr\/wp\/blog\/on-11-octobre-2025-at-1h02-quand-lhiver-sinvite-deja-fin-octobre-et-debut-novembre-en-france\/#primaryimage"},"image":{"@id":"https:\/\/meteo-sain-bel.fr\/wp\/blog\/on-11-octobre-2025-at-1h02-quand-lhiver-sinvite-deja-fin-octobre-et-debut-novembre-en-france\/#primaryimage"},"thumbnailUrl":"https:\/\/meteo-sain-bel.fr\/wp\/wp-content\/uploads\/2025\/10\/0771b479f2_50175053_vague-froid-france-GGQSwo.jpg","datePublished":"2025-10-11T01:02:26+00:00","breadcrumb":{"@id":"https:\/\/meteo-sain-bel.fr\/wp\/blog\/on-11-octobre-2025-at-1h02-quand-lhiver-sinvite-deja-fin-octobre-et-debut-novembre-en-france\/#breadcrumb"},"inLanguage":"fr-FR","potentialAction":[{"@type":"ReadAction","target":["https:\/\/meteo-sain-bel.fr\/wp\/blog\/on-11-octobre-2025-at-1h02-quand-lhiver-sinvite-deja-fin-octobre-et-debut-novembre-en-france\/"]}]},{"@type":"ImageObject","inLanguage":"fr-FR","@id":"https:\/\/meteo-sain-bel.fr\/wp\/blog\/on-11-octobre-2025-at-1h02-quand-lhiver-sinvite-deja-fin-octobre-et-debut-novembre-en-france\/#primaryimage","url":"https:\/\/meteo-sain-bel.fr\/wp\/wp-content\/uploads\/2025\/10\/0771b479f2_50175053_vague-froid-france-GGQSwo.jpg","contentUrl":"https:\/\/meteo-sain-bel.fr\/wp\/wp-content\/uploads\/2025\/10\/0771b479f2_50175053_vague-froid-france-GGQSwo.jpg","width":1920,"height":1280},{"@type":"BreadcrumbList","@id":"https:\/\/meteo-sain-bel.fr\/wp\/blog\/on-11-octobre-2025-at-1h02-quand-lhiver-sinvite-deja-fin-octobre-et-debut-novembre-en-france\/#breadcrumb","itemListElement":[{"@type":"ListItem","position":1,"name":"Accueil","item":"https:\/\/meteo-sain-bel.fr\/wp\/"},{"@type":"ListItem","position":2,"name":"on 11 octobre 2025 at 1h02 Quand l&#8217;hiver s&#8217;invite d\u00e9j\u00e0 fin octobre et d\u00e9but novembre en France"}]},{"@type":"WebSite","@id":"https:\/\/meteo-sain-bel.fr\/wp\/#website","url":"https:\/\/meteo-sain-bel.fr\/wp\/","name":"Meteo Sain-Bel","description":"Station m\u00e9t\u00e9orologique, donn\u00e9es en temps r\u00e9el 24h\/24 et Webcam \u00e0 Sain-Bel (69210) Pays de l\u2019Arbresle, 69 Rh\u00f4ne, France","publisher":{"@id":"https:\/\/meteo-sain-bel.fr\/wp\/#organization"},"alternateName":"Site m\u00e9t\u00e9o de Sain-Bel, Rh\u00f4ne","potentialAction":[{"@type":"SearchAction","target":{"@type":"EntryPoint","urlTemplate":"https:\/\/meteo-sain-bel.fr\/wp\/?s={search_term_string}"},"query-input":{"@type":"PropertyValueSpecification","valueRequired":true,"valueName":"search_term_string"}}],"inLanguage":"fr-FR"},{"@type":"Organization","@id":"https:\/\/meteo-sain-bel.fr\/wp\/#organization","name":"Meteo Sain-Bel","url":"https:\/\/meteo-sain-bel.fr\/wp\/","logo":{"@type":"ImageObject","inLanguage":"fr-FR","@id":"https:\/\/meteo-sain-bel.fr\/wp\/#\/schema\/logo\/image\/","url":"https:\/\/meteo-sain-bel.fr\/wp\/wp-content\/uploads\/2024\/07\/cropped-cropped-Capture-decran-2024-07-13-065002.png","contentUrl":"https:\/\/meteo-sain-bel.fr\/wp\/wp-content\/uploads\/2024\/07\/cropped-cropped-Capture-decran-2024-07-13-065002.png","width":336,"height":283,"caption":"Meteo Sain-Bel"},"image":{"@id":"https:\/\/meteo-sain-bel.fr\/wp\/#\/schema\/logo\/image\/"},"sameAs":["https:\/\/www.facebook.com\/meteosainbel","https:\/\/x.com\/pichej","https:\/\/www.instagram.com\/pichej"]},{"@type":"Person","@id":"https:\/\/meteo-sain-bel.fr\/wp\/#\/schema\/person\/01aaa16bd38fc34093b74f9fe631ce9f","name":"Webmaster Meteo Sain-Bel","image":{"@type":"ImageObject","inLanguage":"fr-FR","@id":"https:\/\/secure.gravatar.com\/avatar\/fbbe8b1b88f3bedc77cf954f56a4f23bb0cac63f504868560f513f1ccb1405ee?s=96&r=g","url":"https:\/\/secure.gravatar.com\/avatar\/fbbe8b1b88f3bedc77cf954f56a4f23bb0cac63f504868560f513f1ccb1405ee?s=96&r=g","contentUrl":"https:\/\/secure.gravatar.com\/avatar\/fbbe8b1b88f3bedc77cf954f56a4f23bb0cac63f504868560f513f1ccb1405ee?s=96&r=g","caption":"Webmaster Meteo Sain-Bel"},"sameAs":["http:\/\/meteo-sain-bel.fr\/wp"],"url":"https:\/\/meteo-sain-bel.fr\/wp\/blog\/author\/admin\/"}]}},"uagb_featured_image_src":{"full":["https:\/\/meteo-sain-bel.fr\/wp\/wp-content\/uploads\/2025\/10\/0771b479f2_50175053_vague-froid-france-GGQSwo.jpg",1920,1280,false],"thumbnail":["https:\/\/meteo-sain-bel.fr\/wp\/wp-content\/uploads\/2025\/10\/0771b479f2_50175053_vague-froid-france-GGQSwo-150x150.jpg",150,150,true],"medium":["https:\/\/meteo-sain-bel.fr\/wp\/wp-content\/uploads\/2025\/10\/0771b479f2_50175053_vague-froid-france-GGQSwo-300x200.jpg",300,200,true],"medium_large":["https:\/\/meteo-sain-bel.fr\/wp\/wp-content\/uploads\/2025\/10\/0771b479f2_50175053_vague-froid-france-GGQSwo-768x512.jpg",768,512,true],"large":["https:\/\/meteo-sain-bel.fr\/wp\/wp-content\/uploads\/2025\/10\/0771b479f2_50175053_vague-froid-france-GGQSwo-1024x683.jpg",1024,683,true],"1536x1536":["https:\/\/meteo-sain-bel.fr\/wp\/wp-content\/uploads\/2025\/10\/0771b479f2_50175053_vague-froid-france-GGQSwo-1536x1024.jpg",1536,1024,true],"2048x2048":["https:\/\/meteo-sain-bel.fr\/wp\/wp-content\/uploads\/2025\/10\/0771b479f2_50175053_vague-froid-france-GGQSwo.jpg",1920,1280,false]},"uagb_author_info":{"display_name":"Webmaster Meteo Sain-Bel","author_link":"https:\/\/meteo-sain-bel.fr\/wp\/blog\/author\/admin\/"},"uagb_comment_info":0,"uagb_excerpt":"M\u00e9t\u00e9o\u00a0 Republi\u00e9 via Innoreader Read More \u00a0 \u00a0 Une baisse marqu\u00e9e des temp\u00e9ratures en octobre en France \u00a0 En m\u00e9t\u00e9orologie, il est admis que l&#8217;automne, [&hellip;]","_links":{"self":[{"href":"https:\/\/meteo-sain-bel.fr\/wp\/wp-json\/wp\/v2\/posts\/5558","targetHints":{"allow":["GET"]}}],"collection":[{"href":"https:\/\/meteo-sain-bel.fr\/wp\/wp-json\/wp\/v2\/posts"}],"about":[{"href":"https:\/\/meteo-sain-bel.fr\/wp\/wp-json\/wp\/v2\/types\/post"}],"author":[{"embeddable":true,"href":"https:\/\/meteo-sain-bel.fr\/wp\/wp-json\/wp\/v2\/users\/1"}],"replies":[{"embeddable":true,"href":"https:\/\/meteo-sain-bel.fr\/wp\/wp-json\/wp\/v2\/comments?post=5558"}],"version-history":[{"count":0,"href":"https:\/\/meteo-sain-bel.fr\/wp\/wp-json\/wp\/v2\/posts\/5558\/revisions"}],"wp:featuredmedia":[{"embeddable":true,"href":"https:\/\/meteo-sain-bel.fr\/wp\/wp-json\/wp\/v2\/media\/5559"}],"wp:attachment":[{"href":"https:\/\/meteo-sain-bel.fr\/wp\/wp-json\/wp\/v2\/media?parent=5558"}],"wp:term":[{"taxonomy":"category","embeddable":true,"href":"https:\/\/meteo-sain-bel.fr\/wp\/wp-json\/wp\/v2\/categories?post=5558"},{"taxonomy":"post_tag","embeddable":true,"href":"https:\/\/meteo-sain-bel.fr\/wp\/wp-json\/wp\/v2\/tags?post=5558"}],"curies":[{"name":"wp","href":"https:\/\/api.w.org\/{rel}","templated":true}]}}