{"id":5556,"date":"2025-10-10T19:48:29","date_gmt":"2025-10-10T17:48:29","guid":{"rendered":"https:\/\/meteo-sain-bel.fr\/wp\/blog\/on-10-octobre-2025-at-17h48-%f0%9f%92%a5tuto-7-climatologie-%f0%9f%93%b71-comme-son-nom-lindique-infoclimat-cest-surtout-un-tres-grand-nombre-de-donnees-climatologiques\/"},"modified":"2025-10-10T19:48:29","modified_gmt":"2025-10-10T17:48:29","slug":"on-10-octobre-2025-at-17h48-%f0%9f%92%a5tuto-7-climatologie-%f0%9f%93%b71-comme-son-nom-lindique-infoclimat-cest-surtout-un-tres-grand-nombre-de-donnees-climatologiques","status":"publish","type":"post","link":"https:\/\/meteo-sain-bel.fr\/wp\/blog\/on-10-octobre-2025-at-17h48-%f0%9f%92%a5tuto-7-climatologie-%f0%9f%93%b71-comme-son-nom-lindique-infoclimat-cest-surtout-un-tres-grand-nombre-de-donnees-climatologiques\/","title":{"rendered":"on 10 octobre 2025 at 17h48  \ud83d\udca5[TUTO 7 : CLIMATOLOGIE] (\ud83d\udcf71)  \n  \nComme son nom l\u2019indique, Infoclimat c\u2019est surtout un tr\u00e8s grand nombre de donn\u00e9es climatologiques, accessibles \u00e0 tous. Retrouvez ainsi :  \n\ud83d\udccd les normes et records (\ud83d\udcf72)  \n\ud83d\udccdl\u2019indicateur thermique pour l\u2019ann\u00e9e choisie (\ud83d\udcf73) ou celui concernant la pluviom\u00e9trie (possibilit\u00e9 de s\u00e9lectionner certains d\u00e9partements seulement) (\ud83d\udcf74)  \n\ud83d\udccdles cartes mois par mois pour le param\u00e8tre choisi (temp\u00e9ratures minimales, temp\u00e9ratures maximales, pluviom\u00e9trie etc. (\ud83d\udcf75))  \n\ud83d\udccd des archives ou r\u00e9analyses (\ud83d\udcf76)Photos de la publication de Infoclimat"},"content":{"rendered":"<p>M\u00e9t\u00e9o\u00a0 Republi\u00e9 via Innoreader <a href=\"https:\/\/www.facebook.com\/457169573107335\/posts\/1213614340796184\" target=\"_blank\" class=\"feedzy-rss-link-icon\">Read More<\/a><\/p>\n<p>\ud83d\udca5[TUTO 7 : CLIMATOLOGIE] (\ud83d\udcf71)<\/p>\n<p>Comme son nom l\u2019indique, Infoclimat c\u2019est surtout un tr\u00e8s grand nombre de donn\u00e9es climatologiques, accessibles \u00e0 tous. Retrouvez ainsi :<br \/> <br \/>\n\ud83d\udccd les normes et records (\ud83d\udcf72)<br \/> <br \/>\n\ud83d\udccdl\u2019indicateur thermique pour l\u2019ann\u00e9e choisie (\ud83d\udcf73) ou celui concernant la pluviom\u00e9trie (possibilit\u00e9 de s\u00e9lectionner certains d\u00e9partements seulement) (\ud83d\udcf74)<br \/> <br \/>\n\ud83d\udccdles cartes mois par mois pour le param\u00e8tre choisi (temp\u00e9ratures minimales, temp\u00e9ratures maximales, pluviom\u00e9trie etc. (\ud83d\udcf75))<br \/> <br \/>\n\ud83d\udccd des archives ou r\u00e9analyses (\ud83d\udcf76)<\/p>\n<table>\n<tr>\n<td><a href=\"https:\/\/www.facebook.com\/457169573107335\/posts\/1213614340796184\">Photos de la publication de Infoclimat<\/a><\/td>\n<\/tr>\n<tr>\n<td><a href=\"https:\/\/www.facebook.com\/photo.php?fbid=1213614220796196&amp;set=a.457167346440891&amp;type=3\"><img decoding=\"async\" src=\"https:\/\/scontent.fsof8-1.fna.fbcdn.net\/v\/t39.30808-6\/557773628_1211604530997165_7504260252181041019_n.jpg?stp=dst-jpg_p720x720_tt6&amp;_nc_cat=110&amp;ccb=1-7&amp;_nc_sid=127cfc&amp;_nc_ohc=PDkSqH1wzFwQ7kNvwFs_yVz&amp;_nc_oc=AdlUfBk9gIIVUx42UUFUIIrQw-FIDkg2voWbn6v7IFkpVnYzSHXy7OGggJaeenSgIjQ&amp;_nc_zt=23&amp;_nc_ht=scontent.fsof8-1.fna&amp;edm=AKIiGfEEAAAA&amp;_nc_gid=7U5OkSDNwkou6NJ2PDOIKg&amp;oh=00_AfdcYWxX2QKZt2AV9k_dg7wjwSCIM6EdCQLGe8GnU3HkfQ&amp;oe=68EF2A95\" alt=\"557773628_1211604530997165_7504260252181\" \/><\/a><\/td>\n<\/tr>\n<tr>\n<td><a href=\"https:\/\/www.facebook.com\/photo.php?fbid=1213614214129530&amp;set=a.457167346440891&amp;type=3\"><img decoding=\"async\" src=\"https:\/\/scontent.fsof8-1.fna.fbcdn.net\/v\/t39.30808-6\/560039159_1211604354330516_4422813997618713962_n.jpg?_nc_cat=109&amp;ccb=1-7&amp;_nc_sid=127cfc&amp;_nc_ohc=rT2B7PyEgG0Q7kNvwHajgda&amp;_nc_oc=Adl-zmdGDFmOQVhXKxdCX5pO8w3qt-YcDpdciLxiuRzLOH3N4GWI3PMe0YTgl1PQaPw&amp;_nc_zt=23&amp;_nc_ht=scontent.fsof8-1.fna&amp;edm=AKIiGfEEAAAA&amp;_nc_gid=7U5OkSDNwkou6NJ2PDOIKg&amp;oh=00_AfdeByJ6onKsd2h02zcsaUIvY5gz_SZ4Jtwdywo0ekbIuw&amp;oe=68EF0105\" alt=\"560039159_1211604354330516_4422813997618\" \/><\/a><\/td>\n<\/tr>\n<tr>\n<td><a href=\"https:\/\/www.facebook.com\/photo.php?fbid=1213614227462862&amp;set=a.457167346440891&amp;type=3\"><img decoding=\"async\" src=\"https:\/\/scontent.fsof11-1.fna.fbcdn.net\/v\/t39.30808-6\/558170136_1211604450997173_2751115004704044983_n.jpg?stp=dst-jpg_p720x720_tt6&amp;_nc_cat=102&amp;ccb=1-7&amp;_nc_sid=127cfc&amp;_nc_ohc=YONZWZpl3wEQ7kNvwGJMtK5&amp;_nc_oc=AdnQP2BS2MKnR85nbwi85Hd1oVVlXe3ZS8lF8M1FOAIrh4cbTILug2tW3tBQ_4dYYdo&amp;_nc_zt=23&amp;_nc_ht=scontent.fsof11-1.fna&amp;edm=AKIiGfEEAAAA&amp;_nc_gid=7U5OkSDNwkou6NJ2PDOIKg&amp;oh=00_Afedu0tYbE2nEpMa3Bvk2FEvXydQI5dZo45sJDammJAIdg&amp;oe=68EF0737\" alt=\"558170136_1211604450997173_2751115004704\" \/><\/a><\/td>\n<\/tr>\n<tr>\n<td><a href=\"https:\/\/www.facebook.com\/photo.php?fbid=1213614217462863&amp;set=a.457167346440891&amp;type=3\"><img decoding=\"async\" src=\"https:\/\/scontent.fsof8-1.fna.fbcdn.net\/v\/t39.30808-6\/558575148_1211604397663845_291663232872443878_n.jpg?_nc_cat=108&amp;ccb=1-7&amp;_nc_sid=127cfc&amp;_nc_ohc=dH2xP9z1OJUQ7kNvwHlF2yM&amp;_nc_oc=AdlzVuNFAexCzIb85J0AXYePH-QoJAaGG7aueixsXim9cYLMMyGsm7P7ccV_4EtG3jI&amp;_nc_zt=23&amp;_nc_ht=scontent.fsof8-1.fna&amp;edm=AKIiGfEEAAAA&amp;_nc_gid=7U5OkSDNwkou6NJ2PDOIKg&amp;oh=00_AfflGEzkCHEl6-Ry-xTcSUvmXLuXGBUBB5B8RFmoP72O2w&amp;oe=68EF1294\" alt=\"558575148_1211604397663845_2916632328724\" \/><\/a><\/td>\n<\/tr>\n<tr>\n<td><a href=\"https:\/\/www.facebook.com\/photo.php?fbid=1213614230796195&amp;set=a.457167346440891&amp;type=3\"><img decoding=\"async\" src=\"https:\/\/scontent.fsof11-1.fna.fbcdn.net\/v\/t39.30808-6\/560473052_1211604497663835_4049326268995274761_n.jpg?_nc_cat=105&amp;ccb=1-7&amp;_nc_sid=127cfc&amp;_nc_ohc=ympExpz_8gAQ7kNvwFaI1u9&amp;_nc_oc=Adnb3eSgHBblV7kXa0sns3cHc1VcPU0O5Vh8_jMdut59RTn4U4asematf0MlFMdyBXk&amp;_nc_zt=23&amp;_nc_ht=scontent.fsof11-1.fna&amp;edm=AKIiGfEEAAAA&amp;_nc_gid=7U5OkSDNwkou6NJ2PDOIKg&amp;oh=00_Affro7wQzqTyChe3loC1o42wle9H6H2KMv5L3xjk2dKqIg&amp;oe=68EF172B\" alt=\"560473052_1211604497663835_4049326268995\" \/><\/a><\/td>\n<\/tr>\n<tr>\n<td><a href=\"https:\/\/www.facebook.com\/photo.php?fbid=1213614224129529&amp;set=a.457167346440891&amp;type=3\"><img decoding=\"async\" src=\"https:\/\/scontent.fsof8-1.fna.fbcdn.net\/v\/t39.30808-6\/559091387_1211604334330518_5143007478408957039_n.jpg?stp=dst-jpg_p720x720_tt6&amp;_nc_cat=109&amp;ccb=1-7&amp;_nc_sid=127cfc&amp;_nc_ohc=zjN51I7WygUQ7kNvwGV3z4T&amp;_nc_oc=AdmorIP9mVadIbEZzVyucqq07DscuaMswTAAcZ-sqW61cC-EdVKFQJvfv1LlWYI1U5E&amp;_nc_zt=23&amp;_nc_ht=scontent.fsof8-1.fna&amp;edm=AKIiGfEEAAAA&amp;_nc_gid=7U5OkSDNwkou6NJ2PDOIKg&amp;oh=00_AfejwaFEqvAtTFD-c9_EkD4kt6PEr7VHDYbtsnGe0knz-A&amp;oe=68EF00FC\" alt=\"559091387_1211604334330518_5143007478408\" \/><\/a><\/td>\n<\/tr>\n<tr>\n<td><a href=\"https:\/\/www.facebook.com\/photo.php?fbid=1213614210796197&amp;set=a.457167346440891&amp;type=3\"><img decoding=\"async\" src=\"https:\/\/scontent.fsof8-1.fna.fbcdn.net\/v\/t39.30808-6\/559441518_1211604254330526_1223637899415517285_n.jpg?_nc_cat=100&amp;ccb=1-7&amp;_nc_sid=127cfc&amp;_nc_ohc=kt1SdD3voREQ7kNvwF8E6WP&amp;_nc_oc=Adm34GtKV6XE5ABSzilRw1LqoMcyQMiGKMm_4f_CWqyXi4Gx70iSuSWYnqGzoe7atUk&amp;_nc_zt=23&amp;_nc_ht=scontent.fsof8-1.fna&amp;edm=AKIiGfEEAAAA&amp;_nc_gid=7U5OkSDNwkou6NJ2PDOIKg&amp;oh=00_Aff12SQs7ZtTlTzelqHsvFaU5S4UoY9EL2JEpzJqD6OUIA&amp;oe=68EF1E18\" alt=\"559441518_1211604254330526_1223637899415\" \/><\/a><\/td>\n<\/tr>\n<tr>\n<td><a href=\"https:\/\/www.facebook.com\/reel\/985067697110640\/\"><img decoding=\"async\" src=\"https:\/\/scontent.fsof8-1.fna.fbcdn.net\/v\/t15.5256-10\/561743490_1698444577514164_7387925324357789877_n.jpg?stp=dst-jpg_s720x720_tt6&amp;_nc_cat=104&amp;ccb=1-7&amp;_nc_sid=282d23&amp;_nc_ohc=VbXz-3PA_7UQ7kNvwE8kNU-&amp;_nc_oc=AdlGFrYA3C2r-YWZ_GgAWmmyFmJ2iJJT5ZFy8eF5aBwcc4TveBM9DIptVIWPZ8XorN0&amp;_nc_zt=23&amp;_nc_ht=scontent.fsof8-1.fna&amp;edm=AKIiGfEEAAAA&amp;_nc_gid=7U5OkSDNwkou6NJ2PDOIKg&amp;oh=00_AffW7vxI-hfJHUXC7T_Ez2d22U0eSBD2ow2WvDkCczFo4w&amp;oe=68EF2224\" alt=\"561743490_1698444577514164_7387925324357\" \/><\/a><\/td>\n<\/tr>\n<\/table>","protected":false},"excerpt":{"rendered":"<p>M\u00e9t\u00e9o\u00a0 Republi\u00e9 via Innoreader Read More \ud83d\udca5[TUTO 7 : CLIMATOLOGIE] (\ud83d\udcf71) Comme son nom l\u2019indique, Infoclimat c\u2019est surtout un tr\u00e8s grand nombre de donn\u00e9es climatologiques, [&hellip;]<\/p>\n","protected":false},"author":1,"featured_media":5557,"comment_status":"open","ping_status":"open","sticky":false,"template":"","format":"standard","meta":{"content-type":"","_uag_custom_page_level_css":"","site-sidebar-layout":"default","site-content-layout":"","ast-site-content-layout":"default","site-content-style":"default","site-sidebar-style":"default","ast-global-header-display":"","ast-banner-title-visibility":"","ast-main-header-display":"","ast-hfb-above-header-display":"","ast-hfb-below-header-display":"","ast-hfb-mobile-header-display":"","site-post-title":"","ast-breadcrumbs-content":"","ast-featured-img":"","footer-sml-layout":"","ast-disable-related-posts":"","theme-transparent-header-meta":"","adv-header-id-meta":"","stick-header-meta":"","header-above-stick-meta":"","header-main-stick-meta":"","header-below-stick-meta":"","astra-migrate-meta-layouts":"default","ast-page-background-enabled":"default","ast-page-background-meta":{"desktop":{"background-color":"var(--ast-global-color-4)","background-image":"","background-repeat":"repeat","background-position":"center center","background-size":"auto","background-attachment":"scroll","background-type":"","background-media":"","overlay-type":"","overlay-color":"","overlay-opacity":"","overlay-gradient":""},"tablet":{"background-color":"","background-image":"","background-repeat":"repeat","background-position":"center center","background-size":"auto","background-attachment":"scroll","background-type":"","background-media":"","overlay-type":"","overlay-color":"","overlay-opacity":"","overlay-gradient":""},"mobile":{"background-color":"","background-image":"","background-repeat":"repeat","background-position":"center center","background-size":"auto","background-attachment":"scroll","background-type":"","background-media":"","overlay-type":"","overlay-color":"","overlay-opacity":"","overlay-gradient":""}},"ast-content-background-meta":{"desktop":{"background-color":"var(--ast-global-color-5)","background-image":"","background-repeat":"repeat","background-position":"center center","background-size":"auto","background-attachment":"scroll","background-type":"","background-media":"","overlay-type":"","overlay-color":"","overlay-opacity":"","overlay-gradient":""},"tablet":{"background-color":"var(--ast-global-color-5)","background-image":"","background-repeat":"repeat","background-position":"center center","background-size":"auto","background-attachment":"scroll","background-type":"","background-media":"","overlay-type":"","overlay-color":"","overlay-opacity":"","overlay-gradient":""},"mobile":{"background-color":"var(--ast-global-color-5)","background-image":"","background-repeat":"repeat","background-position":"center center","background-size":"auto","background-attachment":"scroll","background-type":"","background-media":"","overlay-type":"","overlay-color":"","overlay-opacity":"","overlay-gradient":""}},"footnotes":""},"categories":[6],"tags":[],"class_list":["post-5556","post","type-post","status-publish","format-standard","has-post-thumbnail","hentry","category-externes"],"yoast_head":"<!-- This site is optimized with the Yoast SEO plugin v27.4 - https:\/\/yoast.com\/product\/yoast-seo-wordpress\/ -->\n<title>on 10 octobre 2025 at 17h48 \ud83d\udca5[TUTO 7 : CLIMATOLOGIE] (\ud83d\udcf71)   Comme son nom l\u2019indique, Infoclimat c\u2019est surtout un tr\u00e8s grand nombre de donn\u00e9es climatologiques, accessibles \u00e0 tous. Retrouvez ainsi :  \ud83d\udccd les normes et records (\ud83d\udcf72)  \ud83d\udccdl\u2019indicateur thermique pour l\u2019ann\u00e9e choisie (\ud83d\udcf73) ou celui concernant la pluviom\u00e9trie (possibilit\u00e9 de s\u00e9lectionner certains d\u00e9partements seulement) (\ud83d\udcf74)  \ud83d\udccdles cartes mois par mois pour le param\u00e8tre choisi (temp\u00e9ratures minimales, temp\u00e9ratures maximales, pluviom\u00e9trie etc. (\ud83d\udcf75))  \ud83d\udccd des archives ou r\u00e9analyses (\ud83d\udcf76)Photos de la publication de Infoclimat - Meteo Sain-Bel<\/title>\n<meta name=\"robots\" content=\"index, follow, max-snippet:-1, max-image-preview:large, max-video-preview:-1\" \/>\n<link rel=\"canonical\" href=\"https:\/\/meteo-sain-bel.fr\/wp\/blog\/on-10-octobre-2025-at-17h48-\ud83d\udca5tuto-7-climatologie-\ud83d\udcf71-comme-son-nom-lindique-infoclimat-cest-surtout-un-tres-grand-nombre-de-donnees-climatologiques\/\" \/>\n<meta property=\"og:locale\" content=\"fr_FR\" \/>\n<meta property=\"og:type\" content=\"article\" \/>\n<meta property=\"og:title\" content=\"on 10 octobre 2025 at 17h48 \ud83d\udca5[TUTO 7 : CLIMATOLOGIE] (\ud83d\udcf71)   Comme son nom l\u2019indique, Infoclimat c\u2019est surtout un tr\u00e8s grand nombre de donn\u00e9es climatologiques, accessibles \u00e0 tous. Retrouvez ainsi :  \ud83d\udccd les normes et records (\ud83d\udcf72)  \ud83d\udccdl\u2019indicateur thermique pour l\u2019ann\u00e9e choisie (\ud83d\udcf73) ou celui concernant la pluviom\u00e9trie (possibilit\u00e9 de s\u00e9lectionner certains d\u00e9partements seulement) (\ud83d\udcf74)  \ud83d\udccdles cartes mois par mois pour le param\u00e8tre choisi (temp\u00e9ratures minimales, temp\u00e9ratures maximales, pluviom\u00e9trie etc. (\ud83d\udcf75))  \ud83d\udccd des archives ou r\u00e9analyses (\ud83d\udcf76)Photos de la publication de Infoclimat - Meteo Sain-Bel\" \/>\n<meta property=\"og:description\" content=\"M\u00e9t\u00e9o\u00a0 Republi\u00e9 via Innoreader Read More \ud83d\udca5[TUTO 7 : CLIMATOLOGIE] (\ud83d\udcf71) Comme son nom l\u2019indique, Infoclimat c\u2019est surtout un tr\u00e8s grand nombre de donn\u00e9es climatologiques, [&hellip;]\" \/>\n<meta property=\"og:url\" content=\"https:\/\/meteo-sain-bel.fr\/wp\/blog\/on-10-octobre-2025-at-17h48-\ud83d\udca5tuto-7-climatologie-\ud83d\udcf71-comme-son-nom-lindique-infoclimat-cest-surtout-un-tres-grand-nombre-de-donnees-climatologiques\/\" \/>\n<meta property=\"og:site_name\" content=\"Meteo Sain-Bel\" \/>\n<meta property=\"article:publisher\" content=\"https:\/\/www.facebook.com\/meteosainbel\" \/>\n<meta property=\"article:published_time\" content=\"2025-10-10T17:48:29+00:00\" \/>\n<meta property=\"og:image\" content=\"https:\/\/scontent.fsof8-1.fna.fbcdn.net\/v\/t39.30808-6\/557773628_1211604530997165_7504260252181041019_n.jpg?stp=dst-jpg_p720x720_tt6&amp;_nc_cat=110&amp;ccb=1-7&amp;_nc_sid=127cfc&amp;_nc_ohc=PDkSqH1wzFwQ7kNvwFs_yVz&amp;_nc_oc=AdlUfBk9gIIVUx42UUFUIIrQw-FIDkg2voWbn6v7IFkpVnYzSHXy7OGggJaeenSgIjQ&amp;_nc_zt=23&amp;_nc_ht=scontent.fsof8-1.fna&amp;edm=AKIiGfEEAAAA&amp;_nc_gid=7U5OkSDNwkou6NJ2PDOIKg&amp;oh=00_AfdcYWxX2QKZt2AV9k_dg7wjwSCIM6EdCQLGe8GnU3HkfQ&amp;oe=68EF2A95\" \/>\n<meta name=\"author\" content=\"Webmaster Meteo Sain-Bel\" \/>\n<meta name=\"twitter:card\" content=\"summary_large_image\" \/>\n<meta name=\"twitter:creator\" content=\"@pichej\" \/>\n<meta name=\"twitter:site\" content=\"@pichej\" \/>\n<script type=\"application\/ld+json\" class=\"yoast-schema-graph\">{\"@context\":\"https:\\\/\\\/schema.org\",\"@graph\":[{\"@type\":\"Article\",\"@id\":\"https:\\\/\\\/meteo-sain-bel.fr\\\/wp\\\/blog\\\/on-10-octobre-2025-at-17h48-%f0%9f%92%a5tuto-7-climatologie-%f0%9f%93%b71-comme-son-nom-lindique-infoclimat-cest-surtout-un-tres-grand-nombre-de-donnees-climatologiques\\\/#article\",\"isPartOf\":{\"@id\":\"https:\\\/\\\/meteo-sain-bel.fr\\\/wp\\\/blog\\\/on-10-octobre-2025-at-17h48-%f0%9f%92%a5tuto-7-climatologie-%f0%9f%93%b71-comme-son-nom-lindique-infoclimat-cest-surtout-un-tres-grand-nombre-de-donnees-climatologiques\\\/\"},\"author\":{\"name\":\"Webmaster Meteo Sain-Bel\",\"@id\":\"https:\\\/\\\/meteo-sain-bel.fr\\\/wp\\\/#\\\/schema\\\/person\\\/01aaa16bd38fc34093b74f9fe631ce9f\"},\"headline\":\"on 10 octobre 2025 at 17h48 \ud83d\udca5[TUTO 7 : CLIMATOLOGIE] (\ud83d\udcf71) Comme son nom l\u2019indique, Infoclimat c\u2019est surtout un tr\u00e8s grand nombre de donn\u00e9es climatologiques, accessibles \u00e0 tous. Retrouvez ainsi : \ud83d\udccd les normes et records (\ud83d\udcf72) \ud83d\udccdl\u2019indicateur thermique pour l\u2019ann\u00e9e choisie (\ud83d\udcf73) ou celui concernant la pluviom\u00e9trie (possibilit\u00e9 de s\u00e9lectionner certains d\u00e9partements seulement) (\ud83d\udcf74) \ud83d\udccdles cartes mois par mois pour le param\u00e8tre choisi (temp\u00e9ratures minimales, temp\u00e9ratures maximales, pluviom\u00e9trie etc. (\ud83d\udcf75)) \ud83d\udccd des archives ou r\u00e9analyses (\ud83d\udcf76)Photos de la publication de Infoclimat\",\"datePublished\":\"2025-10-10T17:48:29+00:00\",\"mainEntityOfPage\":{\"@id\":\"https:\\\/\\\/meteo-sain-bel.fr\\\/wp\\\/blog\\\/on-10-octobre-2025-at-17h48-%f0%9f%92%a5tuto-7-climatologie-%f0%9f%93%b71-comme-son-nom-lindique-infoclimat-cest-surtout-un-tres-grand-nombre-de-donnees-climatologiques\\\/\"},\"wordCount\":172,\"commentCount\":0,\"publisher\":{\"@id\":\"https:\\\/\\\/meteo-sain-bel.fr\\\/wp\\\/#organization\"},\"image\":{\"@id\":\"https:\\\/\\\/meteo-sain-bel.fr\\\/wp\\\/blog\\\/on-10-octobre-2025-at-17h48-%f0%9f%92%a5tuto-7-climatologie-%f0%9f%93%b71-comme-son-nom-lindique-infoclimat-cest-surtout-un-tres-grand-nombre-de-donnees-climatologiques\\\/#primaryimage\"},\"thumbnailUrl\":\"https:\\\/\\\/meteo-sain-bel.fr\\\/wp\\\/wp-content\\\/uploads\\\/2025\\\/10\\\/557773628_1211604530997165_7504260252181041019_n-yICojy.jpg\",\"articleSection\":[\"Sources Externes\"],\"inLanguage\":\"fr-FR\",\"potentialAction\":[{\"@type\":\"CommentAction\",\"name\":\"Comment\",\"target\":[\"https:\\\/\\\/meteo-sain-bel.fr\\\/wp\\\/blog\\\/on-10-octobre-2025-at-17h48-%f0%9f%92%a5tuto-7-climatologie-%f0%9f%93%b71-comme-son-nom-lindique-infoclimat-cest-surtout-un-tres-grand-nombre-de-donnees-climatologiques\\\/#respond\"]}]},{\"@type\":\"WebPage\",\"@id\":\"https:\\\/\\\/meteo-sain-bel.fr\\\/wp\\\/blog\\\/on-10-octobre-2025-at-17h48-%f0%9f%92%a5tuto-7-climatologie-%f0%9f%93%b71-comme-son-nom-lindique-infoclimat-cest-surtout-un-tres-grand-nombre-de-donnees-climatologiques\\\/\",\"url\":\"https:\\\/\\\/meteo-sain-bel.fr\\\/wp\\\/blog\\\/on-10-octobre-2025-at-17h48-%f0%9f%92%a5tuto-7-climatologie-%f0%9f%93%b71-comme-son-nom-lindique-infoclimat-cest-surtout-un-tres-grand-nombre-de-donnees-climatologiques\\\/\",\"name\":\"on 10 octobre 2025 at 17h48 \ud83d\udca5[TUTO 7 : CLIMATOLOGIE] (\ud83d\udcf71) Comme son nom l\u2019indique, Infoclimat c\u2019est surtout un tr\u00e8s grand nombre de donn\u00e9es climatologiques, accessibles \u00e0 tous. Retrouvez ainsi : \ud83d\udccd les normes et records (\ud83d\udcf72) \ud83d\udccdl\u2019indicateur thermique pour l\u2019ann\u00e9e choisie (\ud83d\udcf73) ou celui concernant la pluviom\u00e9trie (possibilit\u00e9 de s\u00e9lectionner certains d\u00e9partements seulement) (\ud83d\udcf74) \ud83d\udccdles cartes mois par mois pour le param\u00e8tre choisi (temp\u00e9ratures minimales, temp\u00e9ratures maximales, pluviom\u00e9trie etc. (\ud83d\udcf75)) \ud83d\udccd des archives ou r\u00e9analyses (\ud83d\udcf76)Photos de la publication de Infoclimat - Meteo Sain-Bel\",\"isPartOf\":{\"@id\":\"https:\\\/\\\/meteo-sain-bel.fr\\\/wp\\\/#website\"},\"primaryImageOfPage\":{\"@id\":\"https:\\\/\\\/meteo-sain-bel.fr\\\/wp\\\/blog\\\/on-10-octobre-2025-at-17h48-%f0%9f%92%a5tuto-7-climatologie-%f0%9f%93%b71-comme-son-nom-lindique-infoclimat-cest-surtout-un-tres-grand-nombre-de-donnees-climatologiques\\\/#primaryimage\"},\"image\":{\"@id\":\"https:\\\/\\\/meteo-sain-bel.fr\\\/wp\\\/blog\\\/on-10-octobre-2025-at-17h48-%f0%9f%92%a5tuto-7-climatologie-%f0%9f%93%b71-comme-son-nom-lindique-infoclimat-cest-surtout-un-tres-grand-nombre-de-donnees-climatologiques\\\/#primaryimage\"},\"thumbnailUrl\":\"https:\\\/\\\/meteo-sain-bel.fr\\\/wp\\\/wp-content\\\/uploads\\\/2025\\\/10\\\/557773628_1211604530997165_7504260252181041019_n-yICojy.jpg\",\"datePublished\":\"2025-10-10T17:48:29+00:00\",\"breadcrumb\":{\"@id\":\"https:\\\/\\\/meteo-sain-bel.fr\\\/wp\\\/blog\\\/on-10-octobre-2025-at-17h48-%f0%9f%92%a5tuto-7-climatologie-%f0%9f%93%b71-comme-son-nom-lindique-infoclimat-cest-surtout-un-tres-grand-nombre-de-donnees-climatologiques\\\/#breadcrumb\"},\"inLanguage\":\"fr-FR\",\"potentialAction\":[{\"@type\":\"ReadAction\",\"target\":[\"https:\\\/\\\/meteo-sain-bel.fr\\\/wp\\\/blog\\\/on-10-octobre-2025-at-17h48-%f0%9f%92%a5tuto-7-climatologie-%f0%9f%93%b71-comme-son-nom-lindique-infoclimat-cest-surtout-un-tres-grand-nombre-de-donnees-climatologiques\\\/\"]}]},{\"@type\":\"ImageObject\",\"inLanguage\":\"fr-FR\",\"@id\":\"https:\\\/\\\/meteo-sain-bel.fr\\\/wp\\\/blog\\\/on-10-octobre-2025-at-17h48-%f0%9f%92%a5tuto-7-climatologie-%f0%9f%93%b71-comme-son-nom-lindique-infoclimat-cest-surtout-un-tres-grand-nombre-de-donnees-climatologiques\\\/#primaryimage\",\"url\":\"https:\\\/\\\/meteo-sain-bel.fr\\\/wp\\\/wp-content\\\/uploads\\\/2025\\\/10\\\/557773628_1211604530997165_7504260252181041019_n-yICojy.jpg\",\"contentUrl\":\"https:\\\/\\\/meteo-sain-bel.fr\\\/wp\\\/wp-content\\\/uploads\\\/2025\\\/10\\\/557773628_1211604530997165_7504260252181041019_n-yICojy.jpg\",\"width\":1374,\"height\":720},{\"@type\":\"BreadcrumbList\",\"@id\":\"https:\\\/\\\/meteo-sain-bel.fr\\\/wp\\\/blog\\\/on-10-octobre-2025-at-17h48-%f0%9f%92%a5tuto-7-climatologie-%f0%9f%93%b71-comme-son-nom-lindique-infoclimat-cest-surtout-un-tres-grand-nombre-de-donnees-climatologiques\\\/#breadcrumb\",\"itemListElement\":[{\"@type\":\"ListItem\",\"position\":1,\"name\":\"Accueil\",\"item\":\"https:\\\/\\\/meteo-sain-bel.fr\\\/wp\\\/\"},{\"@type\":\"ListItem\",\"position\":2,\"name\":\"on 10 octobre 2025 at 17h48 \ud83d\udca5[TUTO 7 : CLIMATOLOGIE] (\ud83d\udcf71) Comme son nom l\u2019indique, Infoclimat c\u2019est surtout un tr\u00e8s grand nombre de donn\u00e9es climatologiques, accessibles \u00e0 tous. Retrouvez ainsi : \ud83d\udccd les normes et records (\ud83d\udcf72) \ud83d\udccdl\u2019indicateur thermique pour l\u2019ann\u00e9e choisie (\ud83d\udcf73) ou celui concernant la pluviom\u00e9trie (possibilit\u00e9 de s\u00e9lectionner certains d\u00e9partements seulement) (\ud83d\udcf74) \ud83d\udccdles cartes mois par mois pour le param\u00e8tre choisi (temp\u00e9ratures minimales, temp\u00e9ratures maximales, pluviom\u00e9trie etc. (\ud83d\udcf75)) \ud83d\udccd des archives ou r\u00e9analyses (\ud83d\udcf76)Photos de la publication de Infoclimat\"}]},{\"@type\":\"WebSite\",\"@id\":\"https:\\\/\\\/meteo-sain-bel.fr\\\/wp\\\/#website\",\"url\":\"https:\\\/\\\/meteo-sain-bel.fr\\\/wp\\\/\",\"name\":\"Meteo Sain-Bel\",\"description\":\"Station m\u00e9t\u00e9orologique, donn\u00e9es en temps r\u00e9el 24h\\\/24 et Webcam \u00e0 Sain-Bel (69210) Pays de l\u2019Arbresle, 69 Rh\u00f4ne, France\",\"publisher\":{\"@id\":\"https:\\\/\\\/meteo-sain-bel.fr\\\/wp\\\/#organization\"},\"alternateName\":\"Site m\u00e9t\u00e9o de Sain-Bel, Rh\u00f4ne\",\"potentialAction\":[{\"@type\":\"SearchAction\",\"target\":{\"@type\":\"EntryPoint\",\"urlTemplate\":\"https:\\\/\\\/meteo-sain-bel.fr\\\/wp\\\/?s={search_term_string}\"},\"query-input\":{\"@type\":\"PropertyValueSpecification\",\"valueRequired\":true,\"valueName\":\"search_term_string\"}}],\"inLanguage\":\"fr-FR\"},{\"@type\":\"Organization\",\"@id\":\"https:\\\/\\\/meteo-sain-bel.fr\\\/wp\\\/#organization\",\"name\":\"Meteo Sain-Bel\",\"url\":\"https:\\\/\\\/meteo-sain-bel.fr\\\/wp\\\/\",\"logo\":{\"@type\":\"ImageObject\",\"inLanguage\":\"fr-FR\",\"@id\":\"https:\\\/\\\/meteo-sain-bel.fr\\\/wp\\\/#\\\/schema\\\/logo\\\/image\\\/\",\"url\":\"https:\\\/\\\/meteo-sain-bel.fr\\\/wp\\\/wp-content\\\/uploads\\\/2024\\\/07\\\/cropped-cropped-Capture-decran-2024-07-13-065002.png\",\"contentUrl\":\"https:\\\/\\\/meteo-sain-bel.fr\\\/wp\\\/wp-content\\\/uploads\\\/2024\\\/07\\\/cropped-cropped-Capture-decran-2024-07-13-065002.png\",\"width\":336,\"height\":283,\"caption\":\"Meteo Sain-Bel\"},\"image\":{\"@id\":\"https:\\\/\\\/meteo-sain-bel.fr\\\/wp\\\/#\\\/schema\\\/logo\\\/image\\\/\"},\"sameAs\":[\"https:\\\/\\\/www.facebook.com\\\/meteosainbel\",\"https:\\\/\\\/x.com\\\/pichej\",\"https:\\\/\\\/www.instagram.com\\\/pichej\"]},{\"@type\":\"Person\",\"@id\":\"https:\\\/\\\/meteo-sain-bel.fr\\\/wp\\\/#\\\/schema\\\/person\\\/01aaa16bd38fc34093b74f9fe631ce9f\",\"name\":\"Webmaster Meteo Sain-Bel\",\"image\":{\"@type\":\"ImageObject\",\"inLanguage\":\"fr-FR\",\"@id\":\"https:\\\/\\\/secure.gravatar.com\\\/avatar\\\/fbbe8b1b88f3bedc77cf954f56a4f23bb0cac63f504868560f513f1ccb1405ee?s=96&r=g\",\"url\":\"https:\\\/\\\/secure.gravatar.com\\\/avatar\\\/fbbe8b1b88f3bedc77cf954f56a4f23bb0cac63f504868560f513f1ccb1405ee?s=96&r=g\",\"contentUrl\":\"https:\\\/\\\/secure.gravatar.com\\\/avatar\\\/fbbe8b1b88f3bedc77cf954f56a4f23bb0cac63f504868560f513f1ccb1405ee?s=96&r=g\",\"caption\":\"Webmaster Meteo Sain-Bel\"},\"sameAs\":[\"http:\\\/\\\/meteo-sain-bel.fr\\\/wp\"],\"url\":\"https:\\\/\\\/meteo-sain-bel.fr\\\/wp\\\/blog\\\/author\\\/admin\\\/\"}]}<\/script>\n<!-- \/ Yoast SEO plugin. -->","yoast_head_json":{"title":"on 10 octobre 2025 at 17h48 \ud83d\udca5[TUTO 7 : CLIMATOLOGIE] (\ud83d\udcf71)   Comme son nom l\u2019indique, Infoclimat c\u2019est surtout un tr\u00e8s grand nombre de donn\u00e9es climatologiques, accessibles \u00e0 tous. Retrouvez ainsi :  \ud83d\udccd les normes et records (\ud83d\udcf72)  \ud83d\udccdl\u2019indicateur thermique pour l\u2019ann\u00e9e choisie (\ud83d\udcf73) ou celui concernant la pluviom\u00e9trie (possibilit\u00e9 de s\u00e9lectionner certains d\u00e9partements seulement) (\ud83d\udcf74)  \ud83d\udccdles cartes mois par mois pour le param\u00e8tre choisi (temp\u00e9ratures minimales, temp\u00e9ratures maximales, pluviom\u00e9trie etc. (\ud83d\udcf75))  \ud83d\udccd des archives ou r\u00e9analyses (\ud83d\udcf76)Photos de la publication de Infoclimat - Meteo Sain-Bel","robots":{"index":"index","follow":"follow","max-snippet":"max-snippet:-1","max-image-preview":"max-image-preview:large","max-video-preview":"max-video-preview:-1"},"canonical":"https:\/\/meteo-sain-bel.fr\/wp\/blog\/on-10-octobre-2025-at-17h48-\ud83d\udca5tuto-7-climatologie-\ud83d\udcf71-comme-son-nom-lindique-infoclimat-cest-surtout-un-tres-grand-nombre-de-donnees-climatologiques\/","og_locale":"fr_FR","og_type":"article","og_title":"on 10 octobre 2025 at 17h48 \ud83d\udca5[TUTO 7 : CLIMATOLOGIE] (\ud83d\udcf71)   Comme son nom l\u2019indique, Infoclimat c\u2019est surtout un tr\u00e8s grand nombre de donn\u00e9es climatologiques, accessibles \u00e0 tous. Retrouvez ainsi :  \ud83d\udccd les normes et records (\ud83d\udcf72)  \ud83d\udccdl\u2019indicateur thermique pour l\u2019ann\u00e9e choisie (\ud83d\udcf73) ou celui concernant la pluviom\u00e9trie (possibilit\u00e9 de s\u00e9lectionner certains d\u00e9partements seulement) (\ud83d\udcf74)  \ud83d\udccdles cartes mois par mois pour le param\u00e8tre choisi (temp\u00e9ratures minimales, temp\u00e9ratures maximales, pluviom\u00e9trie etc. (\ud83d\udcf75))  \ud83d\udccd des archives ou r\u00e9analyses (\ud83d\udcf76)Photos de la publication de Infoclimat - Meteo Sain-Bel","og_description":"M\u00e9t\u00e9o\u00a0 Republi\u00e9 via Innoreader Read More \ud83d\udca5[TUTO 7 : CLIMATOLOGIE] (\ud83d\udcf71) Comme son nom l\u2019indique, Infoclimat c\u2019est surtout un tr\u00e8s grand nombre de donn\u00e9es climatologiques, [&hellip;]","og_url":"https:\/\/meteo-sain-bel.fr\/wp\/blog\/on-10-octobre-2025-at-17h48-\ud83d\udca5tuto-7-climatologie-\ud83d\udcf71-comme-son-nom-lindique-infoclimat-cest-surtout-un-tres-grand-nombre-de-donnees-climatologiques\/","og_site_name":"Meteo Sain-Bel","article_publisher":"https:\/\/www.facebook.com\/meteosainbel","article_published_time":"2025-10-10T17:48:29+00:00","og_image":[{"url":"https:\/\/scontent.fsof8-1.fna.fbcdn.net\/v\/t39.30808-6\/557773628_1211604530997165_7504260252181041019_n.jpg?stp=dst-jpg_p720x720_tt6&amp;_nc_cat=110&amp;ccb=1-7&amp;_nc_sid=127cfc&amp;_nc_ohc=PDkSqH1wzFwQ7kNvwFs_yVz&amp;_nc_oc=AdlUfBk9gIIVUx42UUFUIIrQw-FIDkg2voWbn6v7IFkpVnYzSHXy7OGggJaeenSgIjQ&amp;_nc_zt=23&amp;_nc_ht=scontent.fsof8-1.fna&amp;edm=AKIiGfEEAAAA&amp;_nc_gid=7U5OkSDNwkou6NJ2PDOIKg&amp;oh=00_AfdcYWxX2QKZt2AV9k_dg7wjwSCIM6EdCQLGe8GnU3HkfQ&amp;oe=68EF2A95","type":"","width":"","height":""}],"author":"Webmaster Meteo Sain-Bel","twitter_card":"summary_large_image","twitter_creator":"@pichej","twitter_site":"@pichej","schema":{"@context":"https:\/\/schema.org","@graph":[{"@type":"Article","@id":"https:\/\/meteo-sain-bel.fr\/wp\/blog\/on-10-octobre-2025-at-17h48-%f0%9f%92%a5tuto-7-climatologie-%f0%9f%93%b71-comme-son-nom-lindique-infoclimat-cest-surtout-un-tres-grand-nombre-de-donnees-climatologiques\/#article","isPartOf":{"@id":"https:\/\/meteo-sain-bel.fr\/wp\/blog\/on-10-octobre-2025-at-17h48-%f0%9f%92%a5tuto-7-climatologie-%f0%9f%93%b71-comme-son-nom-lindique-infoclimat-cest-surtout-un-tres-grand-nombre-de-donnees-climatologiques\/"},"author":{"name":"Webmaster Meteo Sain-Bel","@id":"https:\/\/meteo-sain-bel.fr\/wp\/#\/schema\/person\/01aaa16bd38fc34093b74f9fe631ce9f"},"headline":"on 10 octobre 2025 at 17h48 \ud83d\udca5[TUTO 7 : CLIMATOLOGIE] (\ud83d\udcf71) Comme son nom l\u2019indique, Infoclimat c\u2019est surtout un tr\u00e8s grand nombre de donn\u00e9es climatologiques, accessibles \u00e0 tous. Retrouvez ainsi : \ud83d\udccd les normes et records (\ud83d\udcf72) \ud83d\udccdl\u2019indicateur thermique pour l\u2019ann\u00e9e choisie (\ud83d\udcf73) ou celui concernant la pluviom\u00e9trie (possibilit\u00e9 de s\u00e9lectionner certains d\u00e9partements seulement) (\ud83d\udcf74) \ud83d\udccdles cartes mois par mois pour le param\u00e8tre choisi (temp\u00e9ratures minimales, temp\u00e9ratures maximales, pluviom\u00e9trie etc. (\ud83d\udcf75)) \ud83d\udccd des archives ou r\u00e9analyses (\ud83d\udcf76)Photos de la publication de Infoclimat","datePublished":"2025-10-10T17:48:29+00:00","mainEntityOfPage":{"@id":"https:\/\/meteo-sain-bel.fr\/wp\/blog\/on-10-octobre-2025-at-17h48-%f0%9f%92%a5tuto-7-climatologie-%f0%9f%93%b71-comme-son-nom-lindique-infoclimat-cest-surtout-un-tres-grand-nombre-de-donnees-climatologiques\/"},"wordCount":172,"commentCount":0,"publisher":{"@id":"https:\/\/meteo-sain-bel.fr\/wp\/#organization"},"image":{"@id":"https:\/\/meteo-sain-bel.fr\/wp\/blog\/on-10-octobre-2025-at-17h48-%f0%9f%92%a5tuto-7-climatologie-%f0%9f%93%b71-comme-son-nom-lindique-infoclimat-cest-surtout-un-tres-grand-nombre-de-donnees-climatologiques\/#primaryimage"},"thumbnailUrl":"https:\/\/meteo-sain-bel.fr\/wp\/wp-content\/uploads\/2025\/10\/557773628_1211604530997165_7504260252181041019_n-yICojy.jpg","articleSection":["Sources Externes"],"inLanguage":"fr-FR","potentialAction":[{"@type":"CommentAction","name":"Comment","target":["https:\/\/meteo-sain-bel.fr\/wp\/blog\/on-10-octobre-2025-at-17h48-%f0%9f%92%a5tuto-7-climatologie-%f0%9f%93%b71-comme-son-nom-lindique-infoclimat-cest-surtout-un-tres-grand-nombre-de-donnees-climatologiques\/#respond"]}]},{"@type":"WebPage","@id":"https:\/\/meteo-sain-bel.fr\/wp\/blog\/on-10-octobre-2025-at-17h48-%f0%9f%92%a5tuto-7-climatologie-%f0%9f%93%b71-comme-son-nom-lindique-infoclimat-cest-surtout-un-tres-grand-nombre-de-donnees-climatologiques\/","url":"https:\/\/meteo-sain-bel.fr\/wp\/blog\/on-10-octobre-2025-at-17h48-%f0%9f%92%a5tuto-7-climatologie-%f0%9f%93%b71-comme-son-nom-lindique-infoclimat-cest-surtout-un-tres-grand-nombre-de-donnees-climatologiques\/","name":"on 10 octobre 2025 at 17h48 \ud83d\udca5[TUTO 7 : CLIMATOLOGIE] (\ud83d\udcf71) Comme son nom l\u2019indique, Infoclimat c\u2019est surtout un tr\u00e8s grand nombre de donn\u00e9es climatologiques, accessibles \u00e0 tous. Retrouvez ainsi : \ud83d\udccd les normes et records (\ud83d\udcf72) \ud83d\udccdl\u2019indicateur thermique pour l\u2019ann\u00e9e choisie (\ud83d\udcf73) ou celui concernant la pluviom\u00e9trie (possibilit\u00e9 de s\u00e9lectionner certains d\u00e9partements seulement) (\ud83d\udcf74) \ud83d\udccdles cartes mois par mois pour le param\u00e8tre choisi (temp\u00e9ratures minimales, temp\u00e9ratures maximales, pluviom\u00e9trie etc. (\ud83d\udcf75)) \ud83d\udccd des archives ou r\u00e9analyses (\ud83d\udcf76)Photos de la publication de Infoclimat - Meteo Sain-Bel","isPartOf":{"@id":"https:\/\/meteo-sain-bel.fr\/wp\/#website"},"primaryImageOfPage":{"@id":"https:\/\/meteo-sain-bel.fr\/wp\/blog\/on-10-octobre-2025-at-17h48-%f0%9f%92%a5tuto-7-climatologie-%f0%9f%93%b71-comme-son-nom-lindique-infoclimat-cest-surtout-un-tres-grand-nombre-de-donnees-climatologiques\/#primaryimage"},"image":{"@id":"https:\/\/meteo-sain-bel.fr\/wp\/blog\/on-10-octobre-2025-at-17h48-%f0%9f%92%a5tuto-7-climatologie-%f0%9f%93%b71-comme-son-nom-lindique-infoclimat-cest-surtout-un-tres-grand-nombre-de-donnees-climatologiques\/#primaryimage"},"thumbnailUrl":"https:\/\/meteo-sain-bel.fr\/wp\/wp-content\/uploads\/2025\/10\/557773628_1211604530997165_7504260252181041019_n-yICojy.jpg","datePublished":"2025-10-10T17:48:29+00:00","breadcrumb":{"@id":"https:\/\/meteo-sain-bel.fr\/wp\/blog\/on-10-octobre-2025-at-17h48-%f0%9f%92%a5tuto-7-climatologie-%f0%9f%93%b71-comme-son-nom-lindique-infoclimat-cest-surtout-un-tres-grand-nombre-de-donnees-climatologiques\/#breadcrumb"},"inLanguage":"fr-FR","potentialAction":[{"@type":"ReadAction","target":["https:\/\/meteo-sain-bel.fr\/wp\/blog\/on-10-octobre-2025-at-17h48-%f0%9f%92%a5tuto-7-climatologie-%f0%9f%93%b71-comme-son-nom-lindique-infoclimat-cest-surtout-un-tres-grand-nombre-de-donnees-climatologiques\/"]}]},{"@type":"ImageObject","inLanguage":"fr-FR","@id":"https:\/\/meteo-sain-bel.fr\/wp\/blog\/on-10-octobre-2025-at-17h48-%f0%9f%92%a5tuto-7-climatologie-%f0%9f%93%b71-comme-son-nom-lindique-infoclimat-cest-surtout-un-tres-grand-nombre-de-donnees-climatologiques\/#primaryimage","url":"https:\/\/meteo-sain-bel.fr\/wp\/wp-content\/uploads\/2025\/10\/557773628_1211604530997165_7504260252181041019_n-yICojy.jpg","contentUrl":"https:\/\/meteo-sain-bel.fr\/wp\/wp-content\/uploads\/2025\/10\/557773628_1211604530997165_7504260252181041019_n-yICojy.jpg","width":1374,"height":720},{"@type":"BreadcrumbList","@id":"https:\/\/meteo-sain-bel.fr\/wp\/blog\/on-10-octobre-2025-at-17h48-%f0%9f%92%a5tuto-7-climatologie-%f0%9f%93%b71-comme-son-nom-lindique-infoclimat-cest-surtout-un-tres-grand-nombre-de-donnees-climatologiques\/#breadcrumb","itemListElement":[{"@type":"ListItem","position":1,"name":"Accueil","item":"https:\/\/meteo-sain-bel.fr\/wp\/"},{"@type":"ListItem","position":2,"name":"on 10 octobre 2025 at 17h48 \ud83d\udca5[TUTO 7 : CLIMATOLOGIE] (\ud83d\udcf71) Comme son nom l\u2019indique, Infoclimat c\u2019est surtout un tr\u00e8s grand nombre de donn\u00e9es climatologiques, accessibles \u00e0 tous. Retrouvez ainsi : \ud83d\udccd les normes et records (\ud83d\udcf72) \ud83d\udccdl\u2019indicateur thermique pour l\u2019ann\u00e9e choisie (\ud83d\udcf73) ou celui concernant la pluviom\u00e9trie (possibilit\u00e9 de s\u00e9lectionner certains d\u00e9partements seulement) (\ud83d\udcf74) \ud83d\udccdles cartes mois par mois pour le param\u00e8tre choisi (temp\u00e9ratures minimales, temp\u00e9ratures maximales, pluviom\u00e9trie etc. (\ud83d\udcf75)) \ud83d\udccd des archives ou r\u00e9analyses (\ud83d\udcf76)Photos de la publication de Infoclimat"}]},{"@type":"WebSite","@id":"https:\/\/meteo-sain-bel.fr\/wp\/#website","url":"https:\/\/meteo-sain-bel.fr\/wp\/","name":"Meteo Sain-Bel","description":"Station m\u00e9t\u00e9orologique, donn\u00e9es en temps r\u00e9el 24h\/24 et Webcam \u00e0 Sain-Bel (69210) Pays de l\u2019Arbresle, 69 Rh\u00f4ne, France","publisher":{"@id":"https:\/\/meteo-sain-bel.fr\/wp\/#organization"},"alternateName":"Site m\u00e9t\u00e9o de Sain-Bel, Rh\u00f4ne","potentialAction":[{"@type":"SearchAction","target":{"@type":"EntryPoint","urlTemplate":"https:\/\/meteo-sain-bel.fr\/wp\/?s={search_term_string}"},"query-input":{"@type":"PropertyValueSpecification","valueRequired":true,"valueName":"search_term_string"}}],"inLanguage":"fr-FR"},{"@type":"Organization","@id":"https:\/\/meteo-sain-bel.fr\/wp\/#organization","name":"Meteo Sain-Bel","url":"https:\/\/meteo-sain-bel.fr\/wp\/","logo":{"@type":"ImageObject","inLanguage":"fr-FR","@id":"https:\/\/meteo-sain-bel.fr\/wp\/#\/schema\/logo\/image\/","url":"https:\/\/meteo-sain-bel.fr\/wp\/wp-content\/uploads\/2024\/07\/cropped-cropped-Capture-decran-2024-07-13-065002.png","contentUrl":"https:\/\/meteo-sain-bel.fr\/wp\/wp-content\/uploads\/2024\/07\/cropped-cropped-Capture-decran-2024-07-13-065002.png","width":336,"height":283,"caption":"Meteo Sain-Bel"},"image":{"@id":"https:\/\/meteo-sain-bel.fr\/wp\/#\/schema\/logo\/image\/"},"sameAs":["https:\/\/www.facebook.com\/meteosainbel","https:\/\/x.com\/pichej","https:\/\/www.instagram.com\/pichej"]},{"@type":"Person","@id":"https:\/\/meteo-sain-bel.fr\/wp\/#\/schema\/person\/01aaa16bd38fc34093b74f9fe631ce9f","name":"Webmaster Meteo Sain-Bel","image":{"@type":"ImageObject","inLanguage":"fr-FR","@id":"https:\/\/secure.gravatar.com\/avatar\/fbbe8b1b88f3bedc77cf954f56a4f23bb0cac63f504868560f513f1ccb1405ee?s=96&r=g","url":"https:\/\/secure.gravatar.com\/avatar\/fbbe8b1b88f3bedc77cf954f56a4f23bb0cac63f504868560f513f1ccb1405ee?s=96&r=g","contentUrl":"https:\/\/secure.gravatar.com\/avatar\/fbbe8b1b88f3bedc77cf954f56a4f23bb0cac63f504868560f513f1ccb1405ee?s=96&r=g","caption":"Webmaster Meteo Sain-Bel"},"sameAs":["http:\/\/meteo-sain-bel.fr\/wp"],"url":"https:\/\/meteo-sain-bel.fr\/wp\/blog\/author\/admin\/"}]}},"uagb_featured_image_src":{"full":["https:\/\/meteo-sain-bel.fr\/wp\/wp-content\/uploads\/2025\/10\/557773628_1211604530997165_7504260252181041019_n-yICojy.jpg",1374,720,false],"thumbnail":["https:\/\/meteo-sain-bel.fr\/wp\/wp-content\/uploads\/2025\/10\/557773628_1211604530997165_7504260252181041019_n-yICojy-150x150.jpg",150,150,true],"medium":["https:\/\/meteo-sain-bel.fr\/wp\/wp-content\/uploads\/2025\/10\/557773628_1211604530997165_7504260252181041019_n-yICojy-300x157.jpg",300,157,true],"medium_large":["https:\/\/meteo-sain-bel.fr\/wp\/wp-content\/uploads\/2025\/10\/557773628_1211604530997165_7504260252181041019_n-yICojy-768x402.jpg",768,402,true],"large":["https:\/\/meteo-sain-bel.fr\/wp\/wp-content\/uploads\/2025\/10\/557773628_1211604530997165_7504260252181041019_n-yICojy-1024x537.jpg",1024,537,true],"1536x1536":["https:\/\/meteo-sain-bel.fr\/wp\/wp-content\/uploads\/2025\/10\/557773628_1211604530997165_7504260252181041019_n-yICojy.jpg",1374,720,false],"2048x2048":["https:\/\/meteo-sain-bel.fr\/wp\/wp-content\/uploads\/2025\/10\/557773628_1211604530997165_7504260252181041019_n-yICojy.jpg",1374,720,false]},"uagb_author_info":{"display_name":"Webmaster Meteo Sain-Bel","author_link":"https:\/\/meteo-sain-bel.fr\/wp\/blog\/author\/admin\/"},"uagb_comment_info":0,"uagb_excerpt":"M\u00e9t\u00e9o\u00a0 Republi\u00e9 via Innoreader Read More \ud83d\udca5[TUTO 7 : CLIMATOLOGIE] (\ud83d\udcf71) Comme son nom l\u2019indique, Infoclimat c\u2019est surtout un tr\u00e8s grand nombre de donn\u00e9es climatologiques, [&hellip;]","_links":{"self":[{"href":"https:\/\/meteo-sain-bel.fr\/wp\/wp-json\/wp\/v2\/posts\/5556","targetHints":{"allow":["GET"]}}],"collection":[{"href":"https:\/\/meteo-sain-bel.fr\/wp\/wp-json\/wp\/v2\/posts"}],"about":[{"href":"https:\/\/meteo-sain-bel.fr\/wp\/wp-json\/wp\/v2\/types\/post"}],"author":[{"embeddable":true,"href":"https:\/\/meteo-sain-bel.fr\/wp\/wp-json\/wp\/v2\/users\/1"}],"replies":[{"embeddable":true,"href":"https:\/\/meteo-sain-bel.fr\/wp\/wp-json\/wp\/v2\/comments?post=5556"}],"version-history":[{"count":0,"href":"https:\/\/meteo-sain-bel.fr\/wp\/wp-json\/wp\/v2\/posts\/5556\/revisions"}],"wp:featuredmedia":[{"embeddable":true,"href":"https:\/\/meteo-sain-bel.fr\/wp\/wp-json\/wp\/v2\/media\/5557"}],"wp:attachment":[{"href":"https:\/\/meteo-sain-bel.fr\/wp\/wp-json\/wp\/v2\/media?parent=5556"}],"wp:term":[{"taxonomy":"category","embeddable":true,"href":"https:\/\/meteo-sain-bel.fr\/wp\/wp-json\/wp\/v2\/categories?post=5556"},{"taxonomy":"post_tag","embeddable":true,"href":"https:\/\/meteo-sain-bel.fr\/wp\/wp-json\/wp\/v2\/tags?post=5556"}],"curies":[{"name":"wp","href":"https:\/\/api.w.org\/{rel}","templated":true}]}}