{"id":3789,"date":"2025-06-29T18:30:22","date_gmt":"2025-06-29T16:30:22","guid":{"rendered":"https:\/\/meteo-sain-bel.fr\/wp\/blog\/on-29-juin-2025-at-16h30-%f0%9f%8c%a1%ef%b8%8f%f0%9f%94%a5-dimanche-caniculaire-en-france-14-stations-ont-passe-le-seuil-des-40c-aujourdhui-sur-larc-mediterraneen-%f0%9f%93%8d-si\/"},"modified":"2025-06-29T18:30:22","modified_gmt":"2025-06-29T16:30:22","slug":"on-29-juin-2025-at-16h30-%f0%9f%8c%a1%ef%b8%8f%f0%9f%94%a5-dimanche-caniculaire-en-france-14-stations-ont-passe-le-seuil-des-40c-aujourdhui-sur-larc-mediterraneen-%f0%9f%93%8d-si","status":"publish","type":"post","link":"https:\/\/meteo-sain-bel.fr\/wp\/blog\/on-29-juin-2025-at-16h30-%f0%9f%8c%a1%ef%b8%8f%f0%9f%94%a5-dimanche-caniculaire-en-france-14-stations-ont-passe-le-seuil-des-40c-aujourdhui-sur-larc-mediterraneen-%f0%9f%93%8d-si\/","title":{"rendered":"on 29 juin 2025 at 16h30  \ud83c\udf21\ufe0f\ud83d\udd25 Dimanche caniculaire en France !  \n14 stations ont pass\u00e9 le seuil des 40\u00b0c aujourd&#8217;hui sur l&#8217;arc m\u00e9diterran\u00e9en :  \n  \n\ud83d\udccd SIRAN (34) : 41.8\u00b0C  \n\ud83d\udccd DURBAN-CORBIERES (11) : 41.4\u00b0C  \n\ud83d\udccd ARGELIERS (11) : 41.1\u00b0C  \n\ud83d\udccd StatIC Saint-Nazaire-d&#8217;Aude (11) : 41\u00b0C  \n\ud83d\udccd GROSPIERRES (7) : 40.9\u00b0C  \n\ud83d\udccd LEZIGNAN-CORBIERES (11) : 40.4\u00b0C  \n\ud83d\udccd APT-VITON (84) : 40.3\u00b0C  \n\ud83d\udccd NARBONNE (11) : 40.2\u00b0C  \n\ud83d\udccd SOUMONT (34) : 40.2\u00b0C  \n\ud83d\udccd StatIC Sall\u00e8les-d&#8217;Aude (11) : 40.1\u00b0C  \n\ud83d\udccd ST-LAURENT PAPE (7) : 40.1\u00b0C  \n\ud83d\udccd VINSOBRES (26) : 40.1\u00b0C  \n\ud83d\udccd MOULES-ET-BAUCELS (34) : 40.1\u00b0C  \n\ud83d\udccd PEZENAS-TOURBES (34) : 40\u00b0C"},"content":{"rendered":"<p>M\u00e9t\u00e9o\u00a0 Republi\u00e9 via Innoreader <a href=\"https:\/\/www.facebook.com\/457169573107335\/posts\/1126897752801177\" target=\"_blank\" class=\"feedzy-rss-link-icon\">Read More<\/a><\/p>\n<p>\ud83c\udf21\ufe0f\ud83d\udd25 Dimanche caniculaire en France !<br \/> <br \/>\n14 stations ont pass\u00e9 le seuil des 40\u00b0c aujourd&#8217;hui sur l&#8217;arc m\u00e9diterran\u00e9en :<\/p>\n<p>\ud83d\udccd SIRAN (34) : 41.8\u00b0C<br \/> <br \/>\n\ud83d\udccd DURBAN-CORBIERES (11) : 41.4\u00b0C<br \/> <br \/>\n\ud83d\udccd ARGELIERS (11) : 41.1\u00b0C<br \/> <br \/>\n\ud83d\udccd StatIC Saint-Nazaire-d&#8217;Aude (11) : 41\u00b0C<br \/> <br \/>\n\ud83d\udccd GROSPIERRES (7) : 40.9\u00b0C<br \/> <br \/>\n\ud83d\udccd LEZIGNAN-CORBIERES (11) : 40.4\u00b0C<br \/> <br \/>\n\ud83d\udccd APT-VITON (84) : 40.3\u00b0C<br \/> <br \/>\n\ud83d\udccd NARBONNE (11) : 40.2\u00b0C<br \/> <br \/>\n\ud83d\udccd SOUMONT (34) : 40.2\u00b0C<br \/> <br \/>\n\ud83d\udccd StatIC Sall\u00e8les-d&#8217;Aude (11) : 40.1\u00b0C<br \/> <br \/>\n\ud83d\udccd ST-LAURENT PAPE (7) : 40.1\u00b0C<br \/> <br \/>\n\ud83d\udccd VINSOBRES (26) : 40.1\u00b0C<br \/> <br \/>\n\ud83d\udccd MOULES-ET-BAUCELS (34) : 40.1\u00b0C<br \/> <br \/>\n\ud83d\udccd PEZENAS-TOURBES (34) : 40\u00b0C<\/p>\n<p><a href=\"https:\/\/www.facebook.com\/photo.php?fbid=1126897496134536&amp;set=a.457167346440891&amp;type=3\"><img decoding=\"async\" src=\"https:\/\/scontent.fsof11-1.fna.fbcdn.net\/v\/t39.30808-6\/514060042_1126897499467869_7432326285559582477_n.jpg?stp=dst-jpg_p720x720_tt6&amp;_nc_cat=103&amp;ccb=1-7&amp;_nc_sid=127cfc&amp;_nc_ohc=NTnKQL3SFfYQ7kNvwHbxRu_&amp;_nc_oc=AdmjXTU4w7YmDJU32hLaaRxwkrqbHByf4rYL6mUXDOI2iG-_P3yh3H0FVUOTOiY79-I&amp;_nc_zt=23&amp;_nc_ht=scontent.fsof11-1.fna&amp;edm=AKIiGfEEAAAA&amp;_nc_gid=ny4dPG1mjNAkO-Tye57Ncg&amp;oh=00_AfMEh3N1WIwiMfqi6Ylj0oHtEHldesgIE-ls1xkIPCPGOg&amp;oe=68674305\" alt=\"514060042_1126897499467869_7432326285559\" \/><\/a><\/p>","protected":false},"excerpt":{"rendered":"<p>M\u00e9t\u00e9o\u00a0 Republi\u00e9 via Innoreader Read More \ud83c\udf21\ufe0f\ud83d\udd25 Dimanche caniculaire en France ! 14 stations ont pass\u00e9 le seuil des 40\u00b0c aujourd&#8217;hui sur l&#8217;arc m\u00e9diterran\u00e9en : [&hellip;]<\/p>\n","protected":false},"author":1,"featured_media":3790,"comment_status":"open","ping_status":"open","sticky":false,"template":"","format":"standard","meta":{"content-type":"","_uag_custom_page_level_css":"","site-sidebar-layout":"default","site-content-layout":"","ast-site-content-layout":"default","site-content-style":"default","site-sidebar-style":"default","ast-global-header-display":"","ast-banner-title-visibility":"","ast-main-header-display":"","ast-hfb-above-header-display":"","ast-hfb-below-header-display":"","ast-hfb-mobile-header-display":"","site-post-title":"","ast-breadcrumbs-content":"","ast-featured-img":"","footer-sml-layout":"","ast-disable-related-posts":"","theme-transparent-header-meta":"","adv-header-id-meta":"","stick-header-meta":"","header-above-stick-meta":"","header-main-stick-meta":"","header-below-stick-meta":"","astra-migrate-meta-layouts":"default","ast-page-background-enabled":"default","ast-page-background-meta":{"desktop":{"background-color":"var(--ast-global-color-4)","background-image":"","background-repeat":"repeat","background-position":"center center","background-size":"auto","background-attachment":"scroll","background-type":"","background-media":"","overlay-type":"","overlay-color":"","overlay-opacity":"","overlay-gradient":""},"tablet":{"background-color":"","background-image":"","background-repeat":"repeat","background-position":"center center","background-size":"auto","background-attachment":"scroll","background-type":"","background-media":"","overlay-type":"","overlay-color":"","overlay-opacity":"","overlay-gradient":""},"mobile":{"background-color":"","background-image":"","background-repeat":"repeat","background-position":"center center","background-size":"auto","background-attachment":"scroll","background-type":"","background-media":"","overlay-type":"","overlay-color":"","overlay-opacity":"","overlay-gradient":""}},"ast-content-background-meta":{"desktop":{"background-color":"var(--ast-global-color-5)","background-image":"","background-repeat":"repeat","background-position":"center center","background-size":"auto","background-attachment":"scroll","background-type":"","background-media":"","overlay-type":"","overlay-color":"","overlay-opacity":"","overlay-gradient":""},"tablet":{"background-color":"var(--ast-global-color-5)","background-image":"","background-repeat":"repeat","background-position":"center center","background-size":"auto","background-attachment":"scroll","background-type":"","background-media":"","overlay-type":"","overlay-color":"","overlay-opacity":"","overlay-gradient":""},"mobile":{"background-color":"var(--ast-global-color-5)","background-image":"","background-repeat":"repeat","background-position":"center center","background-size":"auto","background-attachment":"scroll","background-type":"","background-media":"","overlay-type":"","overlay-color":"","overlay-opacity":"","overlay-gradient":""}},"footnotes":""},"categories":[6],"tags":[],"class_list":["post-3789","post","type-post","status-publish","format-standard","has-post-thumbnail","hentry","category-externes"],"yoast_head":"<!-- This site is optimized with the Yoast SEO plugin v27.5 - https:\/\/yoast.com\/product\/yoast-seo-wordpress\/ -->\n<title>on 29 juin 2025 at 16h30 \ud83c\udf21\ufe0f\ud83d\udd25 Dimanche caniculaire en France !  14 stations ont pass\u00e9 le seuil des 40\u00b0c aujourd&#039;hui sur l&#039;arc m\u00e9diterran\u00e9en :   \ud83d\udccd SIRAN (34) : 41.8\u00b0C  \ud83d\udccd DURBAN-CORBIERES (11) : 41.4\u00b0C  \ud83d\udccd ARGELIERS (11) : 41.1\u00b0C  \ud83d\udccd StatIC Saint-Nazaire-d&#039;Aude (11) : 41\u00b0C  \ud83d\udccd GROSPIERRES (7) : 40.9\u00b0C  \ud83d\udccd LEZIGNAN-CORBIERES (11) : 40.4\u00b0C  \ud83d\udccd APT-VITON (84) : 40.3\u00b0C  \ud83d\udccd NARBONNE (11) : 40.2\u00b0C  \ud83d\udccd SOUMONT (34) : 40.2\u00b0C  \ud83d\udccd StatIC Sall\u00e8les-d&#039;Aude (11) : 40.1\u00b0C  \ud83d\udccd ST-LAURENT PAPE (7) : 40.1\u00b0C  \ud83d\udccd VINSOBRES (26) : 40.1\u00b0C  \ud83d\udccd MOULES-ET-BAUCELS (34) : 40.1\u00b0C  \ud83d\udccd PEZENAS-TOURBES (34) : 40\u00b0C - Meteo Sain-Bel<\/title>\n<meta name=\"robots\" content=\"index, follow, max-snippet:-1, max-image-preview:large, max-video-preview:-1\" \/>\n<link rel=\"canonical\" href=\"https:\/\/meteo-sain-bel.fr\/wp\/blog\/on-29-juin-2025-at-16h30-\ud83c\udf21\ufe0f\ud83d\udd25-dimanche-caniculaire-en-france-14-stations-ont-passe-le-seuil-des-40c-aujourdhui-sur-larc-mediterraneen-\ud83d\udccd-si\/\" \/>\n<meta property=\"og:locale\" content=\"fr_FR\" \/>\n<meta property=\"og:type\" content=\"article\" \/>\n<meta property=\"og:title\" content=\"on 29 juin 2025 at 16h30 \ud83c\udf21\ufe0f\ud83d\udd25 Dimanche caniculaire en France !  14 stations ont pass\u00e9 le seuil des 40\u00b0c aujourd&#039;hui sur l&#039;arc m\u00e9diterran\u00e9en :   \ud83d\udccd SIRAN (34) : 41.8\u00b0C  \ud83d\udccd DURBAN-CORBIERES (11) : 41.4\u00b0C  \ud83d\udccd ARGELIERS (11) : 41.1\u00b0C  \ud83d\udccd StatIC Saint-Nazaire-d&#039;Aude (11) : 41\u00b0C  \ud83d\udccd GROSPIERRES (7) : 40.9\u00b0C  \ud83d\udccd LEZIGNAN-CORBIERES (11) : 40.4\u00b0C  \ud83d\udccd APT-VITON (84) : 40.3\u00b0C  \ud83d\udccd NARBONNE (11) : 40.2\u00b0C  \ud83d\udccd SOUMONT (34) : 40.2\u00b0C  \ud83d\udccd StatIC Sall\u00e8les-d&#039;Aude (11) : 40.1\u00b0C  \ud83d\udccd ST-LAURENT PAPE (7) : 40.1\u00b0C  \ud83d\udccd VINSOBRES (26) : 40.1\u00b0C  \ud83d\udccd MOULES-ET-BAUCELS (34) : 40.1\u00b0C  \ud83d\udccd PEZENAS-TOURBES (34) : 40\u00b0C - Meteo Sain-Bel\" \/>\n<meta property=\"og:description\" content=\"M\u00e9t\u00e9o\u00a0 Republi\u00e9 via Innoreader Read More \ud83c\udf21\ufe0f\ud83d\udd25 Dimanche caniculaire en France ! 14 stations ont pass\u00e9 le seuil des 40\u00b0c aujourd&#8217;hui sur l&#8217;arc m\u00e9diterran\u00e9en : [&hellip;]\" \/>\n<meta property=\"og:url\" content=\"https:\/\/meteo-sain-bel.fr\/wp\/blog\/on-29-juin-2025-at-16h30-\ud83c\udf21\ufe0f\ud83d\udd25-dimanche-caniculaire-en-france-14-stations-ont-passe-le-seuil-des-40c-aujourdhui-sur-larc-mediterraneen-\ud83d\udccd-si\/\" \/>\n<meta property=\"og:site_name\" content=\"Meteo Sain-Bel\" \/>\n<meta property=\"article:publisher\" content=\"https:\/\/www.facebook.com\/meteosainbel\" \/>\n<meta property=\"article:published_time\" content=\"2025-06-29T16:30:22+00:00\" \/>\n<meta property=\"og:image\" content=\"https:\/\/scontent.fsof11-1.fna.fbcdn.net\/v\/t39.30808-6\/514060042_1126897499467869_7432326285559582477_n.jpg?stp=dst-jpg_p720x720_tt6&amp;_nc_cat=103&amp;ccb=1-7&amp;_nc_sid=127cfc&amp;_nc_ohc=NTnKQL3SFfYQ7kNvwHbxRu_&amp;_nc_oc=AdmjXTU4w7YmDJU32hLaaRxwkrqbHByf4rYL6mUXDOI2iG-_P3yh3H0FVUOTOiY79-I&amp;_nc_zt=23&amp;_nc_ht=scontent.fsof11-1.fna&amp;edm=AKIiGfEEAAAA&amp;_nc_gid=ny4dPG1mjNAkO-Tye57Ncg&amp;oh=00_AfMEh3N1WIwiMfqi6Ylj0oHtEHldesgIE-ls1xkIPCPGOg&amp;oe=68674305\" \/>\n<meta name=\"author\" content=\"Webmaster Meteo Sain-Bel\" \/>\n<meta name=\"twitter:card\" content=\"summary_large_image\" \/>\n<meta name=\"twitter:creator\" content=\"@pichej\" \/>\n<meta name=\"twitter:site\" content=\"@pichej\" \/>\n<script type=\"application\/ld+json\" class=\"yoast-schema-graph\">{\"@context\":\"https:\\\/\\\/schema.org\",\"@graph\":[{\"@type\":\"Article\",\"@id\":\"https:\\\/\\\/meteo-sain-bel.fr\\\/wp\\\/blog\\\/on-29-juin-2025-at-16h30-%f0%9f%8c%a1%ef%b8%8f%f0%9f%94%a5-dimanche-caniculaire-en-france-14-stations-ont-passe-le-seuil-des-40c-aujourdhui-sur-larc-mediterraneen-%f0%9f%93%8d-si\\\/#article\",\"isPartOf\":{\"@id\":\"https:\\\/\\\/meteo-sain-bel.fr\\\/wp\\\/blog\\\/on-29-juin-2025-at-16h30-%f0%9f%8c%a1%ef%b8%8f%f0%9f%94%a5-dimanche-caniculaire-en-france-14-stations-ont-passe-le-seuil-des-40c-aujourdhui-sur-larc-mediterraneen-%f0%9f%93%8d-si\\\/\"},\"author\":{\"name\":\"Webmaster Meteo Sain-Bel\",\"@id\":\"https:\\\/\\\/meteo-sain-bel.fr\\\/wp\\\/#\\\/schema\\\/person\\\/01aaa16bd38fc34093b74f9fe631ce9f\"},\"headline\":\"on 29 juin 2025 at 16h30 \ud83c\udf21\ufe0f\ud83d\udd25 Dimanche caniculaire en France ! 14 stations ont pass\u00e9 le seuil des 40\u00b0c aujourd&#8217;hui sur l&#8217;arc m\u00e9diterran\u00e9en : \ud83d\udccd SIRAN (34) : 41.8\u00b0C \ud83d\udccd DURBAN-CORBIERES (11) : 41.4\u00b0C \ud83d\udccd ARGELIERS (11) : 41.1\u00b0C \ud83d\udccd StatIC Saint-Nazaire-d&#8217;Aude (11) : 41\u00b0C \ud83d\udccd GROSPIERRES (7) : 40.9\u00b0C \ud83d\udccd LEZIGNAN-CORBIERES (11) : 40.4\u00b0C \ud83d\udccd APT-VITON (84) : 40.3\u00b0C \ud83d\udccd NARBONNE (11) : 40.2\u00b0C \ud83d\udccd SOUMONT (34) : 40.2\u00b0C \ud83d\udccd StatIC Sall\u00e8les-d&#8217;Aude (11) : 40.1\u00b0C \ud83d\udccd ST-LAURENT PAPE (7) : 40.1\u00b0C \ud83d\udccd VINSOBRES (26) : 40.1\u00b0C \ud83d\udccd MOULES-ET-BAUCELS (34) : 40.1\u00b0C \ud83d\udccd PEZENAS-TOURBES (34) : 40\u00b0C\",\"datePublished\":\"2025-06-29T16:30:22+00:00\",\"mainEntityOfPage\":{\"@id\":\"https:\\\/\\\/meteo-sain-bel.fr\\\/wp\\\/blog\\\/on-29-juin-2025-at-16h30-%f0%9f%8c%a1%ef%b8%8f%f0%9f%94%a5-dimanche-caniculaire-en-france-14-stations-ont-passe-le-seuil-des-40c-aujourdhui-sur-larc-mediterraneen-%f0%9f%93%8d-si\\\/\"},\"wordCount\":110,\"commentCount\":0,\"publisher\":{\"@id\":\"https:\\\/\\\/meteo-sain-bel.fr\\\/wp\\\/#organization\"},\"image\":{\"@id\":\"https:\\\/\\\/meteo-sain-bel.fr\\\/wp\\\/blog\\\/on-29-juin-2025-at-16h30-%f0%9f%8c%a1%ef%b8%8f%f0%9f%94%a5-dimanche-caniculaire-en-france-14-stations-ont-passe-le-seuil-des-40c-aujourdhui-sur-larc-mediterraneen-%f0%9f%93%8d-si\\\/#primaryimage\"},\"thumbnailUrl\":\"https:\\\/\\\/meteo-sain-bel.fr\\\/wp\\\/wp-content\\\/uploads\\\/2025\\\/06\\\/514060042_1126897499467869_7432326285559582477_n-R1kDuL.jpg\",\"articleSection\":[\"Sources Externes\"],\"inLanguage\":\"fr-FR\",\"potentialAction\":[{\"@type\":\"CommentAction\",\"name\":\"Comment\",\"target\":[\"https:\\\/\\\/meteo-sain-bel.fr\\\/wp\\\/blog\\\/on-29-juin-2025-at-16h30-%f0%9f%8c%a1%ef%b8%8f%f0%9f%94%a5-dimanche-caniculaire-en-france-14-stations-ont-passe-le-seuil-des-40c-aujourdhui-sur-larc-mediterraneen-%f0%9f%93%8d-si\\\/#respond\"]}]},{\"@type\":\"WebPage\",\"@id\":\"https:\\\/\\\/meteo-sain-bel.fr\\\/wp\\\/blog\\\/on-29-juin-2025-at-16h30-%f0%9f%8c%a1%ef%b8%8f%f0%9f%94%a5-dimanche-caniculaire-en-france-14-stations-ont-passe-le-seuil-des-40c-aujourdhui-sur-larc-mediterraneen-%f0%9f%93%8d-si\\\/\",\"url\":\"https:\\\/\\\/meteo-sain-bel.fr\\\/wp\\\/blog\\\/on-29-juin-2025-at-16h30-%f0%9f%8c%a1%ef%b8%8f%f0%9f%94%a5-dimanche-caniculaire-en-france-14-stations-ont-passe-le-seuil-des-40c-aujourdhui-sur-larc-mediterraneen-%f0%9f%93%8d-si\\\/\",\"name\":\"on 29 juin 2025 at 16h30 \ud83c\udf21\ufe0f\ud83d\udd25 Dimanche caniculaire en France ! 14 stations ont pass\u00e9 le seuil des 40\u00b0c aujourd'hui sur l'arc m\u00e9diterran\u00e9en : \ud83d\udccd SIRAN (34) : 41.8\u00b0C \ud83d\udccd DURBAN-CORBIERES (11) : 41.4\u00b0C \ud83d\udccd ARGELIERS (11) : 41.1\u00b0C \ud83d\udccd StatIC Saint-Nazaire-d'Aude (11) : 41\u00b0C \ud83d\udccd GROSPIERRES (7) : 40.9\u00b0C \ud83d\udccd LEZIGNAN-CORBIERES (11) : 40.4\u00b0C \ud83d\udccd APT-VITON (84) : 40.3\u00b0C \ud83d\udccd NARBONNE (11) : 40.2\u00b0C \ud83d\udccd SOUMONT (34) : 40.2\u00b0C \ud83d\udccd StatIC Sall\u00e8les-d'Aude (11) : 40.1\u00b0C \ud83d\udccd ST-LAURENT PAPE (7) : 40.1\u00b0C \ud83d\udccd VINSOBRES (26) : 40.1\u00b0C \ud83d\udccd MOULES-ET-BAUCELS (34) : 40.1\u00b0C \ud83d\udccd PEZENAS-TOURBES (34) : 40\u00b0C - Meteo Sain-Bel\",\"isPartOf\":{\"@id\":\"https:\\\/\\\/meteo-sain-bel.fr\\\/wp\\\/#website\"},\"primaryImageOfPage\":{\"@id\":\"https:\\\/\\\/meteo-sain-bel.fr\\\/wp\\\/blog\\\/on-29-juin-2025-at-16h30-%f0%9f%8c%a1%ef%b8%8f%f0%9f%94%a5-dimanche-caniculaire-en-france-14-stations-ont-passe-le-seuil-des-40c-aujourdhui-sur-larc-mediterraneen-%f0%9f%93%8d-si\\\/#primaryimage\"},\"image\":{\"@id\":\"https:\\\/\\\/meteo-sain-bel.fr\\\/wp\\\/blog\\\/on-29-juin-2025-at-16h30-%f0%9f%8c%a1%ef%b8%8f%f0%9f%94%a5-dimanche-caniculaire-en-france-14-stations-ont-passe-le-seuil-des-40c-aujourdhui-sur-larc-mediterraneen-%f0%9f%93%8d-si\\\/#primaryimage\"},\"thumbnailUrl\":\"https:\\\/\\\/meteo-sain-bel.fr\\\/wp\\\/wp-content\\\/uploads\\\/2025\\\/06\\\/514060042_1126897499467869_7432326285559582477_n-R1kDuL.jpg\",\"datePublished\":\"2025-06-29T16:30:22+00:00\",\"breadcrumb\":{\"@id\":\"https:\\\/\\\/meteo-sain-bel.fr\\\/wp\\\/blog\\\/on-29-juin-2025-at-16h30-%f0%9f%8c%a1%ef%b8%8f%f0%9f%94%a5-dimanche-caniculaire-en-france-14-stations-ont-passe-le-seuil-des-40c-aujourdhui-sur-larc-mediterraneen-%f0%9f%93%8d-si\\\/#breadcrumb\"},\"inLanguage\":\"fr-FR\",\"potentialAction\":[{\"@type\":\"ReadAction\",\"target\":[\"https:\\\/\\\/meteo-sain-bel.fr\\\/wp\\\/blog\\\/on-29-juin-2025-at-16h30-%f0%9f%8c%a1%ef%b8%8f%f0%9f%94%a5-dimanche-caniculaire-en-france-14-stations-ont-passe-le-seuil-des-40c-aujourdhui-sur-larc-mediterraneen-%f0%9f%93%8d-si\\\/\"]}]},{\"@type\":\"ImageObject\",\"inLanguage\":\"fr-FR\",\"@id\":\"https:\\\/\\\/meteo-sain-bel.fr\\\/wp\\\/blog\\\/on-29-juin-2025-at-16h30-%f0%9f%8c%a1%ef%b8%8f%f0%9f%94%a5-dimanche-caniculaire-en-france-14-stations-ont-passe-le-seuil-des-40c-aujourdhui-sur-larc-mediterraneen-%f0%9f%93%8d-si\\\/#primaryimage\",\"url\":\"https:\\\/\\\/meteo-sain-bel.fr\\\/wp\\\/wp-content\\\/uploads\\\/2025\\\/06\\\/514060042_1126897499467869_7432326285559582477_n-R1kDuL.jpg\",\"contentUrl\":\"https:\\\/\\\/meteo-sain-bel.fr\\\/wp\\\/wp-content\\\/uploads\\\/2025\\\/06\\\/514060042_1126897499467869_7432326285559582477_n-R1kDuL.jpg\",\"width\":958,\"height\":720},{\"@type\":\"BreadcrumbList\",\"@id\":\"https:\\\/\\\/meteo-sain-bel.fr\\\/wp\\\/blog\\\/on-29-juin-2025-at-16h30-%f0%9f%8c%a1%ef%b8%8f%f0%9f%94%a5-dimanche-caniculaire-en-france-14-stations-ont-passe-le-seuil-des-40c-aujourdhui-sur-larc-mediterraneen-%f0%9f%93%8d-si\\\/#breadcrumb\",\"itemListElement\":[{\"@type\":\"ListItem\",\"position\":1,\"name\":\"Accueil\",\"item\":\"https:\\\/\\\/meteo-sain-bel.fr\\\/wp\\\/\"},{\"@type\":\"ListItem\",\"position\":2,\"name\":\"on 29 juin 2025 at 16h30 \ud83c\udf21\ufe0f\ud83d\udd25 Dimanche caniculaire en France ! 14 stations ont pass\u00e9 le seuil des 40\u00b0c aujourd&#8217;hui sur l&#8217;arc m\u00e9diterran\u00e9en : \ud83d\udccd SIRAN (34) : 41.8\u00b0C \ud83d\udccd DURBAN-CORBIERES (11) : 41.4\u00b0C \ud83d\udccd ARGELIERS (11) : 41.1\u00b0C \ud83d\udccd StatIC Saint-Nazaire-d&#8217;Aude (11) : 41\u00b0C \ud83d\udccd GROSPIERRES (7) : 40.9\u00b0C \ud83d\udccd LEZIGNAN-CORBIERES (11) : 40.4\u00b0C \ud83d\udccd APT-VITON (84) : 40.3\u00b0C \ud83d\udccd NARBONNE (11) : 40.2\u00b0C \ud83d\udccd SOUMONT (34) : 40.2\u00b0C \ud83d\udccd StatIC Sall\u00e8les-d&#8217;Aude (11) : 40.1\u00b0C \ud83d\udccd ST-LAURENT PAPE (7) : 40.1\u00b0C \ud83d\udccd VINSOBRES (26) : 40.1\u00b0C \ud83d\udccd MOULES-ET-BAUCELS (34) : 40.1\u00b0C \ud83d\udccd PEZENAS-TOURBES (34) : 40\u00b0C\"}]},{\"@type\":\"WebSite\",\"@id\":\"https:\\\/\\\/meteo-sain-bel.fr\\\/wp\\\/#website\",\"url\":\"https:\\\/\\\/meteo-sain-bel.fr\\\/wp\\\/\",\"name\":\"Meteo Sain-Bel\",\"description\":\"Station m\u00e9t\u00e9orologique, donn\u00e9es en temps r\u00e9el 24h\\\/24 et Webcam \u00e0 Sain-Bel (69210) Pays de l\u2019Arbresle, 69 Rh\u00f4ne, France\",\"publisher\":{\"@id\":\"https:\\\/\\\/meteo-sain-bel.fr\\\/wp\\\/#organization\"},\"alternateName\":\"Site m\u00e9t\u00e9o de Sain-Bel, Rh\u00f4ne\",\"potentialAction\":[{\"@type\":\"SearchAction\",\"target\":{\"@type\":\"EntryPoint\",\"urlTemplate\":\"https:\\\/\\\/meteo-sain-bel.fr\\\/wp\\\/?s={search_term_string}\"},\"query-input\":{\"@type\":\"PropertyValueSpecification\",\"valueRequired\":true,\"valueName\":\"search_term_string\"}}],\"inLanguage\":\"fr-FR\"},{\"@type\":\"Organization\",\"@id\":\"https:\\\/\\\/meteo-sain-bel.fr\\\/wp\\\/#organization\",\"name\":\"Meteo Sain-Bel\",\"url\":\"https:\\\/\\\/meteo-sain-bel.fr\\\/wp\\\/\",\"logo\":{\"@type\":\"ImageObject\",\"inLanguage\":\"fr-FR\",\"@id\":\"https:\\\/\\\/meteo-sain-bel.fr\\\/wp\\\/#\\\/schema\\\/logo\\\/image\\\/\",\"url\":\"https:\\\/\\\/meteo-sain-bel.fr\\\/wp\\\/wp-content\\\/uploads\\\/2024\\\/07\\\/cropped-cropped-Capture-decran-2024-07-13-065002.png\",\"contentUrl\":\"https:\\\/\\\/meteo-sain-bel.fr\\\/wp\\\/wp-content\\\/uploads\\\/2024\\\/07\\\/cropped-cropped-Capture-decran-2024-07-13-065002.png\",\"width\":336,\"height\":283,\"caption\":\"Meteo Sain-Bel\"},\"image\":{\"@id\":\"https:\\\/\\\/meteo-sain-bel.fr\\\/wp\\\/#\\\/schema\\\/logo\\\/image\\\/\"},\"sameAs\":[\"https:\\\/\\\/www.facebook.com\\\/meteosainbel\",\"https:\\\/\\\/x.com\\\/pichej\",\"https:\\\/\\\/www.instagram.com\\\/pichej\"]},{\"@type\":\"Person\",\"@id\":\"https:\\\/\\\/meteo-sain-bel.fr\\\/wp\\\/#\\\/schema\\\/person\\\/01aaa16bd38fc34093b74f9fe631ce9f\",\"name\":\"Webmaster Meteo Sain-Bel\",\"image\":{\"@type\":\"ImageObject\",\"inLanguage\":\"fr-FR\",\"@id\":\"https:\\\/\\\/secure.gravatar.com\\\/avatar\\\/fbbe8b1b88f3bedc77cf954f56a4f23bb0cac63f504868560f513f1ccb1405ee?s=96&r=g\",\"url\":\"https:\\\/\\\/secure.gravatar.com\\\/avatar\\\/fbbe8b1b88f3bedc77cf954f56a4f23bb0cac63f504868560f513f1ccb1405ee?s=96&r=g\",\"contentUrl\":\"https:\\\/\\\/secure.gravatar.com\\\/avatar\\\/fbbe8b1b88f3bedc77cf954f56a4f23bb0cac63f504868560f513f1ccb1405ee?s=96&r=g\",\"caption\":\"Webmaster Meteo Sain-Bel\"},\"sameAs\":[\"http:\\\/\\\/meteo-sain-bel.fr\\\/wp\"],\"url\":\"https:\\\/\\\/meteo-sain-bel.fr\\\/wp\\\/blog\\\/author\\\/admin\\\/\"}]}<\/script>\n<!-- \/ Yoast SEO plugin. -->","yoast_head_json":{"title":"on 29 juin 2025 at 16h30 \ud83c\udf21\ufe0f\ud83d\udd25 Dimanche caniculaire en France !  14 stations ont pass\u00e9 le seuil des 40\u00b0c aujourd'hui sur l'arc m\u00e9diterran\u00e9en :   \ud83d\udccd SIRAN (34) : 41.8\u00b0C  \ud83d\udccd DURBAN-CORBIERES (11) : 41.4\u00b0C  \ud83d\udccd ARGELIERS (11) : 41.1\u00b0C  \ud83d\udccd StatIC Saint-Nazaire-d'Aude (11) : 41\u00b0C  \ud83d\udccd GROSPIERRES (7) : 40.9\u00b0C  \ud83d\udccd LEZIGNAN-CORBIERES (11) : 40.4\u00b0C  \ud83d\udccd APT-VITON (84) : 40.3\u00b0C  \ud83d\udccd NARBONNE (11) : 40.2\u00b0C  \ud83d\udccd SOUMONT (34) : 40.2\u00b0C  \ud83d\udccd StatIC Sall\u00e8les-d'Aude (11) : 40.1\u00b0C  \ud83d\udccd ST-LAURENT PAPE (7) : 40.1\u00b0C  \ud83d\udccd VINSOBRES (26) : 40.1\u00b0C  \ud83d\udccd MOULES-ET-BAUCELS (34) : 40.1\u00b0C  \ud83d\udccd PEZENAS-TOURBES (34) : 40\u00b0C - Meteo Sain-Bel","robots":{"index":"index","follow":"follow","max-snippet":"max-snippet:-1","max-image-preview":"max-image-preview:large","max-video-preview":"max-video-preview:-1"},"canonical":"https:\/\/meteo-sain-bel.fr\/wp\/blog\/on-29-juin-2025-at-16h30-\ud83c\udf21\ufe0f\ud83d\udd25-dimanche-caniculaire-en-france-14-stations-ont-passe-le-seuil-des-40c-aujourdhui-sur-larc-mediterraneen-\ud83d\udccd-si\/","og_locale":"fr_FR","og_type":"article","og_title":"on 29 juin 2025 at 16h30 \ud83c\udf21\ufe0f\ud83d\udd25 Dimanche caniculaire en France !  14 stations ont pass\u00e9 le seuil des 40\u00b0c aujourd'hui sur l'arc m\u00e9diterran\u00e9en :   \ud83d\udccd SIRAN (34) : 41.8\u00b0C  \ud83d\udccd DURBAN-CORBIERES (11) : 41.4\u00b0C  \ud83d\udccd ARGELIERS (11) : 41.1\u00b0C  \ud83d\udccd StatIC Saint-Nazaire-d'Aude (11) : 41\u00b0C  \ud83d\udccd GROSPIERRES (7) : 40.9\u00b0C  \ud83d\udccd LEZIGNAN-CORBIERES (11) : 40.4\u00b0C  \ud83d\udccd APT-VITON (84) : 40.3\u00b0C  \ud83d\udccd NARBONNE (11) : 40.2\u00b0C  \ud83d\udccd SOUMONT (34) : 40.2\u00b0C  \ud83d\udccd StatIC Sall\u00e8les-d'Aude (11) : 40.1\u00b0C  \ud83d\udccd ST-LAURENT PAPE (7) : 40.1\u00b0C  \ud83d\udccd VINSOBRES (26) : 40.1\u00b0C  \ud83d\udccd MOULES-ET-BAUCELS (34) : 40.1\u00b0C  \ud83d\udccd PEZENAS-TOURBES (34) : 40\u00b0C - Meteo Sain-Bel","og_description":"M\u00e9t\u00e9o\u00a0 Republi\u00e9 via Innoreader Read More \ud83c\udf21\ufe0f\ud83d\udd25 Dimanche caniculaire en France ! 14 stations ont pass\u00e9 le seuil des 40\u00b0c aujourd&#8217;hui sur l&#8217;arc m\u00e9diterran\u00e9en : [&hellip;]","og_url":"https:\/\/meteo-sain-bel.fr\/wp\/blog\/on-29-juin-2025-at-16h30-\ud83c\udf21\ufe0f\ud83d\udd25-dimanche-caniculaire-en-france-14-stations-ont-passe-le-seuil-des-40c-aujourdhui-sur-larc-mediterraneen-\ud83d\udccd-si\/","og_site_name":"Meteo Sain-Bel","article_publisher":"https:\/\/www.facebook.com\/meteosainbel","article_published_time":"2025-06-29T16:30:22+00:00","og_image":[{"url":"https:\/\/scontent.fsof11-1.fna.fbcdn.net\/v\/t39.30808-6\/514060042_1126897499467869_7432326285559582477_n.jpg?stp=dst-jpg_p720x720_tt6&amp;_nc_cat=103&amp;ccb=1-7&amp;_nc_sid=127cfc&amp;_nc_ohc=NTnKQL3SFfYQ7kNvwHbxRu_&amp;_nc_oc=AdmjXTU4w7YmDJU32hLaaRxwkrqbHByf4rYL6mUXDOI2iG-_P3yh3H0FVUOTOiY79-I&amp;_nc_zt=23&amp;_nc_ht=scontent.fsof11-1.fna&amp;edm=AKIiGfEEAAAA&amp;_nc_gid=ny4dPG1mjNAkO-Tye57Ncg&amp;oh=00_AfMEh3N1WIwiMfqi6Ylj0oHtEHldesgIE-ls1xkIPCPGOg&amp;oe=68674305","type":"","width":"","height":""}],"author":"Webmaster Meteo Sain-Bel","twitter_card":"summary_large_image","twitter_creator":"@pichej","twitter_site":"@pichej","schema":{"@context":"https:\/\/schema.org","@graph":[{"@type":"Article","@id":"https:\/\/meteo-sain-bel.fr\/wp\/blog\/on-29-juin-2025-at-16h30-%f0%9f%8c%a1%ef%b8%8f%f0%9f%94%a5-dimanche-caniculaire-en-france-14-stations-ont-passe-le-seuil-des-40c-aujourdhui-sur-larc-mediterraneen-%f0%9f%93%8d-si\/#article","isPartOf":{"@id":"https:\/\/meteo-sain-bel.fr\/wp\/blog\/on-29-juin-2025-at-16h30-%f0%9f%8c%a1%ef%b8%8f%f0%9f%94%a5-dimanche-caniculaire-en-france-14-stations-ont-passe-le-seuil-des-40c-aujourdhui-sur-larc-mediterraneen-%f0%9f%93%8d-si\/"},"author":{"name":"Webmaster Meteo Sain-Bel","@id":"https:\/\/meteo-sain-bel.fr\/wp\/#\/schema\/person\/01aaa16bd38fc34093b74f9fe631ce9f"},"headline":"on 29 juin 2025 at 16h30 \ud83c\udf21\ufe0f\ud83d\udd25 Dimanche caniculaire en France ! 14 stations ont pass\u00e9 le seuil des 40\u00b0c aujourd&#8217;hui sur l&#8217;arc m\u00e9diterran\u00e9en : \ud83d\udccd SIRAN (34) : 41.8\u00b0C \ud83d\udccd DURBAN-CORBIERES (11) : 41.4\u00b0C \ud83d\udccd ARGELIERS (11) : 41.1\u00b0C \ud83d\udccd StatIC Saint-Nazaire-d&#8217;Aude (11) : 41\u00b0C \ud83d\udccd GROSPIERRES (7) : 40.9\u00b0C \ud83d\udccd LEZIGNAN-CORBIERES (11) : 40.4\u00b0C \ud83d\udccd APT-VITON (84) : 40.3\u00b0C \ud83d\udccd NARBONNE (11) : 40.2\u00b0C \ud83d\udccd SOUMONT (34) : 40.2\u00b0C \ud83d\udccd StatIC Sall\u00e8les-d&#8217;Aude (11) : 40.1\u00b0C \ud83d\udccd ST-LAURENT PAPE (7) : 40.1\u00b0C \ud83d\udccd VINSOBRES (26) : 40.1\u00b0C \ud83d\udccd MOULES-ET-BAUCELS (34) : 40.1\u00b0C \ud83d\udccd PEZENAS-TOURBES (34) : 40\u00b0C","datePublished":"2025-06-29T16:30:22+00:00","mainEntityOfPage":{"@id":"https:\/\/meteo-sain-bel.fr\/wp\/blog\/on-29-juin-2025-at-16h30-%f0%9f%8c%a1%ef%b8%8f%f0%9f%94%a5-dimanche-caniculaire-en-france-14-stations-ont-passe-le-seuil-des-40c-aujourdhui-sur-larc-mediterraneen-%f0%9f%93%8d-si\/"},"wordCount":110,"commentCount":0,"publisher":{"@id":"https:\/\/meteo-sain-bel.fr\/wp\/#organization"},"image":{"@id":"https:\/\/meteo-sain-bel.fr\/wp\/blog\/on-29-juin-2025-at-16h30-%f0%9f%8c%a1%ef%b8%8f%f0%9f%94%a5-dimanche-caniculaire-en-france-14-stations-ont-passe-le-seuil-des-40c-aujourdhui-sur-larc-mediterraneen-%f0%9f%93%8d-si\/#primaryimage"},"thumbnailUrl":"https:\/\/meteo-sain-bel.fr\/wp\/wp-content\/uploads\/2025\/06\/514060042_1126897499467869_7432326285559582477_n-R1kDuL.jpg","articleSection":["Sources Externes"],"inLanguage":"fr-FR","potentialAction":[{"@type":"CommentAction","name":"Comment","target":["https:\/\/meteo-sain-bel.fr\/wp\/blog\/on-29-juin-2025-at-16h30-%f0%9f%8c%a1%ef%b8%8f%f0%9f%94%a5-dimanche-caniculaire-en-france-14-stations-ont-passe-le-seuil-des-40c-aujourdhui-sur-larc-mediterraneen-%f0%9f%93%8d-si\/#respond"]}]},{"@type":"WebPage","@id":"https:\/\/meteo-sain-bel.fr\/wp\/blog\/on-29-juin-2025-at-16h30-%f0%9f%8c%a1%ef%b8%8f%f0%9f%94%a5-dimanche-caniculaire-en-france-14-stations-ont-passe-le-seuil-des-40c-aujourdhui-sur-larc-mediterraneen-%f0%9f%93%8d-si\/","url":"https:\/\/meteo-sain-bel.fr\/wp\/blog\/on-29-juin-2025-at-16h30-%f0%9f%8c%a1%ef%b8%8f%f0%9f%94%a5-dimanche-caniculaire-en-france-14-stations-ont-passe-le-seuil-des-40c-aujourdhui-sur-larc-mediterraneen-%f0%9f%93%8d-si\/","name":"on 29 juin 2025 at 16h30 \ud83c\udf21\ufe0f\ud83d\udd25 Dimanche caniculaire en France ! 14 stations ont pass\u00e9 le seuil des 40\u00b0c aujourd'hui sur l'arc m\u00e9diterran\u00e9en : \ud83d\udccd SIRAN (34) : 41.8\u00b0C \ud83d\udccd DURBAN-CORBIERES (11) : 41.4\u00b0C \ud83d\udccd ARGELIERS (11) : 41.1\u00b0C \ud83d\udccd StatIC Saint-Nazaire-d'Aude (11) : 41\u00b0C \ud83d\udccd GROSPIERRES (7) : 40.9\u00b0C \ud83d\udccd LEZIGNAN-CORBIERES (11) : 40.4\u00b0C \ud83d\udccd APT-VITON (84) : 40.3\u00b0C \ud83d\udccd NARBONNE (11) : 40.2\u00b0C \ud83d\udccd SOUMONT (34) : 40.2\u00b0C \ud83d\udccd StatIC Sall\u00e8les-d'Aude (11) : 40.1\u00b0C \ud83d\udccd ST-LAURENT PAPE (7) : 40.1\u00b0C \ud83d\udccd VINSOBRES (26) : 40.1\u00b0C \ud83d\udccd MOULES-ET-BAUCELS (34) : 40.1\u00b0C \ud83d\udccd PEZENAS-TOURBES (34) : 40\u00b0C - Meteo Sain-Bel","isPartOf":{"@id":"https:\/\/meteo-sain-bel.fr\/wp\/#website"},"primaryImageOfPage":{"@id":"https:\/\/meteo-sain-bel.fr\/wp\/blog\/on-29-juin-2025-at-16h30-%f0%9f%8c%a1%ef%b8%8f%f0%9f%94%a5-dimanche-caniculaire-en-france-14-stations-ont-passe-le-seuil-des-40c-aujourdhui-sur-larc-mediterraneen-%f0%9f%93%8d-si\/#primaryimage"},"image":{"@id":"https:\/\/meteo-sain-bel.fr\/wp\/blog\/on-29-juin-2025-at-16h30-%f0%9f%8c%a1%ef%b8%8f%f0%9f%94%a5-dimanche-caniculaire-en-france-14-stations-ont-passe-le-seuil-des-40c-aujourdhui-sur-larc-mediterraneen-%f0%9f%93%8d-si\/#primaryimage"},"thumbnailUrl":"https:\/\/meteo-sain-bel.fr\/wp\/wp-content\/uploads\/2025\/06\/514060042_1126897499467869_7432326285559582477_n-R1kDuL.jpg","datePublished":"2025-06-29T16:30:22+00:00","breadcrumb":{"@id":"https:\/\/meteo-sain-bel.fr\/wp\/blog\/on-29-juin-2025-at-16h30-%f0%9f%8c%a1%ef%b8%8f%f0%9f%94%a5-dimanche-caniculaire-en-france-14-stations-ont-passe-le-seuil-des-40c-aujourdhui-sur-larc-mediterraneen-%f0%9f%93%8d-si\/#breadcrumb"},"inLanguage":"fr-FR","potentialAction":[{"@type":"ReadAction","target":["https:\/\/meteo-sain-bel.fr\/wp\/blog\/on-29-juin-2025-at-16h30-%f0%9f%8c%a1%ef%b8%8f%f0%9f%94%a5-dimanche-caniculaire-en-france-14-stations-ont-passe-le-seuil-des-40c-aujourdhui-sur-larc-mediterraneen-%f0%9f%93%8d-si\/"]}]},{"@type":"ImageObject","inLanguage":"fr-FR","@id":"https:\/\/meteo-sain-bel.fr\/wp\/blog\/on-29-juin-2025-at-16h30-%f0%9f%8c%a1%ef%b8%8f%f0%9f%94%a5-dimanche-caniculaire-en-france-14-stations-ont-passe-le-seuil-des-40c-aujourdhui-sur-larc-mediterraneen-%f0%9f%93%8d-si\/#primaryimage","url":"https:\/\/meteo-sain-bel.fr\/wp\/wp-content\/uploads\/2025\/06\/514060042_1126897499467869_7432326285559582477_n-R1kDuL.jpg","contentUrl":"https:\/\/meteo-sain-bel.fr\/wp\/wp-content\/uploads\/2025\/06\/514060042_1126897499467869_7432326285559582477_n-R1kDuL.jpg","width":958,"height":720},{"@type":"BreadcrumbList","@id":"https:\/\/meteo-sain-bel.fr\/wp\/blog\/on-29-juin-2025-at-16h30-%f0%9f%8c%a1%ef%b8%8f%f0%9f%94%a5-dimanche-caniculaire-en-france-14-stations-ont-passe-le-seuil-des-40c-aujourdhui-sur-larc-mediterraneen-%f0%9f%93%8d-si\/#breadcrumb","itemListElement":[{"@type":"ListItem","position":1,"name":"Accueil","item":"https:\/\/meteo-sain-bel.fr\/wp\/"},{"@type":"ListItem","position":2,"name":"on 29 juin 2025 at 16h30 \ud83c\udf21\ufe0f\ud83d\udd25 Dimanche caniculaire en France ! 14 stations ont pass\u00e9 le seuil des 40\u00b0c aujourd&#8217;hui sur l&#8217;arc m\u00e9diterran\u00e9en : \ud83d\udccd SIRAN (34) : 41.8\u00b0C \ud83d\udccd DURBAN-CORBIERES (11) : 41.4\u00b0C \ud83d\udccd ARGELIERS (11) : 41.1\u00b0C \ud83d\udccd StatIC Saint-Nazaire-d&#8217;Aude (11) : 41\u00b0C \ud83d\udccd GROSPIERRES (7) : 40.9\u00b0C \ud83d\udccd LEZIGNAN-CORBIERES (11) : 40.4\u00b0C \ud83d\udccd APT-VITON (84) : 40.3\u00b0C \ud83d\udccd NARBONNE (11) : 40.2\u00b0C \ud83d\udccd SOUMONT (34) : 40.2\u00b0C \ud83d\udccd StatIC Sall\u00e8les-d&#8217;Aude (11) : 40.1\u00b0C \ud83d\udccd ST-LAURENT PAPE (7) : 40.1\u00b0C \ud83d\udccd VINSOBRES (26) : 40.1\u00b0C \ud83d\udccd MOULES-ET-BAUCELS (34) : 40.1\u00b0C \ud83d\udccd PEZENAS-TOURBES (34) : 40\u00b0C"}]},{"@type":"WebSite","@id":"https:\/\/meteo-sain-bel.fr\/wp\/#website","url":"https:\/\/meteo-sain-bel.fr\/wp\/","name":"Meteo Sain-Bel","description":"Station m\u00e9t\u00e9orologique, donn\u00e9es en temps r\u00e9el 24h\/24 et Webcam \u00e0 Sain-Bel (69210) Pays de l\u2019Arbresle, 69 Rh\u00f4ne, France","publisher":{"@id":"https:\/\/meteo-sain-bel.fr\/wp\/#organization"},"alternateName":"Site m\u00e9t\u00e9o de Sain-Bel, Rh\u00f4ne","potentialAction":[{"@type":"SearchAction","target":{"@type":"EntryPoint","urlTemplate":"https:\/\/meteo-sain-bel.fr\/wp\/?s={search_term_string}"},"query-input":{"@type":"PropertyValueSpecification","valueRequired":true,"valueName":"search_term_string"}}],"inLanguage":"fr-FR"},{"@type":"Organization","@id":"https:\/\/meteo-sain-bel.fr\/wp\/#organization","name":"Meteo Sain-Bel","url":"https:\/\/meteo-sain-bel.fr\/wp\/","logo":{"@type":"ImageObject","inLanguage":"fr-FR","@id":"https:\/\/meteo-sain-bel.fr\/wp\/#\/schema\/logo\/image\/","url":"https:\/\/meteo-sain-bel.fr\/wp\/wp-content\/uploads\/2024\/07\/cropped-cropped-Capture-decran-2024-07-13-065002.png","contentUrl":"https:\/\/meteo-sain-bel.fr\/wp\/wp-content\/uploads\/2024\/07\/cropped-cropped-Capture-decran-2024-07-13-065002.png","width":336,"height":283,"caption":"Meteo Sain-Bel"},"image":{"@id":"https:\/\/meteo-sain-bel.fr\/wp\/#\/schema\/logo\/image\/"},"sameAs":["https:\/\/www.facebook.com\/meteosainbel","https:\/\/x.com\/pichej","https:\/\/www.instagram.com\/pichej"]},{"@type":"Person","@id":"https:\/\/meteo-sain-bel.fr\/wp\/#\/schema\/person\/01aaa16bd38fc34093b74f9fe631ce9f","name":"Webmaster Meteo Sain-Bel","image":{"@type":"ImageObject","inLanguage":"fr-FR","@id":"https:\/\/secure.gravatar.com\/avatar\/fbbe8b1b88f3bedc77cf954f56a4f23bb0cac63f504868560f513f1ccb1405ee?s=96&r=g","url":"https:\/\/secure.gravatar.com\/avatar\/fbbe8b1b88f3bedc77cf954f56a4f23bb0cac63f504868560f513f1ccb1405ee?s=96&r=g","contentUrl":"https:\/\/secure.gravatar.com\/avatar\/fbbe8b1b88f3bedc77cf954f56a4f23bb0cac63f504868560f513f1ccb1405ee?s=96&r=g","caption":"Webmaster Meteo Sain-Bel"},"sameAs":["http:\/\/meteo-sain-bel.fr\/wp"],"url":"https:\/\/meteo-sain-bel.fr\/wp\/blog\/author\/admin\/"}]}},"uagb_featured_image_src":{"full":["https:\/\/meteo-sain-bel.fr\/wp\/wp-content\/uploads\/2025\/06\/514060042_1126897499467869_7432326285559582477_n-R1kDuL.jpg",958,720,false],"thumbnail":["https:\/\/meteo-sain-bel.fr\/wp\/wp-content\/uploads\/2025\/06\/514060042_1126897499467869_7432326285559582477_n-R1kDuL-150x150.jpg",150,150,true],"medium":["https:\/\/meteo-sain-bel.fr\/wp\/wp-content\/uploads\/2025\/06\/514060042_1126897499467869_7432326285559582477_n-R1kDuL-300x225.jpg",300,225,true],"medium_large":["https:\/\/meteo-sain-bel.fr\/wp\/wp-content\/uploads\/2025\/06\/514060042_1126897499467869_7432326285559582477_n-R1kDuL-768x577.jpg",768,577,true],"large":["https:\/\/meteo-sain-bel.fr\/wp\/wp-content\/uploads\/2025\/06\/514060042_1126897499467869_7432326285559582477_n-R1kDuL.jpg",958,720,false],"1536x1536":["https:\/\/meteo-sain-bel.fr\/wp\/wp-content\/uploads\/2025\/06\/514060042_1126897499467869_7432326285559582477_n-R1kDuL.jpg",958,720,false],"2048x2048":["https:\/\/meteo-sain-bel.fr\/wp\/wp-content\/uploads\/2025\/06\/514060042_1126897499467869_7432326285559582477_n-R1kDuL.jpg",958,720,false]},"uagb_author_info":{"display_name":"Webmaster Meteo Sain-Bel","author_link":"https:\/\/meteo-sain-bel.fr\/wp\/blog\/author\/admin\/"},"uagb_comment_info":0,"uagb_excerpt":"M\u00e9t\u00e9o\u00a0 Republi\u00e9 via Innoreader Read More \ud83c\udf21\ufe0f\ud83d\udd25 Dimanche caniculaire en France ! 14 stations ont pass\u00e9 le seuil des 40\u00b0c aujourd&#8217;hui sur l&#8217;arc m\u00e9diterran\u00e9en : [&hellip;]","_links":{"self":[{"href":"https:\/\/meteo-sain-bel.fr\/wp\/wp-json\/wp\/v2\/posts\/3789","targetHints":{"allow":["GET"]}}],"collection":[{"href":"https:\/\/meteo-sain-bel.fr\/wp\/wp-json\/wp\/v2\/posts"}],"about":[{"href":"https:\/\/meteo-sain-bel.fr\/wp\/wp-json\/wp\/v2\/types\/post"}],"author":[{"embeddable":true,"href":"https:\/\/meteo-sain-bel.fr\/wp\/wp-json\/wp\/v2\/users\/1"}],"replies":[{"embeddable":true,"href":"https:\/\/meteo-sain-bel.fr\/wp\/wp-json\/wp\/v2\/comments?post=3789"}],"version-history":[{"count":0,"href":"https:\/\/meteo-sain-bel.fr\/wp\/wp-json\/wp\/v2\/posts\/3789\/revisions"}],"wp:featuredmedia":[{"embeddable":true,"href":"https:\/\/meteo-sain-bel.fr\/wp\/wp-json\/wp\/v2\/media\/3790"}],"wp:attachment":[{"href":"https:\/\/meteo-sain-bel.fr\/wp\/wp-json\/wp\/v2\/media?parent=3789"}],"wp:term":[{"taxonomy":"category","embeddable":true,"href":"https:\/\/meteo-sain-bel.fr\/wp\/wp-json\/wp\/v2\/categories?post=3789"},{"taxonomy":"post_tag","embeddable":true,"href":"https:\/\/meteo-sain-bel.fr\/wp\/wp-json\/wp\/v2\/tags?post=3789"}],"curies":[{"name":"wp","href":"https:\/\/api.w.org\/{rel}","templated":true}]}}