{"id":1788,"date":"2024-11-28T16:36:41","date_gmt":"2024-11-28T15:36:41","guid":{"rendered":"https:\/\/meteo-sain-bel.fr\/wp\/blog\/on-28-novembre-2024-at-15h36-froid-et-neige-retour-sur-la-fin-dannee-2010-en-france\/"},"modified":"2024-11-28T16:36:41","modified_gmt":"2024-11-28T15:36:41","slug":"on-28-novembre-2024-at-15h36-froid-et-neige-retour-sur-la-fin-dannee-2010-en-france","status":"publish","type":"post","link":"https:\/\/meteo-sain-bel.fr\/wp\/blog\/on-28-novembre-2024-at-15h36-froid-et-neige-retour-sur-la-fin-dannee-2010-en-france\/","title":{"rendered":"on 28 novembre 2024 at 15h36  Froid et neige\u00a0: retour sur la fin d&#8217;ann\u00e9e 2010 en France"},"content":{"rendered":"<p>M\u00e9t\u00e9o\u00a0 Republi\u00e9 via Innoreader <a href=\"https:\/\/www.meteo-paris.com\/actualites\/froid-et-neige-retour-sur-la-fin-d-annee-2010-en-france\" target=\"_blank\" class=\"feedzy-rss-link-icon\">Read More<\/a><\/p>\n<h2>Une arriv\u00e9e pr\u00e9coce et remarqu\u00e9e de l&#8217;hiver<\/h2>\n<p>La fin d&#8217;ann\u00e9e 2010 fut marqu\u00e9e par un \u00e9pisode de froid durable sur la France, accompagn\u00e9 de chutes de neige r\u00e9currentes et parfois tr\u00e8s abondantes. Alors que la majorit\u00e9 du mois de novembre s&#8217;\u00e9tait montr\u00e9e perturb\u00e9e mais pas particuli\u00e8rement froide sous l&#8217;influence d&#8217;un flux oc\u00e9anique dynamique, la situation a radicalement chang\u00e9 en fin de mois.<\/p>\n<p>\u00a0<\/p>\n<p>\u00c0 partir du 25 novembre, un blocage anticyclonique durable s&#8217;est mis en place entre le Nord de l&#8217;Atlantique et la mer du Nord, tandis que des d\u00e9pressions circulaient entre les A\u00e7ores et l&#8217;Italie, dirigeant un flux de Nord\/Nord-Est froid et humide sur notre pays, un type de temps qui allait persister durant la quasi totalit\u00e9 du mois de d\u00e9cembre 2010.<\/p>\n<p><a href=\"https:\/\/www.meteo-paris.com\/uploads\/actu\/ano%20pression%20dec%202010.png\"><img decoding=\"async\" alt=\"\" src=\"https:\/\/www.meteo-paris.com\/uploads\/actu\/ano%20pression%20dec%202010.png\" \/><\/a><\/p>\n<p><em><strong>Anomalies de pression en Europe au cours du mois de d\u00e9cembre 2010\u00a0<\/strong><\/em>&#8211; via climatereanalyzer.org<\/p>\n<p>\u00a0<\/p>\n<p>L&#8217;air froid a d&#8217;abord envahit la moiti\u00e9 Nord de la France d\u00e8s la matin\u00e9e du 25 novembre, apportant les premi\u00e8res averses de neige sur une large partie Nord du pays. Cet air froid s&#8217;est rapidement propag\u00e9 vers le Sud avec une neige gagnant les plaines de la r\u00e9gion Rh\u00f4ne-Alpes d\u00e8s le lendemain.<\/p>\n<p>\u00a0<\/p>\n<p>Un 2\u00e8me \u00e9pisode neigeux s\u2019\u00e9tait ensuite d\u00e9velopp\u00e9 du P\u00e9rigord au Nord de l\u2019Auvergne en soir\u00e9e du 26 novembre avant de concerner les r\u00e9gions s&#8217;\u00e9tendant du Massif Central aux Alpes, la Bourgogne puis le quart Nord-Est (y compris les plaines avec par exemple 8 cm de neige \u00e0 Beaune) dans la\u00a0journ\u00e9e du samedi 27 novembre\u00a02010.<\/p>\n<p><\/p>\n<p>C&#8217;est n\u00e9anmoins en journ\u00e9e du 28 novembre que le premier \u00e9pisode neigeux majeur de cet \u00e9pisode hivernal fut observ\u00e9 avec la formation d&#8217;un front de neige entre les Pays-de-la-Loire, le Centre, le Sud de l&#8217;\u00cele-de-France et la Champagne. On rel\u00e8ve parfois plus de 20cm de neige sur l&#8217;orl\u00e9annais sur cet \u00e9pisode, un record pour la p\u00e9riode depuis la 2\u00e8me guerre mondiale.<\/p>\n<p><a href=\"https:\/\/www.meteo-paris.com\/uploads\/actu\/neige-orleans-291110.jpg\"><img decoding=\"async\" alt=\"\" src=\"https:\/\/www.meteo-paris.com\/uploads\/actu\/neige-orleans-291110.jpg\" \/><\/a><\/p>\n<p><em><strong>20 \u00e0 30 cm de neige sur Orl\u00e9ans (Loiret) le 29 novembre 2010 au matin<\/strong><\/em>\u00a0&#8211; photo : Robin Richard<\/p>\n<p>\u00a0<\/p>\n<p>Si un temps plus calme s&#8217;impose de nouveau pour la fin du mois, c&#8217;est cette fois-ci le froid qui se montre particuli\u00e8rement marqu\u00e9 pour la p\u00e9riode. Le mardi 30 novembre les temp\u00e9ratures minimales sont parfois extr\u00eamement basses sur les sols enneig\u00e9s. On rel\u00e8ve en effet -16,8\u00b0C \u00e0 Guillon\u00a0(28), -15,3\u00b0C \u00e0 Orl\u00e9ans (45), -13,4\u00b0C \u00e0 Ch\u00e2teaudun, -13\u00b0C \u00e0 Luxeuil (70), -12,6\u00b0C \u00e0 Mulhouse (68), -11,4\u00b0C \u00e0 Blois (41), -11,3\u00b0C \u00e0 Chartres (28).\u00a0Ces temp\u00e9ratures sont les plus basses enregistr\u00e9es en plaine pour un mois de novembre\u00a0!<\/p>\n<p>\u00a0<\/p>\n<h2>Un mois de d\u00e9cembre exceptionnellement neigeux<\/h2>\n<p>Ces conditions froides et perturb\u00e9es vont par la suite persister durant le mois de d\u00e9cembre. Dans la nuit du 30 novembre au 1er d\u00e9cembre, un nouvel \u00e9pisode neigeux concerne la r\u00e9gion Rh\u00f4ne-Alpes avec des accumulations tr\u00e8s importantes jusqu&#8217;en plaine. On rel\u00e8ve par exemple 38 cm \u00e0 Chamb\u00e9ry (o\u00f9 il n\u2019avait jamais autant neig\u00e9 en 24 h), 27 cm \u00e0 Grenoble, 25 cm \u00e0 Lyon Saint-Exup\u00e9ry, 22 cm \u00e0 Amb\u00e9rieu, 17 cm \u00e0 Saint-Etienne, 16 cm \u00e0 Vichy et 8 cm \u00e0 Clermont-Ferrand.<\/p>\n<p><a href=\"https:\/\/www.meteo-paris.com\/uploads\/actu\/neige-chambery-011210.jpg\"><img decoding=\"async\" alt=\"\" src=\"https:\/\/www.meteo-paris.com\/uploads\/actu\/neige-chambery-011210.jpg\" \/><\/a><\/p>\n<p><em><strong>38 cm de neige sont relev\u00e9s \u00e0 Chamb\u00e9ry (73) le 1er d\u00e9cembre 2010\u00a0<\/strong><\/em>&#8211; via infoclimat.fr<\/p>\n<p>\u00a0<\/p>\n<p>Le lendemain, le flux de Nord-Est apportant un air glacial survolant les eaux encore \u00ab\u00a0douces\u00a0\u00bb de la Manche engendre un \u00e9pisode neigeux plus localis\u00e9 mais parfois exceptionnel entre le Nord de la Bretagne et le Cotentin. Cet \u00e9pisode, que l&#8217;on peut qualifier de neige par \u00ab\u00a0effet de lac\u00a0\u00bb, apporte parfois jusqu&#8217;\u00e0 40-60cm de neige sur le Cotentin, engendrant de nombreuses difficult\u00e9s sur le secteur.<\/p>\n<p>\u00a0<\/p>\n<p><a href=\"https:\/\/www.meteo-paris.com\/uploads\/actu\/cotentin-dec10-1.jpg\"><img decoding=\"async\" alt=\"\" src=\"https:\/\/www.meteo-paris.com\/uploads\/actu\/cotentin-dec10-1.jpg\" \/><\/a><\/p>\n<p><em><strong>Environ 60 cm de neige mesur\u00e9s sur le Cotentin d\u00e9but d\u00e9cembre 2010\u00a0<\/strong><\/em>&#8211; via La Presse de la Manche<\/p>\n<p>\u00a0<\/p>\n<p>Apr\u00e8s des temp\u00e9ratures plus fluctuantes, notamment au Sud avec le passage de creux d\u00e9pressionnaires engendrant des redoux parfois notables (de -12 \u00e0 +8\u00b0C \u00e0 Grenoble le 5 d\u00e9cembre par exemple), un conflit de masse d&#8217;air notable se met en place entre le Sud et le Nord du pays. Sous l&#8217;air froid, un \u00e9pisode neigeux marqu\u00e9 concerne les r\u00e9gions allant des Pays-de-la-Loire \u00e0 la Champagne et \u00e0 la Lorraine en passant par l&#8217;\u00cele-de-France.<\/p>\n<p>\u00a0<\/p>\n<p>C&#8217;est sur cette r\u00e9gion que les chutes de neige les plus abondantes sont observ\u00e9es. On mesure jusqu\u2019\u00e0\u00a018 centim\u00e8tres de neige\u00a0vers Meudon et sur le nord de la Seine-et-Marne, 13 cm \u00e0 Trappes ou encore 11 cm \u00e0 Paris-Montsouris. Rapidement, les axes franciliens et la r\u00e9gion conna\u00eet une paralysie routi\u00e8re historique avec jusqu\u2019\u00e0 350 km de bouchons cumul\u00e9s dans et autour de Paris ! Des milliers de salari\u00e9s passent la nuit au bureau ou dans des centres d\u2019h\u00e9bergement tandis que d&#8217;autres doivent abandonner leurs v\u00e9hicules sur un p\u00e9riph\u00e9rique devenu impraticable !<\/p>\n<p><a href=\"https:\/\/www.meteo-paris.com\/uploads\/actu\/tempete-IDF-dec10.jpg\"><img decoding=\"async\" alt=\"\" src=\"https:\/\/www.meteo-paris.com\/uploads\/actu\/tempete-IDF-dec10.jpg\" \/><\/a><\/p>\n<p><em><strong>Paralysie routi\u00e8re suite \u00e0 la neige en \u00cele-de-France le 8 d\u00e9cembre 2010\u00a0<\/strong><\/em>&#8211; via\u00a0chronique M\u00e9t\u00e9o Villes<\/p>\n<p>\u00a0<\/p>\n<p>Apr\u00e8s quelques jours de redoux plus ou moins franc selon les r\u00e9gions, une nouvelle vague de froid concerne la France, s&#8217;accompagnant notamment de plusieurs \u00e9pisodes neigeux successifs. Le 15 d\u00e9cembre au matin, il g\u00e8le sur quasiment toute la France et Nice rel\u00e8ve m\u00eame un record de froid avec pr\u00e8s de 0\u00b0C, le lendemain, on rel\u00e8ve jusqu&#8217;\u00e0 -15\u00b0C \u00e0 Chaumont (51) et -12\u00b0C \u00e0 Nancy (54).<\/p>\n<p>\u00a0<\/p>\n<p>Si quelques chutes de neige sont observ\u00e9es, celles-ci se g\u00e9n\u00e9ralisent \u00e0 partir du 16 d\u00e9cembre. Dans la nuit du 16 au 17 d\u00e9cembre, il tombe 5 \u00e0 10cm de neige sur une partie du Nord-Pas-de-Calais et de la Picardie, 5cm en Haute-Normandie, 1 \u00e0 3cm en \u00cele-de-France, 15 \u00e0 20cm sur le Nord de la Lorraine et 5 \u00e0 10cm sur Rh\u00f4ne-Alpes, la Bourgogne, l&#8217;Auvergne et une partie de Midi-Pyr\u00e9n\u00e9es.<\/p>\n<p>\u00a0<\/p>\n<p>L&#8217;\u00e9pisode neigeux du 19 d\u00e9cembre fut toutefois le plus important, concernant les r\u00e9gions situ\u00e9es au nord de la Loire. Ces chutes de neige parfois abondantes bloquent 6.000 personnes \u00e0 l&#8217;a\u00e9roport de Roissy. Dans certains secteurs comme en Picardie, la couche au sol finit par atteindre\u00a030 \u00e0 40 centim\u00e8tres de neige\u00a0!<\/p>\n<p><a href=\"https:\/\/www.meteo-paris.com\/uploads\/actu\/campeaux-191210.jpg\"><img decoding=\"async\" alt=\"\" src=\"https:\/\/www.meteo-paris.com\/uploads\/actu\/campeaux-191210.jpg\" \/><\/a><\/p>\n<p><em><strong>Pr\u00e8s de 40 cm de neige \u00e0 Campeaux (Oise) le 19 d\u00e9cembre 2010<\/strong><\/em>\u00a0&#8211; via infoclimat.fr<\/p>\n<p>\u00a0<\/p>\n<p>\u00a0<\/p>\n<p>Plusieurs \u00e9pisodes neigeux se succ\u00e9deront les jours suivants, notamment sur le Nord et l&#8217;Est du pays. Le 20 d\u00e9cembre, il tombe 5 \u00e0 15cm de neige suppl\u00e9mentaire de Paris \u00e0 L&#8217;Essone ainsi que du c\u00f4t\u00e9 des Yvelines. Le 23 d\u00e9cembre, des chutes de neige sont observ\u00e9es sur le Sud-Ouest avec 2 \u00e0 5cm entre Bordeaux, P\u00e9rigueux et l\u2019ouest de Midi-Pyr\u00e9n\u00e9es.<\/p>\n<p>\u00a0<\/p>\n<p>Un \u00e9ni\u00e8me \u00e9pisode neigeux, plus g\u00e9n\u00e9ralis\u00e9 se produit le 24 d\u00e9cembre. Le nord-est de la France est le plus touch\u00e9, notamment l&#8217;Alsace et la Lorraine o\u00f9 les chutes de neige se prolongent tout au long de la nuit de No\u00ebl. Le 25 d\u00e9cembre 2010, la couche au sol est souvent de\u00a020 \u00e0 40 cm\u00a0en plaine sur ces r\u00e9gions, o\u00f9 cela faisait 40 ans qu&#8217;on avait plus vu un No\u00ebl aussi enneig\u00e9 ! La station de Strasbourg mesure officiellement\u00a026 cm\u00a0au matin de No\u00ebl ! De nombreux voyageurs restent bloqu\u00e9s dans les a\u00e9roports pour la nuit de No\u00ebl, notamment \u00e0 Roissy o\u00f9 il s\u2019agit d\u2019une situation historique.<\/p>\n<p><a href=\"https:\/\/www.meteo-paris.com\/uploads\/actu\/strasbourg-251210.jpg\"><img decoding=\"async\" alt=\"\" src=\"https:\/\/www.meteo-paris.com\/uploads\/actu\/strasbourg-251210.jpg\" \/><\/a><\/p>\n<p><em><strong>26 cm de neige relev\u00e9s \u00e0 Strasbourg pour le jour de No\u00ebl 2010 <\/strong><\/em>&#8211; via infoclimat.fr<\/p>\n<p>\u00a0<\/p>\n<p>Dans la nuit du 25 au 26 d\u00e9cembre 2010, les minimales sont de nouveau particuli\u00e8rement basses sur de nombreuses r\u00e9gions. Les temp\u00e9ratures descendent jusqu&#8217;\u00e0 -8\/-9\u00b0C en banlieue Parisienne mais on rel\u00e8ve jusqu&#8217;\u00e0 -22,5\u00b0C \u00e0 Buhl-Lorraine (57), -21,6\u00b0C \u00e0 R\u00e9ding (57), -19\u00b0C \u00e0 Langres (52), -18\u00b0C \u00e0 Strasbourg, -16\u00b0C \u00e0 Vichy et Nancy, -13\u00b0C \u00e0 Metz, -12,5\u00b0C \u00e0 Clermont-Ferrand, -12\u00b0C \u00e0 Dijon, -11,5\u00b0C \u00e0 Beauvais et Chartres\u2026<\/p>\n<h2>\n<p>Le mois de d\u00e9cembre le plus froid du 21\u00e8 si\u00e8cle en France<\/p><\/h2>\n<p>Le mois de d\u00e9cembre 2010 a enregistr\u00e9 une anomalie thermique de -2,8\u00b0C \u00e0 l&#8217;\u00e9chelle de la France, ce qui en fait le mois de d\u00e9cembre le plus froid depuis d\u00e9cembre 1969, soit 41 ans auparavant. C&#8217;est notamment sur la moiti\u00e9 Nord que le froid fut le plus marqu\u00e9, le Sud du pays ayant connu quelques journ\u00e9es de redoux plus ou moins marqu\u00e9.<\/p>\n<p>Ainsi, le d\u00e9ficit thermique a souvent atteint -3 \u00e0 -5\u00b0C sur le Nord du pays durant ce mois de d\u00e9cembre et certaines r\u00e9gions comme le Grand-Est et les Hauts-de-France ont m\u00eame enregistr\u00e9 une temp\u00e9rature moyenne n\u00e9gative au cours du mois.<\/p>\n<p><a href=\"https:\/\/www.meteo-paris.com\/uploads\/actu\/temperatures-dec10.png\"><img decoding=\"async\" alt=\"\" src=\"https:\/\/www.meteo-paris.com\/uploads\/actu\/temperatures-dec10.png\" \/><\/a><\/p>\n<p><em><strong>Temp\u00e9ratures moyennes en d\u00e9cembre 2010 et \u00e9cart \u00e0 la normale 1971-2000\u00a0<\/strong><\/em>&#8211; via M\u00e9t\u00e9o France<\/p>\n<p>\u00a0<\/p>\n<p>Dans l&#8217;ensemble toutes les r\u00e9gions fran\u00e7aises ont connu des temp\u00e9ratures tr\u00e8s froides \u00e0 un moment ou un autre durant le mois de d\u00e9cembre et seules certains secteurs du littoral de la C\u00f4te d&#8217;Azur ont pu \u00e9chapper aux gel\u00e9es (notamment entre Nice et Menton). C&#8217;est n\u00e9anmoins sur le Nord et le Nord-Est que ce froid fut le plus glacial avec des minimales descendant plusieurs fois sous les -10\/-15\u00b0C, parfois sous les -20\u00b0C dans les secteurs les plus froids.<\/p>\n<p><a href=\"https:\/\/www.meteo-paris.com\/uploads\/actu\/mini%20decembre%202010.png\"><img decoding=\"async\" alt=\"\" src=\"https:\/\/www.meteo-paris.com\/uploads\/actu\/mini%20decembre%202010.png\" \/><\/a><\/p>\n<p><em><strong>Temp\u00e9ratures minimales mesur\u00e9es au cours du mois de d\u00e9cembre 2010<\/strong><\/em>\u00a0&#8211; M\u00e9t\u00e9o Villes<\/p>\n<p><\/p>\n<p>Retrouvez tous les \u00e9v\u00e9nements m\u00e9t\u00e9orologiques ayant marqu\u00e9 cette fin d&#8217;ann\u00e9e 2010 exceptionnellement hivernale en France dans notre <a href=\"https:\/\/www.meteo-paris.com\/chronique\/annee\/2010_4\">chronique depuis 1850<\/a>, une base de donn\u00e9es unique sur internet\u00a0!<\/p>\n<p>\u00a0<\/p>\n<p>\u00a0<\/p>\n<p><img decoding=\"async\" alt=\"\" src=\"https:\/\/www.meteo-paris.com\/uploads\/twitter-guillaume-sechet.jpg\" \/><img decoding=\"async\" alt=\"\" src=\"https:\/\/www.meteo-paris.com\/uploads\/logotb.jpg\" \/><\/p>","protected":false},"excerpt":{"rendered":"<p>M\u00e9t\u00e9o\u00a0 Republi\u00e9 via Innoreader Read More Une arriv\u00e9e pr\u00e9coce et remarqu\u00e9e de l&#8217;hiver La fin d&#8217;ann\u00e9e 2010 fut marqu\u00e9e par un \u00e9pisode de froid durable [&hellip;]<\/p>\n","protected":false},"author":0,"featured_media":1789,"comment_status":"open","ping_status":"open","sticky":false,"template":"","format":"standard","meta":{"content-type":"","_uag_custom_page_level_css":"","site-sidebar-layout":"default","site-content-layout":"","ast-site-content-layout":"default","site-content-style":"default","site-sidebar-style":"default","ast-global-header-display":"","ast-banner-title-visibility":"","ast-main-header-display":"","ast-hfb-above-header-display":"","ast-hfb-below-header-display":"","ast-hfb-mobile-header-display":"","site-post-title":"","ast-breadcrumbs-content":"","ast-featured-img":"","footer-sml-layout":"","ast-disable-related-posts":"","theme-transparent-header-meta":"","adv-header-id-meta":"","stick-header-meta":"","header-above-stick-meta":"","header-main-stick-meta":"","header-below-stick-meta":"","astra-migrate-meta-layouts":"default","ast-page-background-enabled":"default","ast-page-background-meta":{"desktop":{"background-color":"var(--ast-global-color-4)","background-image":"","background-repeat":"repeat","background-position":"center center","background-size":"auto","background-attachment":"scroll","background-type":"","background-media":"","overlay-type":"","overlay-color":"","overlay-opacity":"","overlay-gradient":""},"tablet":{"background-color":"","background-image":"","background-repeat":"repeat","background-position":"center center","background-size":"auto","background-attachment":"scroll","background-type":"","background-media":"","overlay-type":"","overlay-color":"","overlay-opacity":"","overlay-gradient":""},"mobile":{"background-color":"","background-image":"","background-repeat":"repeat","background-position":"center center","background-size":"auto","background-attachment":"scroll","background-type":"","background-media":"","overlay-type":"","overlay-color":"","overlay-opacity":"","overlay-gradient":""}},"ast-content-background-meta":{"desktop":{"background-color":"var(--ast-global-color-5)","background-image":"","background-repeat":"repeat","background-position":"center center","background-size":"auto","background-attachment":"scroll","background-type":"","background-media":"","overlay-type":"","overlay-color":"","overlay-opacity":"","overlay-gradient":""},"tablet":{"background-color":"var(--ast-global-color-5)","background-image":"","background-repeat":"repeat","background-position":"center center","background-size":"auto","background-attachment":"scroll","background-type":"","background-media":"","overlay-type":"","overlay-color":"","overlay-opacity":"","overlay-gradient":""},"mobile":{"background-color":"var(--ast-global-color-5)","background-image":"","background-repeat":"repeat","background-position":"center center","background-size":"auto","background-attachment":"scroll","background-type":"","background-media":"","overlay-type":"","overlay-color":"","overlay-opacity":"","overlay-gradient":""}},"footnotes":""},"categories":[6],"tags":[],"class_list":["post-1788","post","type-post","status-publish","format-standard","has-post-thumbnail","hentry","category-externes"],"yoast_head":"<!-- This site is optimized with the Yoast SEO plugin v27.5 - https:\/\/yoast.com\/product\/yoast-seo-wordpress\/ -->\n<title>on 28 novembre 2024 at 15h36 Froid et neige\u00a0: retour sur la fin d&#039;ann\u00e9e 2010 en France - Meteo Sain-Bel<\/title>\n<meta name=\"robots\" content=\"index, follow, max-snippet:-1, max-image-preview:large, max-video-preview:-1\" \/>\n<link rel=\"canonical\" href=\"https:\/\/meteo-sain-bel.fr\/wp\/blog\/on-28-novembre-2024-at-15h36-froid-et-neige-retour-sur-la-fin-dannee-2010-en-france\/\" \/>\n<meta property=\"og:locale\" content=\"fr_FR\" \/>\n<meta property=\"og:type\" content=\"article\" \/>\n<meta property=\"og:title\" content=\"on 28 novembre 2024 at 15h36 Froid et neige\u00a0: retour sur la fin d&#039;ann\u00e9e 2010 en France - Meteo Sain-Bel\" \/>\n<meta property=\"og:description\" content=\"M\u00e9t\u00e9o\u00a0 Republi\u00e9 via Innoreader Read More Une arriv\u00e9e pr\u00e9coce et remarqu\u00e9e de l&#8217;hiver La fin d&#8217;ann\u00e9e 2010 fut marqu\u00e9e par un \u00e9pisode de froid durable [&hellip;]\" \/>\n<meta property=\"og:url\" content=\"https:\/\/meteo-sain-bel.fr\/wp\/blog\/on-28-novembre-2024-at-15h36-froid-et-neige-retour-sur-la-fin-dannee-2010-en-france\/\" \/>\n<meta property=\"og:site_name\" content=\"Meteo Sain-Bel\" \/>\n<meta property=\"article:publisher\" content=\"https:\/\/www.facebook.com\/meteosainbel\" \/>\n<meta property=\"article:published_time\" content=\"2024-11-28T15:36:41+00:00\" \/>\n<meta property=\"og:image\" content=\"https:\/\/www.meteo-paris.com\/uploads\/actu\/ano%20pression%20dec%202010.png\" \/>\n<meta name=\"twitter:card\" content=\"summary_large_image\" \/>\n<meta name=\"twitter:creator\" content=\"@pichej\" \/>\n<meta name=\"twitter:site\" content=\"@pichej\" \/>\n<script type=\"application\/ld+json\" class=\"yoast-schema-graph\">{\"@context\":\"https:\\\/\\\/schema.org\",\"@graph\":[{\"@type\":\"Article\",\"@id\":\"https:\\\/\\\/meteo-sain-bel.fr\\\/wp\\\/blog\\\/on-28-novembre-2024-at-15h36-froid-et-neige-retour-sur-la-fin-dannee-2010-en-france\\\/#article\",\"isPartOf\":{\"@id\":\"https:\\\/\\\/meteo-sain-bel.fr\\\/wp\\\/blog\\\/on-28-novembre-2024-at-15h36-froid-et-neige-retour-sur-la-fin-dannee-2010-en-france\\\/\"},\"author\":{\"name\":\"\",\"@id\":\"\"},\"headline\":\"on 28 novembre 2024 at 15h36 Froid et neige\u00a0: retour sur la fin d&#8217;ann\u00e9e 2010 en France\",\"datePublished\":\"2024-11-28T15:36:41+00:00\",\"mainEntityOfPage\":{\"@id\":\"https:\\\/\\\/meteo-sain-bel.fr\\\/wp\\\/blog\\\/on-28-novembre-2024-at-15h36-froid-et-neige-retour-sur-la-fin-dannee-2010-en-france\\\/\"},\"wordCount\":1568,\"commentCount\":0,\"publisher\":{\"@id\":\"https:\\\/\\\/meteo-sain-bel.fr\\\/wp\\\/#organization\"},\"image\":{\"@id\":\"https:\\\/\\\/meteo-sain-bel.fr\\\/wp\\\/blog\\\/on-28-novembre-2024-at-15h36-froid-et-neige-retour-sur-la-fin-dannee-2010-en-france\\\/#primaryimage\"},\"thumbnailUrl\":\"https:\\\/\\\/meteo-sain-bel.fr\\\/wp\\\/wp-content\\\/uploads\\\/2024\\\/11\\\/ano20pression20dec202010-N5aQ9Q.png\",\"articleSection\":[\"Sources Externes\"],\"inLanguage\":\"fr-FR\",\"potentialAction\":[{\"@type\":\"CommentAction\",\"name\":\"Comment\",\"target\":[\"https:\\\/\\\/meteo-sain-bel.fr\\\/wp\\\/blog\\\/on-28-novembre-2024-at-15h36-froid-et-neige-retour-sur-la-fin-dannee-2010-en-france\\\/#respond\"]}]},{\"@type\":\"WebPage\",\"@id\":\"https:\\\/\\\/meteo-sain-bel.fr\\\/wp\\\/blog\\\/on-28-novembre-2024-at-15h36-froid-et-neige-retour-sur-la-fin-dannee-2010-en-france\\\/\",\"url\":\"https:\\\/\\\/meteo-sain-bel.fr\\\/wp\\\/blog\\\/on-28-novembre-2024-at-15h36-froid-et-neige-retour-sur-la-fin-dannee-2010-en-france\\\/\",\"name\":\"on 28 novembre 2024 at 15h36 Froid et neige\u00a0: retour sur la fin d'ann\u00e9e 2010 en France - Meteo Sain-Bel\",\"isPartOf\":{\"@id\":\"https:\\\/\\\/meteo-sain-bel.fr\\\/wp\\\/#website\"},\"primaryImageOfPage\":{\"@id\":\"https:\\\/\\\/meteo-sain-bel.fr\\\/wp\\\/blog\\\/on-28-novembre-2024-at-15h36-froid-et-neige-retour-sur-la-fin-dannee-2010-en-france\\\/#primaryimage\"},\"image\":{\"@id\":\"https:\\\/\\\/meteo-sain-bel.fr\\\/wp\\\/blog\\\/on-28-novembre-2024-at-15h36-froid-et-neige-retour-sur-la-fin-dannee-2010-en-france\\\/#primaryimage\"},\"thumbnailUrl\":\"https:\\\/\\\/meteo-sain-bel.fr\\\/wp\\\/wp-content\\\/uploads\\\/2024\\\/11\\\/ano20pression20dec202010-N5aQ9Q.png\",\"datePublished\":\"2024-11-28T15:36:41+00:00\",\"breadcrumb\":{\"@id\":\"https:\\\/\\\/meteo-sain-bel.fr\\\/wp\\\/blog\\\/on-28-novembre-2024-at-15h36-froid-et-neige-retour-sur-la-fin-dannee-2010-en-france\\\/#breadcrumb\"},\"inLanguage\":\"fr-FR\",\"potentialAction\":[{\"@type\":\"ReadAction\",\"target\":[\"https:\\\/\\\/meteo-sain-bel.fr\\\/wp\\\/blog\\\/on-28-novembre-2024-at-15h36-froid-et-neige-retour-sur-la-fin-dannee-2010-en-france\\\/\"]}]},{\"@type\":\"ImageObject\",\"inLanguage\":\"fr-FR\",\"@id\":\"https:\\\/\\\/meteo-sain-bel.fr\\\/wp\\\/blog\\\/on-28-novembre-2024-at-15h36-froid-et-neige-retour-sur-la-fin-dannee-2010-en-france\\\/#primaryimage\",\"url\":\"https:\\\/\\\/meteo-sain-bel.fr\\\/wp\\\/wp-content\\\/uploads\\\/2024\\\/11\\\/ano20pression20dec202010-N5aQ9Q.png\",\"contentUrl\":\"https:\\\/\\\/meteo-sain-bel.fr\\\/wp\\\/wp-content\\\/uploads\\\/2024\\\/11\\\/ano20pression20dec202010-N5aQ9Q.png\",\"width\":950,\"height\":845},{\"@type\":\"BreadcrumbList\",\"@id\":\"https:\\\/\\\/meteo-sain-bel.fr\\\/wp\\\/blog\\\/on-28-novembre-2024-at-15h36-froid-et-neige-retour-sur-la-fin-dannee-2010-en-france\\\/#breadcrumb\",\"itemListElement\":[{\"@type\":\"ListItem\",\"position\":1,\"name\":\"Accueil\",\"item\":\"https:\\\/\\\/meteo-sain-bel.fr\\\/wp\\\/\"},{\"@type\":\"ListItem\",\"position\":2,\"name\":\"on 28 novembre 2024 at 15h36 Froid et neige\u00a0: retour sur la fin d&#8217;ann\u00e9e 2010 en France\"}]},{\"@type\":\"WebSite\",\"@id\":\"https:\\\/\\\/meteo-sain-bel.fr\\\/wp\\\/#website\",\"url\":\"https:\\\/\\\/meteo-sain-bel.fr\\\/wp\\\/\",\"name\":\"Meteo Sain-Bel\",\"description\":\"Station m\u00e9t\u00e9orologique, donn\u00e9es en temps r\u00e9el 24h\\\/24 et Webcam \u00e0 Sain-Bel (69210) Pays de l\u2019Arbresle, 69 Rh\u00f4ne, France\",\"publisher\":{\"@id\":\"https:\\\/\\\/meteo-sain-bel.fr\\\/wp\\\/#organization\"},\"alternateName\":\"Site m\u00e9t\u00e9o de Sain-Bel, Rh\u00f4ne\",\"potentialAction\":[{\"@type\":\"SearchAction\",\"target\":{\"@type\":\"EntryPoint\",\"urlTemplate\":\"https:\\\/\\\/meteo-sain-bel.fr\\\/wp\\\/?s={search_term_string}\"},\"query-input\":{\"@type\":\"PropertyValueSpecification\",\"valueRequired\":true,\"valueName\":\"search_term_string\"}}],\"inLanguage\":\"fr-FR\"},{\"@type\":\"Organization\",\"@id\":\"https:\\\/\\\/meteo-sain-bel.fr\\\/wp\\\/#organization\",\"name\":\"Meteo Sain-Bel\",\"url\":\"https:\\\/\\\/meteo-sain-bel.fr\\\/wp\\\/\",\"logo\":{\"@type\":\"ImageObject\",\"inLanguage\":\"fr-FR\",\"@id\":\"https:\\\/\\\/meteo-sain-bel.fr\\\/wp\\\/#\\\/schema\\\/logo\\\/image\\\/\",\"url\":\"https:\\\/\\\/meteo-sain-bel.fr\\\/wp\\\/wp-content\\\/uploads\\\/2024\\\/07\\\/cropped-cropped-Capture-decran-2024-07-13-065002.png\",\"contentUrl\":\"https:\\\/\\\/meteo-sain-bel.fr\\\/wp\\\/wp-content\\\/uploads\\\/2024\\\/07\\\/cropped-cropped-Capture-decran-2024-07-13-065002.png\",\"width\":336,\"height\":283,\"caption\":\"Meteo Sain-Bel\"},\"image\":{\"@id\":\"https:\\\/\\\/meteo-sain-bel.fr\\\/wp\\\/#\\\/schema\\\/logo\\\/image\\\/\"},\"sameAs\":[\"https:\\\/\\\/www.facebook.com\\\/meteosainbel\",\"https:\\\/\\\/x.com\\\/pichej\",\"https:\\\/\\\/www.instagram.com\\\/pichej\"]}]}<\/script>\n<!-- \/ Yoast SEO plugin. -->","yoast_head_json":{"title":"on 28 novembre 2024 at 15h36 Froid et neige\u00a0: retour sur la fin d'ann\u00e9e 2010 en France - Meteo Sain-Bel","robots":{"index":"index","follow":"follow","max-snippet":"max-snippet:-1","max-image-preview":"max-image-preview:large","max-video-preview":"max-video-preview:-1"},"canonical":"https:\/\/meteo-sain-bel.fr\/wp\/blog\/on-28-novembre-2024-at-15h36-froid-et-neige-retour-sur-la-fin-dannee-2010-en-france\/","og_locale":"fr_FR","og_type":"article","og_title":"on 28 novembre 2024 at 15h36 Froid et neige\u00a0: retour sur la fin d'ann\u00e9e 2010 en France - Meteo Sain-Bel","og_description":"M\u00e9t\u00e9o\u00a0 Republi\u00e9 via Innoreader Read More Une arriv\u00e9e pr\u00e9coce et remarqu\u00e9e de l&#8217;hiver La fin d&#8217;ann\u00e9e 2010 fut marqu\u00e9e par un \u00e9pisode de froid durable [&hellip;]","og_url":"https:\/\/meteo-sain-bel.fr\/wp\/blog\/on-28-novembre-2024-at-15h36-froid-et-neige-retour-sur-la-fin-dannee-2010-en-france\/","og_site_name":"Meteo Sain-Bel","article_publisher":"https:\/\/www.facebook.com\/meteosainbel","article_published_time":"2024-11-28T15:36:41+00:00","og_image":[{"url":"https:\/\/www.meteo-paris.com\/uploads\/actu\/ano%20pression%20dec%202010.png","type":"","width":"","height":""}],"twitter_card":"summary_large_image","twitter_creator":"@pichej","twitter_site":"@pichej","schema":{"@context":"https:\/\/schema.org","@graph":[{"@type":"Article","@id":"https:\/\/meteo-sain-bel.fr\/wp\/blog\/on-28-novembre-2024-at-15h36-froid-et-neige-retour-sur-la-fin-dannee-2010-en-france\/#article","isPartOf":{"@id":"https:\/\/meteo-sain-bel.fr\/wp\/blog\/on-28-novembre-2024-at-15h36-froid-et-neige-retour-sur-la-fin-dannee-2010-en-france\/"},"author":{"name":"","@id":""},"headline":"on 28 novembre 2024 at 15h36 Froid et neige\u00a0: retour sur la fin d&#8217;ann\u00e9e 2010 en France","datePublished":"2024-11-28T15:36:41+00:00","mainEntityOfPage":{"@id":"https:\/\/meteo-sain-bel.fr\/wp\/blog\/on-28-novembre-2024-at-15h36-froid-et-neige-retour-sur-la-fin-dannee-2010-en-france\/"},"wordCount":1568,"commentCount":0,"publisher":{"@id":"https:\/\/meteo-sain-bel.fr\/wp\/#organization"},"image":{"@id":"https:\/\/meteo-sain-bel.fr\/wp\/blog\/on-28-novembre-2024-at-15h36-froid-et-neige-retour-sur-la-fin-dannee-2010-en-france\/#primaryimage"},"thumbnailUrl":"https:\/\/meteo-sain-bel.fr\/wp\/wp-content\/uploads\/2024\/11\/ano20pression20dec202010-N5aQ9Q.png","articleSection":["Sources Externes"],"inLanguage":"fr-FR","potentialAction":[{"@type":"CommentAction","name":"Comment","target":["https:\/\/meteo-sain-bel.fr\/wp\/blog\/on-28-novembre-2024-at-15h36-froid-et-neige-retour-sur-la-fin-dannee-2010-en-france\/#respond"]}]},{"@type":"WebPage","@id":"https:\/\/meteo-sain-bel.fr\/wp\/blog\/on-28-novembre-2024-at-15h36-froid-et-neige-retour-sur-la-fin-dannee-2010-en-france\/","url":"https:\/\/meteo-sain-bel.fr\/wp\/blog\/on-28-novembre-2024-at-15h36-froid-et-neige-retour-sur-la-fin-dannee-2010-en-france\/","name":"on 28 novembre 2024 at 15h36 Froid et neige\u00a0: retour sur la fin d'ann\u00e9e 2010 en France - Meteo Sain-Bel","isPartOf":{"@id":"https:\/\/meteo-sain-bel.fr\/wp\/#website"},"primaryImageOfPage":{"@id":"https:\/\/meteo-sain-bel.fr\/wp\/blog\/on-28-novembre-2024-at-15h36-froid-et-neige-retour-sur-la-fin-dannee-2010-en-france\/#primaryimage"},"image":{"@id":"https:\/\/meteo-sain-bel.fr\/wp\/blog\/on-28-novembre-2024-at-15h36-froid-et-neige-retour-sur-la-fin-dannee-2010-en-france\/#primaryimage"},"thumbnailUrl":"https:\/\/meteo-sain-bel.fr\/wp\/wp-content\/uploads\/2024\/11\/ano20pression20dec202010-N5aQ9Q.png","datePublished":"2024-11-28T15:36:41+00:00","breadcrumb":{"@id":"https:\/\/meteo-sain-bel.fr\/wp\/blog\/on-28-novembre-2024-at-15h36-froid-et-neige-retour-sur-la-fin-dannee-2010-en-france\/#breadcrumb"},"inLanguage":"fr-FR","potentialAction":[{"@type":"ReadAction","target":["https:\/\/meteo-sain-bel.fr\/wp\/blog\/on-28-novembre-2024-at-15h36-froid-et-neige-retour-sur-la-fin-dannee-2010-en-france\/"]}]},{"@type":"ImageObject","inLanguage":"fr-FR","@id":"https:\/\/meteo-sain-bel.fr\/wp\/blog\/on-28-novembre-2024-at-15h36-froid-et-neige-retour-sur-la-fin-dannee-2010-en-france\/#primaryimage","url":"https:\/\/meteo-sain-bel.fr\/wp\/wp-content\/uploads\/2024\/11\/ano20pression20dec202010-N5aQ9Q.png","contentUrl":"https:\/\/meteo-sain-bel.fr\/wp\/wp-content\/uploads\/2024\/11\/ano20pression20dec202010-N5aQ9Q.png","width":950,"height":845},{"@type":"BreadcrumbList","@id":"https:\/\/meteo-sain-bel.fr\/wp\/blog\/on-28-novembre-2024-at-15h36-froid-et-neige-retour-sur-la-fin-dannee-2010-en-france\/#breadcrumb","itemListElement":[{"@type":"ListItem","position":1,"name":"Accueil","item":"https:\/\/meteo-sain-bel.fr\/wp\/"},{"@type":"ListItem","position":2,"name":"on 28 novembre 2024 at 15h36 Froid et neige\u00a0: retour sur la fin d&#8217;ann\u00e9e 2010 en France"}]},{"@type":"WebSite","@id":"https:\/\/meteo-sain-bel.fr\/wp\/#website","url":"https:\/\/meteo-sain-bel.fr\/wp\/","name":"Meteo Sain-Bel","description":"Station m\u00e9t\u00e9orologique, donn\u00e9es en temps r\u00e9el 24h\/24 et Webcam \u00e0 Sain-Bel (69210) Pays de l\u2019Arbresle, 69 Rh\u00f4ne, France","publisher":{"@id":"https:\/\/meteo-sain-bel.fr\/wp\/#organization"},"alternateName":"Site m\u00e9t\u00e9o de Sain-Bel, Rh\u00f4ne","potentialAction":[{"@type":"SearchAction","target":{"@type":"EntryPoint","urlTemplate":"https:\/\/meteo-sain-bel.fr\/wp\/?s={search_term_string}"},"query-input":{"@type":"PropertyValueSpecification","valueRequired":true,"valueName":"search_term_string"}}],"inLanguage":"fr-FR"},{"@type":"Organization","@id":"https:\/\/meteo-sain-bel.fr\/wp\/#organization","name":"Meteo Sain-Bel","url":"https:\/\/meteo-sain-bel.fr\/wp\/","logo":{"@type":"ImageObject","inLanguage":"fr-FR","@id":"https:\/\/meteo-sain-bel.fr\/wp\/#\/schema\/logo\/image\/","url":"https:\/\/meteo-sain-bel.fr\/wp\/wp-content\/uploads\/2024\/07\/cropped-cropped-Capture-decran-2024-07-13-065002.png","contentUrl":"https:\/\/meteo-sain-bel.fr\/wp\/wp-content\/uploads\/2024\/07\/cropped-cropped-Capture-decran-2024-07-13-065002.png","width":336,"height":283,"caption":"Meteo Sain-Bel"},"image":{"@id":"https:\/\/meteo-sain-bel.fr\/wp\/#\/schema\/logo\/image\/"},"sameAs":["https:\/\/www.facebook.com\/meteosainbel","https:\/\/x.com\/pichej","https:\/\/www.instagram.com\/pichej"]}]}},"uagb_featured_image_src":{"full":["https:\/\/meteo-sain-bel.fr\/wp\/wp-content\/uploads\/2024\/11\/ano20pression20dec202010-N5aQ9Q.png",950,845,false],"thumbnail":["https:\/\/meteo-sain-bel.fr\/wp\/wp-content\/uploads\/2024\/11\/ano20pression20dec202010-N5aQ9Q-150x150.png",150,150,true],"medium":["https:\/\/meteo-sain-bel.fr\/wp\/wp-content\/uploads\/2024\/11\/ano20pression20dec202010-N5aQ9Q-300x267.png",300,267,true],"medium_large":["https:\/\/meteo-sain-bel.fr\/wp\/wp-content\/uploads\/2024\/11\/ano20pression20dec202010-N5aQ9Q-768x683.png",768,683,true],"large":["https:\/\/meteo-sain-bel.fr\/wp\/wp-content\/uploads\/2024\/11\/ano20pression20dec202010-N5aQ9Q.png",950,845,false],"1536x1536":["https:\/\/meteo-sain-bel.fr\/wp\/wp-content\/uploads\/2024\/11\/ano20pression20dec202010-N5aQ9Q.png",950,845,false],"2048x2048":["https:\/\/meteo-sain-bel.fr\/wp\/wp-content\/uploads\/2024\/11\/ano20pression20dec202010-N5aQ9Q.png",950,845,false]},"uagb_author_info":{"display_name":"","author_link":"https:\/\/meteo-sain-bel.fr\/wp\/blog\/author\/"},"uagb_comment_info":0,"uagb_excerpt":"M\u00e9t\u00e9o\u00a0 Republi\u00e9 via Innoreader Read More Une arriv\u00e9e pr\u00e9coce et remarqu\u00e9e de l&#8217;hiver La fin d&#8217;ann\u00e9e 2010 fut marqu\u00e9e par un \u00e9pisode de froid durable [&hellip;]","_links":{"self":[{"href":"https:\/\/meteo-sain-bel.fr\/wp\/wp-json\/wp\/v2\/posts\/1788","targetHints":{"allow":["GET"]}}],"collection":[{"href":"https:\/\/meteo-sain-bel.fr\/wp\/wp-json\/wp\/v2\/posts"}],"about":[{"href":"https:\/\/meteo-sain-bel.fr\/wp\/wp-json\/wp\/v2\/types\/post"}],"replies":[{"embeddable":true,"href":"https:\/\/meteo-sain-bel.fr\/wp\/wp-json\/wp\/v2\/comments?post=1788"}],"version-history":[{"count":0,"href":"https:\/\/meteo-sain-bel.fr\/wp\/wp-json\/wp\/v2\/posts\/1788\/revisions"}],"wp:featuredmedia":[{"embeddable":true,"href":"https:\/\/meteo-sain-bel.fr\/wp\/wp-json\/wp\/v2\/media\/1789"}],"wp:attachment":[{"href":"https:\/\/meteo-sain-bel.fr\/wp\/wp-json\/wp\/v2\/media?parent=1788"}],"wp:term":[{"taxonomy":"category","embeddable":true,"href":"https:\/\/meteo-sain-bel.fr\/wp\/wp-json\/wp\/v2\/categories?post=1788"},{"taxonomy":"post_tag","embeddable":true,"href":"https:\/\/meteo-sain-bel.fr\/wp\/wp-json\/wp\/v2\/tags?post=1788"}],"curies":[{"name":"wp","href":"https:\/\/api.w.org\/{rel}","templated":true}]}}